{"id":58963,"date":"2023-04-25T14:12:33","date_gmt":"2023-04-25T14:12:33","guid":{"rendered":"https:\/\/www.espinof.com\/trailers\/the-witcher-netflix-lanza-vibrante-trailer-temporada-3-pone-fecha-estreno-al-adios-henry-cavill-como-geralt-rivia"},"modified":"2023-04-25T14:12:33","modified_gmt":"2023-04-25T14:12:33","slug":"the-witcher-netflix-lanza-el-vibrante-trailer-de-la-temporada-3-y-pone-fecha-de-estreno-al-adios-de-henry-cavill-como-geralt-de-rivia","status":"publish","type":"post","link":"http:\/\/hoycordobaweb.com\/index.php\/2023\/04\/25\/the-witcher-netflix-lanza-el-vibrante-trailer-de-la-temporada-3-y-pone-fecha-de-estreno-al-adios-de-henry-cavill-como-geralt-de-rivia\/","title":{"rendered":"&#8216;The Witcher&#8217;: Netflix lanza el vibrante tr\u00e1iler de la temporada 3 y pone fecha de estreno al adi\u00f3s de Henry Cavill como Geralt de Rivia"},"content":{"rendered":"<p>Netflix acaba de presentar en sociedad <a href=\"https:\/\/www.espinof.com\/fecha-de-estreno\/the-witcher-todo-que-sabemos-temporada-3-serie-netflix-henry-cavill\">la temporada 3 de &#8216;The Witcher&#8217;<\/a> con el lanzamiento de su <strong>vibrante tr\u00e1iler<\/strong>. Adem\u00e1s, la plataforma ya ha puesto fecha a la de <strong>Henry Cavill<\/strong> como Geralt de Rivia: el <strong>27 de julio de 2023<\/strong>. Ese d\u00eda se estrenar\u00e1 el Volumen 2 de esta tercera temporada, pero los primeros episodios de la misma podremos verlos a partir del <strong>29 de junio<\/strong>.<\/p>\n<p><!-- BREAK 1 --><\/p>\n<p>Recordemos que la inesperada marcha de Cavill <a href=\"https:\/\/www.espinof.com\/series-de-ficcion\/henry-cavill-abandona-the-witcher-sorpresa-anuncia-quien-sera-su-sustituto-temporada-4-serie-tendra-a-liam-hemsworth-como-nuevo-geralt-rivia\">se anunci\u00f3<\/a> a finales del pasado mes de octubre, desvel\u00e1ndose ya entonces que <strong>Liam Hemsworth<\/strong> iba a ser su sustituto a partir de la cuarta temporada. Est\u00e1 por ver que eso vaya a explicarse de alguna forma en la serie, pero muy raro ser\u00eda que no lo hiciesen de alguna forma.<\/p>\n<p><!-- BREAK 2 --> <\/p>\n<h2>El monstruo m\u00e1s temible para Geralt<\/h2>\n<div class=\"article-asset-image article-asset-normal article-asset-center\">\n<div class=\"asset-content\">\n<div class=\"base-wrapper-image\"> <img class=\"sf-lazy centro_sinmarco\" src=\"http:\/\/hoycordobaweb.com\/wp-content\/uploads\/2023\/04\/the-witcher-netflix-lanza-el-vibrante-trailer-de-la-temporada-3-y-pone-fecha-de-estreno-al-adios-de-henry-cavill-como-geralt-de-rivia.gif\" data-sf-srcset=\"http:\/\/hoycordobaweb.com\/wp-content\/uploads\/2023\/04\/the-witcher-netflix-lanza-el-vibrante-trailer-de-la-temporada-3-y-pone-fecha-de-estreno-al-adios-de-henry-cavill-como-geralt-de-rivia.jpg 450w, http:\/\/hoycordobaweb.com\/wp-content\/uploads\/2023\/04\/the-witcher-netflix-lanza-el-vibrante-trailer-de-la-temporada-3-y-pone-fecha-de-estreno-al-adios-de-henry-cavill-como-geralt-de-rivia-2.jpg 681w,http:\/\/hoycordobaweb.com\/wp-content\/uploads\/2023\/04\/the-witcher-netflix-lanza-el-vibrante-trailer-de-la-temporada-3-y-pone-fecha-de-estreno-al-adios-de-henry-cavill-como-geralt-de-rivia-3.jpg 1024w, http:\/\/hoycordobaweb.com\/wp-content\/uploads\/2023\/04\/the-witcher-netflix-lanza-el-vibrante-trailer-de-la-temporada-3-y-pone-fecha-de-estreno-al-adios-de-henry-cavill-como-geralt-de-rivia-4.jpg 1366w,\" data-sf-src=\"http:\/\/hoycordobaweb.com\/wp-content\/uploads\/2023\/04\/the-witcher-netflix-lanza-el-vibrante-trailer-de-la-temporada-3-y-pone-fecha-de-estreno-al-adios-de-henry-cavill-como-geralt-de-rivia.jpg\" alt=\"The Witcher Cartel Temporada 3\"> <noscript><img alt=\"The Witcher Cartel Temporada 3\" class=\"centro_sinmarco\" src=\"http:\/\/hoycordobaweb.com\/wp-content\/uploads\/2023\/04\/the-witcher-netflix-lanza-el-vibrante-trailer-de-la-temporada-3-y-pone-fecha-de-estreno-al-adios-de-henry-cavill-como-geralt-de-rivia.jpg\"><\/noscript> <\/div><\/div>\n<\/div>\n<p>Junto a Cavill volveremos a encontrar aqu\u00ed a <strong>Freya Allan <\/strong>como Ciri y a <strong>Anya Chalotra<\/strong> como Yennefer. De hecho, este breve adelanto gira alrededor de ellos, con los tres protagonistas busc\u00e1ndose mutuamente, llamando tambi\u00e9n la atenci\u00f3n una frase de Geralt sobre su encuentro con un monstruo que supuso la primera vez que conoci\u00f3 el miedo.<\/p>\n<p><!-- BREAK 3 --><\/p>\n<div class=\"article-asset article-asset-normal article-asset-center\">\n<div class=\"desvio-container\">\n<div class=\"desvio\">\n<div class=\"desvio-figure js-desvio-figure\"> <a href=\"https:\/\/www.espinof.com\/series-de-ficcion\/creador-the-witcher-da-su-opinion-sincera-serie-netflix-henry-cavill-no-demasiado-buena\"> <img alt=\"El creador de 'The Witcher' da su opini\u00f3n sincera sobre la serie de Netflix con Henry Cavill (y no es demasiado buena) \" src=\"http:\/\/hoycordobaweb.com\/wp-content\/uploads\/2023\/04\/the-witcher-netflix-lanza-el-vibrante-trailer-de-la-temporada-3-y-pone-fecha-de-estreno-al-adios-de-henry-cavill-como-geralt-de-rivia-1.jpg\"> <\/a> <\/div><\/div><\/div>\n<\/div>\n<p>Las grandes novedades ya confirmadas de esta temporada 3 de &#8216;The Witcher&#8217; son las incorporaciones al reparto de <strong>Meng&#8217;er Zhang<\/strong> como Milva, <strong>Robbie Amell<\/strong> como Gallatin, <strong>Hugh Skinne<\/strong>r como Radovid, <strong>Christelle Elwin<\/strong> como Mistle y <strong>Hiftu Quasem<\/strong> como Falka, un antepasado de Ciri que ya sido mencionado con anterioridad en la serie.<\/p>\n<p><!-- BREAK 4 --><\/p>\n<p>En Espinof | <a href=\"https:\/\/www.espinof.com\/listas\/mejores-series-netflix-2023\">Las mejores series de Netflix en 2023 (por ahora)<\/a><\/p>\n<p><!-- BREAK 5 --> <\/p>\n","protected":false},"excerpt":{"rendered":"<p>Netflix acaba de presentar en sociedad la temporada 3 de &#8216;The Witcher&#8217; con el lanzamiento de su vibrante tr\u00e1iler. Adem\u00e1s, la plataforma ya ha puesto fecha a la de Henry Cavill como Geralt de Rivia: el 27 de julio de 2023. Ese d\u00eda se estrenar\u00e1 el Volumen 2 de esta tercera temporada, pero los primeros [&hellip;]<\/p>\n","protected":false},"author":1,"featured_media":58964,"comment_status":"open","ping_status":"closed","sticky":false,"template":"","format":"standard","meta":[],"categories":[10],"tags":[],"_links":{"self":[{"href":"http:\/\/hoycordobaweb.com\/index.php\/wp-json\/wp\/v2\/posts\/58963"}],"collection":[{"href":"http:\/\/hoycordobaweb.com\/index.php\/wp-json\/wp\/v2\/posts"}],"about":[{"href":"http:\/\/hoycordobaweb.com\/index.php\/wp-json\/wp\/v2\/types\/post"}],"author":[{"embeddable":true,"href":"http:\/\/hoycordobaweb.com\/index.php\/wp-json\/wp\/v2\/users\/1"}],"replies":[{"embeddable":true,"href":"http:\/\/hoycordobaweb.com\/index.php\/wp-json\/wp\/v2\/comments?post=58963"}],"version-history":[{"count":0,"href":"http:\/\/hoycordobaweb.com\/index.php\/wp-json\/wp\/v2\/posts\/58963\/revisions"}],"wp:featuredmedia":[{"embeddable":true,"href":"http:\/\/hoycordobaweb.com\/index.php\/wp-json\/wp\/v2\/media\/58964"}],"wp:attachment":[{"href":"http:\/\/hoycordobaweb.com\/index.php\/wp-json\/wp\/v2\/media?parent=58963"}],"wp:term":[{"taxonomy":"category","embeddable":true,"href":"http:\/\/hoycordobaweb.com\/index.php\/wp-json\/wp\/v2\/categories?post=58963"},{"taxonomy":"post_tag","embeddable":true,"href":"http:\/\/hoycordobaweb.com\/index.php\/wp-json\/wp\/v2\/tags?post=58963"}],"curies":[{"name":"wp","href":"https:\/\/api.w.org\/{rel}","templated":true}]}}