{"id":58950,"date":"2023-04-19T14:46:44","date_gmt":"2023-04-19T14:46:44","guid":{"rendered":"https:\/\/www.trendencias.com\/marcas\/estos-siete-vestidos-tops-pantalones-chaquetas-zara-que-veremos-street-style-esta-primavera"},"modified":"2023-04-19T14:46:44","modified_gmt":"2023-04-19T14:46:44","slug":"estos-son-los-siete-vestidos-tops-pantalones-y-chaquetas-de-zara-que-mas-veremos-en-el-street-style-esta-primavera","status":"publish","type":"post","link":"http:\/\/hoycordobaweb.com\/index.php\/2023\/04\/19\/estos-son-los-siete-vestidos-tops-pantalones-y-chaquetas-de-zara-que-mas-veremos-en-el-street-style-esta-primavera\/","title":{"rendered":"Estos son los siete vestidos, tops, pantalones y chaquetas de Zara que m\u00e1s veremos en el street style esta primavera"},"content":{"rendered":"<p>A pesar de que cada temporada aparezcan decenas de tendencias, siempre hay varias que destacan por encima de las dem\u00e1s. Esta <a href=\"https:\/\/www.trendencias.com\/tendencias\/novedades-zara-para-esta-primavera-apuestan-tendencia-fuerte-temporada-estas-siete-prendas-van-a-volar\">Primavera-Verano 2023 el tejido denim invade nuestro armario<\/a>, y no solo en forma de <strong>pantalones vaqueros<\/strong>. Chaquetas, tops, vestido, faldas, bolsos e incluso <a href=\"https:\/\/www.trendencias.com\/zapatos-mujer\/zara-stradivarius-bershka-tienen-sandalias-que-seran-tendencia-esta-primavera-verano-2023\">sandalias se visten en este tejido<\/a> tan de toda la vida. Como no pod\u00eda ser de otra manera, en la <a href=\"https:\/\/www.trendencias.com\/marcas\/vestidos-pantalones-blusas-faldas-complementos-bonitos-novedades-zara-mujer\">nueva colecci\u00f3n de Zara<\/a> encontramos muchas opciones que siguen esta \u201cnueva\u201d moda, pero son estas siete prendas las que posiblemente <strong>m\u00e1s veremos en el street style<\/strong>.<\/p>\n<p><!-- BREAK 1 --><\/p>\n<div class=\"article-asset article-asset-normal article-asset-center\">\n<div class=\"desvio-container\">\n<div class=\"desvio\">\n<div class=\"desvio-figure js-desvio-figure\"> <a href=\"https:\/\/www.trendencias.com\/vestidos\/zara-tiene-vestidos-frescos-que-no-marcan-que-anadiran-comodidad-a-nuestros-dias-verano\"> <img alt=\"Zara tiene los vestidos m\u00e1s frescos que no marcan que a\u00f1adir\u00e1n comodidad a nuestros d\u00edas de verano \" src=\"http:\/\/hoycordobaweb.com\/wp-content\/uploads\/2023\/04\/estos-son-los-siete-vestidos-tops-pantalones-y-chaquetas-de-zara-que-mas-veremos-en-el-street-style-esta-primavera.jpg\"> <\/a> <\/div><\/div><\/div>\n<\/div>\n<div class=\"video-boost-container article-asset-normal\"> <span class=\"video-boost-title\">zara-studio-2021<\/span>\n<\/div>\n<h2>Siete vestidos, tops, pantalones y chaquetas de Zara que arrasar\u00e1n esta primavera<\/h2>\n<p>Dicen que quien no corre vuela, y qui\u00e9n avisa\u2026 no es traidor. Por ello os avisamos que estas prendas denim podr\u00edan arrasar en el street style estas pr\u00f3ximas semanas y agotarse a los pocos d\u00edas.<\/p>\n<p><!-- BREAK 2 --> <\/p>\n<h3>Total looks que transforman el famoso Canadian Tuxedo<\/h3>\n<p>Por m\u00e1s que pasen los a\u00f1os, el Canadian Tuxedo siempre acaba gustando. Esta Primavera-Verano 2023 la firma espa\u00f1ola transforma ese concepto con piezas repletas de estilo y diferentes. En forma de <a href=\"https:\/\/www.zara.com\/es\/es\/top-denim-trf-patchwork-p06688003.html?v1=238697339&amp;v2=2184058\">top de cuello redondo<\/a> y acabados sin costura, el conjunto gana fuerza y personalidad con esta <a href=\"https:\/\/www.zara.com\/es\/es\/falda-denim-trf-patchwork-p08197035.html?v1=239997822&amp;v2=2184058\">falda midi de tiro medio<\/a>.<\/p>\n<p><!-- BREAK 3 --><\/p>\n<div class=\"article-asset-image article-asset-normal article-asset-center\">\n<div class=\"asset-content\">\n<div class=\"base-wrapper-image\"> <img class=\"sf-lazy centro_sinmarco\" data-sf-srcset=\"http:\/\/hoycordobaweb.com\/wp-content\/uploads\/2023\/04\/estos-son-los-siete-vestidos-tops-pantalones-y-chaquetas-de-zara-que-mas-veremos-en-el-street-style-esta-primavera-1.jpg 450w, http:\/\/hoycordobaweb.com\/wp-content\/uploads\/2023\/04\/estos-son-los-siete-vestidos-tops-pantalones-y-chaquetas-de-zara-que-mas-veremos-en-el-street-style-esta-primavera-7.jpg 681w,http:\/\/hoycordobaweb.com\/wp-content\/uploads\/2023\/04\/estos-son-los-siete-vestidos-tops-pantalones-y-chaquetas-de-zara-que-mas-veremos-en-el-street-style-esta-primavera-8.jpg 1024w, http:\/\/hoycordobaweb.com\/wp-content\/uploads\/2023\/04\/estos-son-los-siete-vestidos-tops-pantalones-y-chaquetas-de-zara-que-mas-veremos-en-el-street-style-esta-primavera-9.jpg 1366w,\" data-sf-src=\"http:\/\/hoycordobaweb.com\/wp-content\/uploads\/2023\/04\/estos-son-los-siete-vestidos-tops-pantalones-y-chaquetas-de-zara-que-mas-veremos-en-el-street-style-esta-primavera-1.jpg\" alt=\"Zara Tendencia Primavera Verano 2023 Denim 02\"> <noscript><img alt=\"Zara Tendencia Primavera Verano 2023 Denim 02\" class=\"centro_sinmarco\" src=\"http:\/\/hoycordobaweb.com\/wp-content\/uploads\/2023\/04\/estos-son-los-siete-vestidos-tops-pantalones-y-chaquetas-de-zara-que-mas-veremos-en-el-street-style-esta-primavera-1.jpg\"><\/noscript> <\/div><\/div>\n<\/div>\n<p>Aunque si buscamos algo diferente, este <a href=\"https:\/\/www.zara.com\/es\/es\/top-denim-trf-patchwork-p06045007.html?v1=266286527&amp;v2=2184058\">top de escote cuadrado<\/a> y tirantes de estilo cors\u00e9 llega con la intenci\u00f3n de combinar con todo nuestro fondo de armario. Aunque adoramos como combinan con estos <a href=\"https:\/\/www.zara.com\/es\/es\/jeans-boyfriend-trf-patchwork-tiro-bajo-p06688009.html?v1=241697185&amp;v2=2184058\">pantalones vaqueros estilo boyfriend de tiro bajo<\/a> con bolsillos laterales.<\/p>\n<p><!-- BREAK 4 --><\/p>\n<div class=\"article-asset-image article-asset-normal article-asset-center\">\n<div class=\"asset-content\">\n<div class=\"base-wrapper-image\"> <img class=\"sf-lazy centro_sinmarco\" data-sf-srcset=\"http:\/\/hoycordobaweb.com\/wp-content\/uploads\/2023\/04\/estos-son-los-siete-vestidos-tops-pantalones-y-chaquetas-de-zara-que-mas-veremos-en-el-street-style-esta-primavera-2.jpg 450w, http:\/\/hoycordobaweb.com\/wp-content\/uploads\/2023\/04\/estos-son-los-siete-vestidos-tops-pantalones-y-chaquetas-de-zara-que-mas-veremos-en-el-street-style-esta-primavera-10.jpg 681w,http:\/\/hoycordobaweb.com\/wp-content\/uploads\/2023\/04\/estos-son-los-siete-vestidos-tops-pantalones-y-chaquetas-de-zara-que-mas-veremos-en-el-street-style-esta-primavera-11.jpg 1024w, http:\/\/hoycordobaweb.com\/wp-content\/uploads\/2023\/04\/estos-son-los-siete-vestidos-tops-pantalones-y-chaquetas-de-zara-que-mas-veremos-en-el-street-style-esta-primavera-12.jpg 1366w,\" data-sf-src=\"http:\/\/hoycordobaweb.com\/wp-content\/uploads\/2023\/04\/estos-son-los-siete-vestidos-tops-pantalones-y-chaquetas-de-zara-que-mas-veremos-en-el-street-style-esta-primavera-2.jpg\" alt=\"Zara Tendencia Primavera Verano 2023 Denim 01\"> <noscript><img alt=\"Zara Tendencia Primavera Verano 2023 Denim 01\" class=\"centro_sinmarco\" src=\"http:\/\/hoycordobaweb.com\/wp-content\/uploads\/2023\/04\/estos-son-los-siete-vestidos-tops-pantalones-y-chaquetas-de-zara-que-mas-veremos-en-el-street-style-esta-primavera-2.jpg\"><\/noscript> <\/div><\/div>\n<\/div>\n<h3>Prendas denim que marcar\u00e1n la diferencia<\/h3>\n<p>Pero no solo de <em>total looks<\/em> se llena la nueva colecci\u00f3n de Zara. La marca sabe como marcar la diferencia con piezas \u00abcl\u00e1sicas\u00bb y estos <a href=\"https:\/\/www.zara.com\/es\/es\/jeans-wide-leg-trf-patchwork-tiro-medio-p06045008.html?v1=241697266&amp;v2=2184058\">pantalones vaqueros anchos de tiro medio<\/a> son un ejemplo. Diferentes, actuales y c\u00f3modos, este dise\u00f1o es una oda a la versatilidad.<\/p>\n<p><!-- BREAK 5 --><\/p>\n<div class=\"article-asset-image article-asset-normal article-asset-center\">\n<div class=\"asset-content\">\n<div class=\"base-wrapper-image\"> <img class=\"sf-lazy centro_sinmarco\" data-sf-srcset=\"http:\/\/hoycordobaweb.com\/wp-content\/uploads\/2023\/04\/estos-son-los-siete-vestidos-tops-pantalones-y-chaquetas-de-zara-que-mas-veremos-en-el-street-style-esta-primavera-3.jpg 450w, http:\/\/hoycordobaweb.com\/wp-content\/uploads\/2023\/04\/estos-son-los-siete-vestidos-tops-pantalones-y-chaquetas-de-zara-que-mas-veremos-en-el-street-style-esta-primavera-13.jpg 681w,http:\/\/hoycordobaweb.com\/wp-content\/uploads\/2023\/04\/estos-son-los-siete-vestidos-tops-pantalones-y-chaquetas-de-zara-que-mas-veremos-en-el-street-style-esta-primavera-14.jpg 1024w, http:\/\/hoycordobaweb.com\/wp-content\/uploads\/2023\/04\/estos-son-los-siete-vestidos-tops-pantalones-y-chaquetas-de-zara-que-mas-veremos-en-el-street-style-esta-primavera-15.jpg 1366w,\" data-sf-src=\"http:\/\/hoycordobaweb.com\/wp-content\/uploads\/2023\/04\/estos-son-los-siete-vestidos-tops-pantalones-y-chaquetas-de-zara-que-mas-veremos-en-el-street-style-esta-primavera-3.jpg\" alt=\"Zara Tendencia Primavera Verano 2023 Denim 04\"> <noscript><img alt=\"Zara Tendencia Primavera Verano 2023 Denim 04\" class=\"centro_sinmarco\" src=\"http:\/\/hoycordobaweb.com\/wp-content\/uploads\/2023\/04\/estos-son-los-siete-vestidos-tops-pantalones-y-chaquetas-de-zara-que-mas-veremos-en-el-street-style-esta-primavera-3.jpg\"><\/noscript> <\/div><\/div>\n<\/div>\n<p>Devolvi\u00e9ndonos la \u00e9poca de los 90 de golpe, este <a href=\"https:\/\/www.zara.com\/es\/es\/vestido-denim-trf-patchwork-p06688006.html?v1=241697287&amp;v2=2184058\">vestido corto con cuello redondo<\/a> y detalles <em>patchwork<\/em> lo tiene todo para transformar nuestros looks veraniegos.<\/p>\n<p><!-- BREAK 6 --><\/p>\n<div class=\"article-asset-image article-asset-normal article-asset-center\">\n<div class=\"asset-content\">\n<div class=\"base-wrapper-image\"> <img class=\"sf-lazy centro_sinmarco\" data-sf-srcset=\"http:\/\/hoycordobaweb.com\/wp-content\/uploads\/2023\/04\/estos-son-los-siete-vestidos-tops-pantalones-y-chaquetas-de-zara-que-mas-veremos-en-el-street-style-esta-primavera-4.jpg 450w, http:\/\/hoycordobaweb.com\/wp-content\/uploads\/2023\/04\/estos-son-los-siete-vestidos-tops-pantalones-y-chaquetas-de-zara-que-mas-veremos-en-el-street-style-esta-primavera-16.jpg 681w,http:\/\/hoycordobaweb.com\/wp-content\/uploads\/2023\/04\/estos-son-los-siete-vestidos-tops-pantalones-y-chaquetas-de-zara-que-mas-veremos-en-el-street-style-esta-primavera-17.jpg 1024w, http:\/\/hoycordobaweb.com\/wp-content\/uploads\/2023\/04\/estos-son-los-siete-vestidos-tops-pantalones-y-chaquetas-de-zara-que-mas-veremos-en-el-street-style-esta-primavera-18.jpg 1366w,\" data-sf-src=\"http:\/\/hoycordobaweb.com\/wp-content\/uploads\/2023\/04\/estos-son-los-siete-vestidos-tops-pantalones-y-chaquetas-de-zara-que-mas-veremos-en-el-street-style-esta-primavera-4.jpg\" alt=\"Zara Tendencia Primavera Verano 2023 Denim 03\"> <noscript><img alt=\"Zara Tendencia Primavera Verano 2023 Denim 03\" class=\"centro_sinmarco\" src=\"http:\/\/hoycordobaweb.com\/wp-content\/uploads\/2023\/04\/estos-son-los-siete-vestidos-tops-pantalones-y-chaquetas-de-zara-que-mas-veremos-en-el-street-style-esta-primavera-4.jpg\"><\/noscript> <\/div><\/div>\n<\/div>\n<p>Sin embargo, la joya de la corona llega con esta <a href=\"https:\/\/www.zara.com\/es\/es\/cazadora-denim-trf-patchwork-p04365071.html?v1=239330616&amp;v2=2184058\">cazadora <em>oversize<\/em> en dos tonos de vaquero<\/a> diferente. El bajo acabado sin costura y los detalles hacen que esta cazadora sea nuestra favorita de la temporada.<\/p>\n<p><!-- BREAK 7 --><\/p>\n<div class=\"article-asset-image article-asset-normal article-asset-center\">\n<div class=\"asset-content\">\n<div class=\"base-wrapper-image\"> <img class=\"sf-lazy centro_sinmarco\" data-sf-srcset=\"http:\/\/hoycordobaweb.com\/wp-content\/uploads\/2023\/04\/estos-son-los-siete-vestidos-tops-pantalones-y-chaquetas-de-zara-que-mas-veremos-en-el-street-style-esta-primavera-5.jpg 450w, http:\/\/hoycordobaweb.com\/wp-content\/uploads\/2023\/04\/estos-son-los-siete-vestidos-tops-pantalones-y-chaquetas-de-zara-que-mas-veremos-en-el-street-style-esta-primavera-19.jpg 681w,http:\/\/hoycordobaweb.com\/wp-content\/uploads\/2023\/04\/estos-son-los-siete-vestidos-tops-pantalones-y-chaquetas-de-zara-que-mas-veremos-en-el-street-style-esta-primavera-20.jpg 1024w, http:\/\/hoycordobaweb.com\/wp-content\/uploads\/2023\/04\/estos-son-los-siete-vestidos-tops-pantalones-y-chaquetas-de-zara-que-mas-veremos-en-el-street-style-esta-primavera-21.jpg 1366w,\" data-sf-src=\"http:\/\/hoycordobaweb.com\/wp-content\/uploads\/2023\/04\/estos-son-los-siete-vestidos-tops-pantalones-y-chaquetas-de-zara-que-mas-veremos-en-el-street-style-esta-primavera-5.jpg\" alt=\"Zara Tendencia Primavera Verano 2023 Denim 05\"> <noscript><img alt=\"Zara Tendencia Primavera Verano 2023 Denim 05\" class=\"centro_sinmarco\" src=\"http:\/\/hoycordobaweb.com\/wp-content\/uploads\/2023\/04\/estos-son-los-siete-vestidos-tops-pantalones-y-chaquetas-de-zara-que-mas-veremos-en-el-street-style-esta-primavera-5.jpg\"><\/noscript> <\/div><\/div>\n<\/div>\n<p>Fotos | <a href=\"https:\/\/www.zara.com\/es\/es\/falda-denim-trf-patchwork-p08197035.html?v1=239997822&amp;v2=2184058\">Zara et al<\/a><\/p>\n<p><!-- BREAK 8 --><\/p>\n<p>En Trendencias | <a href=\"https:\/\/www.trendencias.com\/propuestas-y-consejos\/estos-regalos-revistas-mes-mayo-2023-dificil-va-ser-elegir-uno-solo\">Estos son los regalos de las revistas del mes de mayo 2023: lo dif\u00edcil va ser elegir uno solo<\/a><\/p>\n<p><!-- BREAK 9 --><\/p>\n<p>En Trendencias | <a href=\"https:\/\/www.trendencias.com\/propuestas-y-consejos\/chaquetas-que-tendencia-este-otono-invierno-2022-2023-larga-vida-a-bomber-a-cazadora-vaquera\">Chaquetas que son tendencia: larga vida a la bomber y a la cazadora vaquera<\/a><\/p>\n<p><!-- BREAK 10 --> <\/p>\n","protected":false},"excerpt":{"rendered":"<p>A pesar de que cada temporada aparezcan decenas de tendencias, siempre hay varias que destacan por encima de las dem\u00e1s. Esta Primavera-Verano 2023 el tejido denim invade nuestro armario, y no solo en forma de pantalones vaqueros. Chaquetas, tops, vestido, faldas, bolsos e incluso sandalias se visten en este tejido tan de toda la vida. [&hellip;]<\/p>\n","protected":false},"author":1,"featured_media":58951,"comment_status":"closed","ping_status":"closed","sticky":false,"template":"","format":"standard","meta":[],"categories":[1],"tags":[],"_links":{"self":[{"href":"http:\/\/hoycordobaweb.com\/index.php\/wp-json\/wp\/v2\/posts\/58950"}],"collection":[{"href":"http:\/\/hoycordobaweb.com\/index.php\/wp-json\/wp\/v2\/posts"}],"about":[{"href":"http:\/\/hoycordobaweb.com\/index.php\/wp-json\/wp\/v2\/types\/post"}],"author":[{"embeddable":true,"href":"http:\/\/hoycordobaweb.com\/index.php\/wp-json\/wp\/v2\/users\/1"}],"replies":[{"embeddable":true,"href":"http:\/\/hoycordobaweb.com\/index.php\/wp-json\/wp\/v2\/comments?post=58950"}],"version-history":[{"count":0,"href":"http:\/\/hoycordobaweb.com\/index.php\/wp-json\/wp\/v2\/posts\/58950\/revisions"}],"wp:featuredmedia":[{"embeddable":true,"href":"http:\/\/hoycordobaweb.com\/index.php\/wp-json\/wp\/v2\/media\/58951"}],"wp:attachment":[{"href":"http:\/\/hoycordobaweb.com\/index.php\/wp-json\/wp\/v2\/media?parent=58950"}],"wp:term":[{"taxonomy":"category","embeddable":true,"href":"http:\/\/hoycordobaweb.com\/index.php\/wp-json\/wp\/v2\/categories?post=58950"},{"taxonomy":"post_tag","embeddable":true,"href":"http:\/\/hoycordobaweb.com\/index.php\/wp-json\/wp\/v2\/tags?post=58950"}],"curies":[{"name":"wp","href":"https:\/\/api.w.org\/{rel}","templated":true}]}}