{"id":58942,"date":"2023-04-24T13:19:44","date_gmt":"2023-04-24T13:19:44","guid":{"rendered":"https:\/\/www.mujerhoy.com\/moda\/no-te-pierdas\/reina-letizia-vestido-lunares-original-rejuvenece-premio-cervantes-alcala-de-henares-20230424121246-nt.html"},"modified":"2023-04-24T13:19:44","modified_gmt":"2023-04-24T13:19:44","slug":"la-reina-letizia-se-atreve-con-un-vestido-de-lunares-con-corte-super-original-para-entregar-el-premio-cervantes-en-alcala-de-henares","status":"publish","type":"post","link":"http:\/\/hoycordobaweb.com\/index.php\/2023\/04\/24\/la-reina-letizia-se-atreve-con-un-vestido-de-lunares-con-corte-super-original-para-entregar-el-premio-cervantes-en-alcala-de-henares\/","title":{"rendered":"La reina Letizia se atreve con un vestido de lunares con corte s\u00faper original para entregar el Premio Cervantes en Alcal\u00e1 de Henares"},"content":{"rendered":"<p><!-- AUTHOR --><\/p>\n<div class=\"voc-author-timesocial \"><!-- AUTHOR --><\/p>\n<div class=\"voc-author-timesocial__signature\"><!-- IMAGE AUTHOR --><picture class=\"voc-image-signature\"><img class=\"voc-image-signature__img\" src=\"http:\/\/hoycordobaweb.com\/wp-content\/uploads\/2023\/04\/la-reina-letizia-se-atreve-con-un-vestido-de-lunares-con-corte-super-original-para-entregar-el-premio-cervantes-en-alcala-de-henares.jpg\" alt=\"Raquel Rodr\u00edguez\"><\/picture><!-- INFO AUTHOR --><\/div>\n<\/div>\n<p><!-- COMPONENTS --><\/p>\n<p class=\"voc-paragraph\">La <strong>reina Letizia<\/strong> ha arrancado al semana de trabajo dejando claro que el rosa no es el \u00fanico color de su armario. A pesar de que la semana pasado nos enamor\u00f3 con <a data-voc-vtm-id=\"in-text-traffic\" href=\"https:\/\/www.mujerhoy.com\/moda\/no-te-pierdas\/reina-letizia-chaqueta-entretiempo-tweed-pantalones-blancos-look-primavera-20230420100955-nt.html\" title=\"www.mujerhoy.com\">esta preciosa chaqueta de entretiempo<\/a>, la monarca ha regresado a su gusto por dar una segunda vida a las prendas y ha rescatado el <a data-voc-vtm-id=\"in-text-traffic\" href=\"https:\/\/www.mujerhoy.com\/moda\/no-te-pierdas\/reina-letizia-vestido-midi-lunares-dia-hispanidad-desfile-12-octubre-look-elegante-rejuvenece-favorecedor-20221012111839-nt.html\" title=\"www.mujerhoy.com\">vestido verde que llev\u00f3 en el D\u00eda de la Hispanidad de 2022<\/a>.\n<\/p>\n<p class=\"voc-paragraph\">Ha sido en Alcal\u00e1 de Henares, donde los reyes de Espa\u00f1a han estado para entregar el Premio de Literatura en Lengua Castellana \u00abMiguel de Cervantes\u00bb. All\u00ed, <a data-voc-vtm-id=\"in-text-traffic\" href=\"https:\/\/www.mujerhoy.com\/temas\/personajes\/reina-dona-letizia.html\" title=\"www.mujerhoy.com\">do\u00f1a Letizia<\/a> ha demostrado una vez m\u00e1s que lo de elegir los <strong>looks de invitada<\/strong> se le da de maravilla.\n<\/p>\n<p class=\"voc-paragraph\">Don Felipe y do\u00f1a Letizia han visitado la localidad madrile\u00f1a para presidir la entrega del Premio de Literatura en Lengua Castellana Miguel de Cervantes, concedi\u00f3 por el Ministerio de Cultura y Deporte, al poeta venezolano Rafael Cadenas. Un premio que est\u00e1 dotado con 125.000 euros.\n<\/p>\n<p><h3 class=\"voc-detail__title\"> Look homenaje a la Feria de Abril<br \/>\n<\/h3>\n<\/p>\n<p class=\"voc-paragraph\">Y para la cita, la reina ha demostrado que habla m\u00e1s con la ropa que con las palabras y ha escogido <strong>un vestido con estampado de lunares<\/strong> que bien podr\u00eda ser un <strong>gui\u00f1o a la Feria de Abril<\/strong> que acaba de arrancar y que es la absoluta protagonista de al actualidad.\n<\/p>\n<div class=\"voc-detail-photo-zoom\"><picture data-toggle=\"modal\" data-target=\"#photoZoomModal-581\" target=\"modal\">\n<div class=\"voc-img-icon-link\"><img loading=\"lazy\" data-original=\"\/\/static3.mujerhoy.com\/www\/multimedia\/202304\/24\/media\/cortadas\/letizia-vestido-invitada-verde-kWUH--460x637@MujerHoy.JPG\" class=\"lazy\" alt=\"Los reyes de Espa\u00f1a en Alcal\u00e1 de Henares. \/ MUJERHOY\"><noscript><img src=\"http:\/\/hoycordobaweb.com\/wp-content\/uploads\/2023\/04\/la-reina-letizia-se-atreve-con-un-vestido-de-lunares-con-corte-super-original-para-entregar-el-premio-cervantes-en-alcala-de-henares-1.jpg\" alt=\"Los reyes de Espa\u00f1a en Alcal\u00e1 de Henares. \/ MUJERHOY\"><\/noscript><i class=\"voc-icons zoom voc-multimedia-box voc-ico-l\"><\/i><\/div><figcaption class=\"figure-caption\">Los reyes de Espa\u00f1a en Alcal\u00e1 de Henares. \/ MUJERHOY<\/figcaption><\/picture><\/div>\n<div id=\"photoZoomModal-581\" class=\"voc-lightbox modal fade voc-lightbox--photo-zoom\" role=\"dialog\" data-voc-photozoom-lightbox>\n<div class=\"voc-lightbox__dialog\" role=\"document\">\n<div class=\"voc-lightbox__content\"><!-- Modal header --><!-- Modal content --><\/p>\n<div class=\"voc-lightbox__photo-container\"><picture class><img loading=\"lazy\" data-original=\"\/\/static3.mujerhoy.com\/www\/multimedia\/202304\/24\/media\/cortadas\/letizia-vestido-invitada-verde-kWUH--460x637@MujerHoy.JPG\" alt=\"Los reyes de Espa\u00f1a en Alcal\u00e1 de Henares. \/ MUJERHOY\" class=\"lazy\"><noscript><img src=\"http:\/\/hoycordobaweb.com\/wp-content\/uploads\/2023\/04\/la-reina-letizia-se-atreve-con-un-vestido-de-lunares-con-corte-super-original-para-entregar-el-premio-cervantes-en-alcala-de-henares-1.jpg\" alt=\"Los reyes de Espa\u00f1a en Alcal\u00e1 de Henares. \/ MUJERHOY\"><\/noscript><\/picture><\/div>\n<\/div>\n<\/div>\n<\/div>\n<p class=\"voc-paragraph\">Ya sabes, a la reina Letizia no se le escapa ninguna de las tendencias y adapta todos y cada uno de los looks que escoge al momento que estamos viviendo. Sabe c\u00f3mo acertar en cada momento y cada pieza que lleva suele tener un mensaje oculto detr\u00e1s con el que da su opini\u00f3n o se posiciona en cualquier tem\u00e1tica.\n<\/p>\n<p class=\"voc-paragraph\">Y, como decimos, la Feria de Abril es el trending topic de estos d\u00edas y, aunque la monarca no se viste de flamenca, parece que ha querido hacer su peque\u00f1o homenaje a esta cita tan multitudinaria y tan espa\u00f1ola luciendo un vestido de lunares que ya llev\u00f3 en otra ocasi\u00f3n y con el que estaba ideal.\n<\/p>\n<div class=\"voc-detail-photo-zoom\"><picture data-toggle=\"modal\" data-target=\"#photoZoomModal-763\" target=\"modal\">\n<div class=\"voc-img-icon-link\"><img loading=\"lazy\" data-original=\"\/\/static.mujerhoy.com\/www\/multimedia\/202304\/24\/media\/cortadas\/reina-letizia-look-invitada-kkn--460x637@MujerHoy.jpg\" class=\"lazy\" alt=\"El vestido de la reina Letizia es de Vogana. \/MUJERHOY\"><noscript><img src=\"http:\/\/hoycordobaweb.com\/wp-content\/uploads\/2023\/04\/la-reina-letizia-se-atreve-con-un-vestido-de-lunares-con-corte-super-original-para-entregar-el-premio-cervantes-en-alcala-de-henares-2.jpg\" alt=\"El vestido de la reina Letizia es de Vogana. \/MUJERHOY\"><\/noscript><i class=\"voc-icons zoom voc-multimedia-box voc-ico-l\"><\/i><\/div><figcaption class=\"figure-caption\">El vestido de la reina Letizia es de Vogana. \/MUJERHOY<\/figcaption><\/picture><\/div>\n<div id=\"photoZoomModal-763\" class=\"voc-lightbox modal fade voc-lightbox--photo-zoom\" role=\"dialog\" data-voc-photozoom-lightbox>\n<div class=\"voc-lightbox__dialog\" role=\"document\">\n<div class=\"voc-lightbox__content\"><!-- Modal header --><!-- Modal content --><\/p>\n<div class=\"voc-lightbox__photo-container\"><picture class><img loading=\"lazy\" data-original=\"\/\/static.mujerhoy.com\/www\/multimedia\/202304\/24\/media\/cortadas\/reina-letizia-look-invitada-kkn--460x637@MujerHoy.jpg\" alt=\"El vestido de la reina Letizia es de Vogana. \/MUJERHOY\" class=\"lazy\"><noscript><img src=\"http:\/\/hoycordobaweb.com\/wp-content\/uploads\/2023\/04\/la-reina-letizia-se-atreve-con-un-vestido-de-lunares-con-corte-super-original-para-entregar-el-premio-cervantes-en-alcala-de-henares-2.jpg\" alt=\"El vestido de la reina Letizia es de Vogana. \/MUJERHOY\"><\/noscript><\/picture><\/div>\n<\/div>\n<\/div>\n<\/div>\n<p class=\"voc-paragraph\">Se trata de un vestido que llev\u00f3 en el D\u00eda de la Fiesta Nacional del pasado a\u00f1o, una cita en la que la monarca se luce especialmente, y que firmaba <strong>Vogana<\/strong>, una marca espa\u00f1ola especialista en looks de invitada dedicada al dise\u00f1o de prendas para mujeres con personalidad y seguras de s\u00ed misma.\n<\/p>\n<p class=\"voc-paragraph\">El principal valor de la firma es la calidad y la constante innovaci\u00f3n y parece que a la reina Letizia le ha gustado mucho, tanto como para repetir esta bonita pieza. En su momento, lo combin\u00f3 con complementos blancos, un <i>clutch<\/i> y unos salones de Magrit, adem\u00e1s de un recogido bajo con raya al lado.\n<\/p>\n<p><h3 class=\"voc-detail__title\"> Zapatos destalonados, perfectos para primavera<br \/>\n<\/h3>\n<\/p>\n<div class=\"voc-detail__cmp\">\n<div class=\"voc-article-container\">\n<article class=\"voc-article voc-article--cmp-photo-text\" readability=\"26\">\n<div class=\"voc-img-container\" readability=\"7\"><picture>\n<div class=\"voc-horizontal voc-img-icon-link\"><img class=\"lazy\" loading=\"lazy\" data-original=\"\/\/static.mujerhoy.com\/www\/multimedia\/202304\/24\/media\/cortadas\/zapatos-letizia-carolina-herrera-kkn--624x624@MujerHoy.jpg\" alt=\"Los zapatos de Carolina Herrera de la reina Letizia.\"><\/div>\n<\/picture>\n<p class=\"figure-caption \"> Los zapatos de Carolina Herrera de la reina Letizia. \/ <span class=\"voc-photo-author\"> mujerhoy <\/span><\/p>\n<\/div>\n<\/article>\n<\/div>\n<\/div>\n<p class=\"voc-paragraph\">Esta vez, ha sacado una versi\u00f3n algo m\u00e1s informal y ha completado el estilismo con unos salones destalonados en color beige de <strong>Carolina Herrera <\/strong>y ha estrenado unos pendientes nuevos con oro, jade y una perla. Adem\u00e1s, ha preferido llevar la melena suelta. \u00a1Estaba ideal!\n<\/p>\n<p><!-- TOPICS --><\/p>\n","protected":false},"excerpt":{"rendered":"<p>La reina Letizia ha arrancado al semana de trabajo dejando claro que el rosa no es el \u00fanico color de su armario. A pesar de que la semana pasado nos enamor\u00f3 con esta preciosa chaqueta de entretiempo, la monarca ha regresado a su gusto por dar una segunda vida a las prendas y ha rescatado [&hellip;]<\/p>\n","protected":false},"author":1,"featured_media":58943,"comment_status":"closed","ping_status":"closed","sticky":false,"template":"","format":"standard","meta":[],"categories":[1],"tags":[],"_links":{"self":[{"href":"http:\/\/hoycordobaweb.com\/index.php\/wp-json\/wp\/v2\/posts\/58942"}],"collection":[{"href":"http:\/\/hoycordobaweb.com\/index.php\/wp-json\/wp\/v2\/posts"}],"about":[{"href":"http:\/\/hoycordobaweb.com\/index.php\/wp-json\/wp\/v2\/types\/post"}],"author":[{"embeddable":true,"href":"http:\/\/hoycordobaweb.com\/index.php\/wp-json\/wp\/v2\/users\/1"}],"replies":[{"embeddable":true,"href":"http:\/\/hoycordobaweb.com\/index.php\/wp-json\/wp\/v2\/comments?post=58942"}],"version-history":[{"count":0,"href":"http:\/\/hoycordobaweb.com\/index.php\/wp-json\/wp\/v2\/posts\/58942\/revisions"}],"wp:featuredmedia":[{"embeddable":true,"href":"http:\/\/hoycordobaweb.com\/index.php\/wp-json\/wp\/v2\/media\/58943"}],"wp:attachment":[{"href":"http:\/\/hoycordobaweb.com\/index.php\/wp-json\/wp\/v2\/media?parent=58942"}],"wp:term":[{"taxonomy":"category","embeddable":true,"href":"http:\/\/hoycordobaweb.com\/index.php\/wp-json\/wp\/v2\/categories?post=58942"},{"taxonomy":"post_tag","embeddable":true,"href":"http:\/\/hoycordobaweb.com\/index.php\/wp-json\/wp\/v2\/tags?post=58942"}],"curies":[{"name":"wp","href":"https:\/\/api.w.org\/{rel}","templated":true}]}}