{"id":58926,"date":"2023-04-24T14:10:01","date_gmt":"2023-04-24T14:10:01","guid":{"rendered":"https:\/\/ladecimaweb.com\/?p=16549"},"modified":"2023-04-24T14:10:01","modified_gmt":"2023-04-24T14:10:01","slug":"nueva-denuncia-de-superpoblacion-y-hacinamiento-en-las-carceles","status":"publish","type":"post","link":"http:\/\/hoycordobaweb.com\/index.php\/2023\/04\/24\/nueva-denuncia-de-superpoblacion-y-hacinamiento-en-las-carceles\/","title":{"rendered":"Nueva denuncia de superpoblaci\u00f3n y hacinamiento en las c\u00e1rceles"},"content":{"rendered":"<div class=\"boldgrid-section\">\n<div class=\"container\">\n<div class=\"row\">\n<div class=\"col-md-12 col-xs-12 col-sm-12\">\n<p>El<span>&nbsp;<\/span><strong>Sistema Interinstitucional de Control de C\u00e1rceles<\/strong>, un equipo multidisciplinario que eval\u00faa la condici\u00f3n de vida en los penales, denunci\u00f3 \u201c<strong>la acuciante situaci\u00f3n de hacinamiento en Comisar\u00edas y Alcaid\u00edas<\/strong><span>&nbsp;<\/span>de la Ciudad de Buenos Aires\u201d y la superpoblaci\u00f3n en gran parte de los centros de detenci\u00f3n.<\/p>\n<p>\u201cEl encierro en condiciones de<span>&nbsp;<\/span><strong>sobrepoblaci\u00f3n y hacinamiento se torna a todas luces ileg\u00edtimo<\/strong><span>&nbsp;<\/span>y tal circunstancia no podr\u00eda justificarse invocando deficiencias edilicias, carencias presupuestarias y\/o cualquier otra situaci\u00f3n de emergencia o excepci\u00f3n\u201d, sostiene un informe, al que tuvo acceso NA.<\/p>\n<p>El Sistema Interinstitucional de Control de C\u00e1rceles es un organismo integrado por<span>&nbsp;<\/span><strong>jueces federales y nacionales, la Procuraci\u00f3n Penitenciaria de la Naci\u00f3n,&nbsp; la Procuraci\u00f3n contra la Violencia Institucional (Procuvin) y la Defensor\u00eda General de la Naci\u00f3n.<\/strong><\/p>\n<p>En lo que concierne a CABA, el documento revela que \u201cse pudieron observar inadecuadas condiciones de detenci\u00f3n y hacinamiento.<span>&nbsp;<\/span><strong>Falta de agua, ventilaci\u00f3n, recreaci\u00f3n, sistema m\u00e9dico y vulneraci\u00f3n de los derechos del colectivo de personas all\u00ed alojadas\u201d.<\/strong><\/p>\n<p>\u201cParticularmente preocupante es la problem\u00e1tica de las mujeres detenidas en estas condiciones. (\u2026) &nbsp;<strong>Toda mujer presa presenta una doble condici\u00f3n de vulnerabilidad,<span>&nbsp;<\/span><\/strong>por estar privada de su libertad y por el hecho de ser mujer, o autopercibirse como tal\u201d, a\u00f1ade el texto.<\/p>\n<p class=\"\">El reporte tambi\u00e9n subraya que a nivel federal \u201chay<span>&nbsp;<\/span><strong>11.361 personas detenidas<\/strong><span>&nbsp;<\/span>en el conjunto de las c\u00e1rceles federales, para una capacidad disponible de 10.932 plazas\u201d. \u201cEl cupo fijado mediante la resoluci\u00f3n ministerial se encuentra sobrepasado en diez c\u00e1rceles federales. Todas las unidades del norte del pa\u00eds y el CPF VI de Mendoza recientemente inaugurado se encuentran con el<span>&nbsp;<\/span><strong>cupo duplicado artificialmente mediante camas cucheta<\/strong>\u201d, precisa el documento.<\/p>\n<p>En CABA, la c\u00e1rcel de Devoto tiene un cupo de 1.186 (aunque seg\u00fan un peritaje oficial deber\u00eda ser de 819) plazas pero al 31 de marzo pasado estaban alojadas all\u00ed 1.464 personas.<\/p>\n<p>El Sistema recomend\u00f3 a jueces, fiscales y defensores oficiales \u201cprestar especial atenci\u00f3n -en este contexto particular- al<span>&nbsp;<\/span><strong>uso abusivo de la prisi\u00f3n preventiva<\/strong>, al<span>&nbsp;<\/span><strong>alarmante incremento de las personas encarceladas con penas de hasta tres a\u00f1os<span>&nbsp;<\/span><\/strong>y a eventuales<span>&nbsp;<\/span><strong>retrasos en el r\u00e9gimen de progresividad de la ejecuci\u00f3n penal para los condenados\u201d.<\/strong><\/p>\n<p class=\"\">El documento destac\u00f3 que \u201cla cantidad de personas detenidas por penas de corta duraci\u00f3n se ha incrementado notablemente desde 2017. A diciembre de 2022,<span>&nbsp;<\/span><strong>los condenados a penas menores a tres a\u00f1os cumpliendo pena en c\u00e1rceles federales ascend\u00edan a 1.020 personas<\/strong>\u201d.<\/p>\n<p>Esa cifra es similar a la superpoblaci\u00f3n detectada en las c\u00e1rceles de la Capital Federal.<\/p>\n<p class=\"\">El equipo interdisciplinario tambi\u00e9n propone \u201cfinalizar, a la mayor brevedad posible,<span>&nbsp;<\/span><strong>el nuevo Complejo Penitenciario Federal Ricardo Guti\u00e9rrez, en Marcos Paz, y el Complejo Penitenciario Federal Agote, en Mercedes<\/strong>\u201d, ambos en la provincia de Buenos Aires.<\/p>\n<p class=\"\">Adem\u00e1s, un sistema en CABA para el alojamiento transitorio de detenidos, una ley de cupo y una flexibilizaci\u00f3n en los reg\u00edmenes de morigeraci\u00f3n del cumplimiento de la pena para delitos de poca lesividad.<\/p>\n<p class=\"\">\n<div class=\"ubm_banner\"><a href=\"https:\/\/www.cba.gov.ar\/internet-estudiantil\/\" target=\"_blank\" rel=\"dofollow noopener noreferrer\"><img src=\"http:\/\/hoycordobaweb.com\/wp-content\/uploads\/2023\/04\/nueva-denuncia-de-superpoblacion-y-hacinamiento-en-las-carceles.gif\" alt=\"\"><\/a><\/div>\n<\/div>\n<\/div>\n<\/div>\n<\/div>\n<p>La entrada <a rel=\"nofollow\" href=\"https:\/\/ladecimaweb.com\/nueva-denuncia-de-superpoblacion-y-hacinamiento-en-las-carceles\/\">Nueva denuncia de superpoblaci\u00f3n y hacinamiento en las c\u00e1rceles<\/a> se public\u00f3 primero en <a rel=\"nofollow\" href=\"https:\/\/ladecimaweb.com\">LaDecima<\/a>.<\/p>\n","protected":false},"excerpt":{"rendered":"<p>El&nbsp;Sistema Interinstitucional de Control de C\u00e1rceles, un equipo multidisciplinario que eval\u00faa la condici\u00f3n de vida en los penales, denunci\u00f3 \u201cla acuciante situaci\u00f3n de hacinamiento en Comisar\u00edas y Alcaid\u00edas&nbsp;de la Ciudad de Buenos Aires\u201d y la superpoblaci\u00f3n en gran parte de los centros de detenci\u00f3n. \u201cEl encierro en condiciones de&nbsp;sobrepoblaci\u00f3n y hacinamiento se torna a todas [&hellip;]<\/p>\n","protected":false},"author":1,"featured_media":58927,"comment_status":"closed","ping_status":"closed","sticky":false,"template":"","format":"standard","meta":[],"categories":[19],"tags":[],"_links":{"self":[{"href":"http:\/\/hoycordobaweb.com\/index.php\/wp-json\/wp\/v2\/posts\/58926"}],"collection":[{"href":"http:\/\/hoycordobaweb.com\/index.php\/wp-json\/wp\/v2\/posts"}],"about":[{"href":"http:\/\/hoycordobaweb.com\/index.php\/wp-json\/wp\/v2\/types\/post"}],"author":[{"embeddable":true,"href":"http:\/\/hoycordobaweb.com\/index.php\/wp-json\/wp\/v2\/users\/1"}],"replies":[{"embeddable":true,"href":"http:\/\/hoycordobaweb.com\/index.php\/wp-json\/wp\/v2\/comments?post=58926"}],"version-history":[{"count":0,"href":"http:\/\/hoycordobaweb.com\/index.php\/wp-json\/wp\/v2\/posts\/58926\/revisions"}],"wp:featuredmedia":[{"embeddable":true,"href":"http:\/\/hoycordobaweb.com\/index.php\/wp-json\/wp\/v2\/media\/58927"}],"wp:attachment":[{"href":"http:\/\/hoycordobaweb.com\/index.php\/wp-json\/wp\/v2\/media?parent=58926"}],"wp:term":[{"taxonomy":"category","embeddable":true,"href":"http:\/\/hoycordobaweb.com\/index.php\/wp-json\/wp\/v2\/categories?post=58926"},{"taxonomy":"post_tag","embeddable":true,"href":"http:\/\/hoycordobaweb.com\/index.php\/wp-json\/wp\/v2\/tags?post=58926"}],"curies":[{"name":"wp","href":"https:\/\/api.w.org\/{rel}","templated":true}]}}