{"id":58908,"date":"2023-04-23T15:25:23","date_gmt":"2023-04-23T15:25:23","guid":{"rendered":"https:\/\/fono.fcm.unc.edu.ar\/?p=10685"},"modified":"2023-04-23T15:25:23","modified_gmt":"2023-04-23T15:25:23","slug":"60-aniversario-23-de-abril-67-aniversario-de-la-escuela-de-enfermeria","status":"publish","type":"post","link":"http:\/\/hoycordobaweb.com\/index.php\/2023\/04\/23\/60-aniversario-23-de-abril-67-aniversario-de-la-escuela-de-enfermeria\/","title":{"rendered":"60\u00b0 Aniversario \u2013 23 de abril: 67\u00b0 Aniversario de la Escuela de Enfermer\u00eda"},"content":{"rendered":"<h2 class=\"fusion-post-title\">60\u00b0 Aniversario \u2013 23 de abril: 67\u00b0 Aniversario de la Escuela de Enfermer\u00eda<\/h2>\n<div class=\"post-content\" readability=\"33\">\n<p><img loading=\"lazy\" class=\"alignright size-fusion-400 wp-image-10686\" src=\"https:\/\/fono.fcm.unc.edu.ar\/wp-content\/uploads\/sites\/14\/2023\/04\/Captura-desde-2023-04-23-22-25-40-400x402.png\" alt width=\"400\" height=\"402\" srcset=\"https:\/\/fono.fcm.unc.edu.ar\/wp-content\/uploads\/sites\/14\/2023\/04\/Captura-desde-2023-04-23-22-25-40-66x66.png 66w, https:\/\/fono.fcm.unc.edu.ar\/wp-content\/uploads\/sites\/14\/2023\/04\/Captura-desde-2023-04-23-22-25-40-150x150.png 150w, https:\/\/fono.fcm.unc.edu.ar\/wp-content\/uploads\/sites\/14\/2023\/04\/Captura-desde-2023-04-23-22-25-40-200x201.png 200w, https:\/\/fono.fcm.unc.edu.ar\/wp-content\/uploads\/sites\/14\/2023\/04\/Captura-desde-2023-04-23-22-25-40-298x300.png 298w, https:\/\/fono.fcm.unc.edu.ar\/wp-content\/uploads\/sites\/14\/2023\/04\/Captura-desde-2023-04-23-22-25-40-400x402.png 400w, https:\/\/fono.fcm.unc.edu.ar\/wp-content\/uploads\/sites\/14\/2023\/04\/Captura-desde-2023-04-23-22-25-40.png 545w\" sizes=\"(max-width: 400px) 100vw, 400px\">La comunidad de la Escuela de Fonoaudiolog\u00eda saluda afectuosamente a quienes forman parte de la Escuela de Enfermer\u00eda de la Facultad de Ciencias M\u00e9dicas en su 67\u00b0 Aniversario.<\/p>\n<\/p><\/div>\n","protected":false},"excerpt":{"rendered":"<p>60\u00b0 Aniversario \u2013 23 de abril: 67\u00b0 Aniversario de la Escuela de Enfermer\u00eda La comunidad de la Escuela de Fonoaudiolog\u00eda saluda afectuosamente a quienes forman parte de la Escuela de Enfermer\u00eda de la Facultad de Ciencias M\u00e9dicas en su 67\u00b0 Aniversario.<\/p>\n","protected":false},"author":1,"featured_media":0,"comment_status":"closed","ping_status":"closed","sticky":false,"template":"","format":"standard","meta":[],"categories":[1],"tags":[],"_links":{"self":[{"href":"http:\/\/hoycordobaweb.com\/index.php\/wp-json\/wp\/v2\/posts\/58908"}],"collection":[{"href":"http:\/\/hoycordobaweb.com\/index.php\/wp-json\/wp\/v2\/posts"}],"about":[{"href":"http:\/\/hoycordobaweb.com\/index.php\/wp-json\/wp\/v2\/types\/post"}],"author":[{"embeddable":true,"href":"http:\/\/hoycordobaweb.com\/index.php\/wp-json\/wp\/v2\/users\/1"}],"replies":[{"embeddable":true,"href":"http:\/\/hoycordobaweb.com\/index.php\/wp-json\/wp\/v2\/comments?post=58908"}],"version-history":[{"count":0,"href":"http:\/\/hoycordobaweb.com\/index.php\/wp-json\/wp\/v2\/posts\/58908\/revisions"}],"wp:attachment":[{"href":"http:\/\/hoycordobaweb.com\/index.php\/wp-json\/wp\/v2\/media?parent=58908"}],"wp:term":[{"taxonomy":"category","embeddable":true,"href":"http:\/\/hoycordobaweb.com\/index.php\/wp-json\/wp\/v2\/categories?post=58908"},{"taxonomy":"post_tag","embeddable":true,"href":"http:\/\/hoycordobaweb.com\/index.php\/wp-json\/wp\/v2\/tags?post=58908"}],"curies":[{"name":"wp","href":"https:\/\/api.w.org\/{rel}","templated":true}]}}