{"id":58875,"date":"2023-04-23T21:51:22","date_gmt":"2023-04-23T21:51:22","guid":{"rendered":"https:\/\/www.ole.com.ar\/boca-juniors\/jorge-almiron-conferencia-boca-rosario-central_0_oyPSc1CljC.html"},"modified":"2023-04-23T21:51:22","modified_gmt":"2023-04-23T21:51:22","slug":"por-que-almiron-no-hablo-en-la-conferencia-en-rosario","status":"publish","type":"post","link":"http:\/\/hoycordobaweb.com\/index.php\/2023\/04\/23\/por-que-almiron-no-hablo-en-la-conferencia-en-rosario\/","title":{"rendered":"\u00bfPor qu\u00e9 Almir\u00f3n no habl\u00f3 en la conferencia en Rosario?"},"content":{"rendered":"<p><img src=\"http:\/\/hoycordobaweb.com\/wp-content\/uploads\/2023\/04\/por-que-almiron-no-hablo-en-la-conferencia-en-rosario.jpg\"><\/p>\n<p><time class=\"createDate\" datetime=\"2023-04-23T18:51:22-03:00\">23\/04\/2023 18:51hs.<\/time><time class=\"modificatedDate\" datetime=\"2023\/04\/23T19:03:13-03:00\"> Actualizado al 23\/04\/2023 19:03hs.<\/time><\/p>\n<div id=\"storyBody\">\n<div class=\"custom-text \" readability=\"12.83203125\">\n<p><strong>La sorpresa en el post partido en el Gigante de Arroyito fue cuando se comunic\u00f3 que<\/strong><a href=\"https:\/\/www.ole.com.ar\/tema\/jorge-almiron.html\" title=\"Jorge Almir\u00f3n\" alt=\"Jorge Almir\u00f3n\" class=\"slug\"><strong> Jorge Almir\u00f3n<\/strong><\/a><strong> no iba a hablar luego del 2-2 entre <\/strong><a href=\"https:\/\/www.ole.com.ar\/tema\/boca-juniors.html\" title=\"Boca Juniors\" alt=\"Boca Juniors\" class=\"slug\"><strong>Boca <\/strong><\/a><strong>y <\/strong><a href=\"https:\/\/www.ole.com.ar\/tema\/rosario-central.html\" title=\"Rosario Central\" alt=\"Rosario Central\" class=\"slug\"><strong>Rosario Central<\/strong><\/a><strong>.<\/strong> \u00bfPor qu\u00e9? \u00bfQu\u00e9 pas\u00f3? Claro, <strong>sucede que por haber sido expulsado durante el partido no pudo dar la conferencia de prensa habitual<\/strong> (lo mismo le pas\u00f3 este domingo a <a href=\"https:\/\/www.ole.com.ar\/tema\/miguel-angel-russo.html\" title=\"Miguel Angel Russo\" alt=\"Miguel Angel Russo\" class=\"slug\"><strong>Miguel Russo<\/strong><\/a>, que tambi\u00e9n vio la roja). Asi lo indican los libros. Por eso, en lugar del DT de Boca, al que <a href=\"https:\/\/www.ole.com.ar\/boca-juniors#google_vignette\" target=\"_blank\" rel=\"noopener noreferrer\"><strong>Ariel Penel expuls\u00f3 en el ST<\/strong><\/a>,<strong> estuvo su ayudante de campo Maxi Vel\u00e1zquez.<\/strong><\/p>\n<\/div>\n<div class=\"sc-a7166897-0 fTvehT\" readability=\"6\">\n<section readability=\"2\"><picture><img alt=\"Russo se le fue encima al refer\u00ed por un cambio\" src=\"http:\/\/hoycordobaweb.com\/wp-content\/uploads\/2023\/04\/por-que-almiron-no-hablo-en-la-conferencia-en-rosario-2.jpg\" width=\"29\" height=\"29\" decoding=\"async\" data-nimg=\"future\" loading=\"lazy\"><\/picture>\n<p><span>Mir\u00e1 tambi\u00e9n<\/span><\/p>\n<hr>\n<h3>Russo se le fue encima al refer\u00ed por un cambio<\/h3>\n<\/p>\n<\/section>\n<\/div>\n<div class=\"sc-e6588e40-0 jdjGfi\">\n<div class=\"sc-e6588e40-1 hsKqox videoText\" id=\"contentTitleundefinedexSmLZs4\" readability=\"6\"><svg fill=\"#ffffff\"><symbol id=\"play\" viewBox=\"0 0 512 512\"><path d=\"M512 256C512 397.4 397.4 512 256 512C114.6 512 0 397.4 0 256C0 114.6 114.6 0 256 0C397.4 0 512 114.6 512 256zM176 168V344C176 352.7 180.7 360.7 188.3 364.9C195.8 369.2 205.1 369 212.5 364.5L356.5 276.5C363.6 272.1 368 264.4 368 256C368 247.6 363.6 239.9 356.5 235.5L212.5 147.5C205.1 142.1 195.8 142.8 188.3 147.1C180.7 151.3 176 159.3 176 168V168z\" \/><\/symbol><use xlink:href=\"#play\" \/><\/svg><\/p>\n<div class=\"right\" readability=\"7\">\n<p>Jorge Almir\u00f3n<!-- --> &#8211;<!-- --> <span>23-4-2023<\/span><\/p>\n<h2 class=\"title-vid\">La expulsi\u00f3n de Almir\u00f3n<\/h2>\n<\/div>\n<\/div>\n<p><span class=\"back\" id=\"spanBackundefinedexSmLZs4\"><\/span><\/div>\n<p><h2><strong>LA IMPORTANCIA DE ALMIR\u00d3N EN EL EMPATE DE BOCA<\/strong><\/h2>\n<\/p>\n<div class=\"custom-text \" readability=\"13\">\n<p>El que primero entendi\u00f3 que el de Rosario era un partido bisagra para Boca por lo que se jugaba (cortar la racha de tres derrotas en fila y tratar de que River no se corte m\u00e1s en la punta) fue Jorge Almir\u00f3n. Durante la semana, y pese a haber jugado con Estudiantes el finde pasado y al martes siguiente con Deportivo Pereira en la Libertadores, <strong>el t\u00e9cnico decidi\u00f3 que en el Gigante iba a poner lo mejor que ten\u00eda a disposici\u00f3n, aunque corriera el riesgo de exigir a los que tienen m\u00e1s rodaje y seguir llenando la enfermer\u00eda con lesionados (son \u00a16! por ahora los que se recuperan).<\/strong><\/p>\n<\/div>\n<div class=\"sc-a7166897-0 fTvehT\" readability=\"6\">\n<section readability=\"2\"><picture><img alt=\"Por qu\u00e9 estuvieron bien los 10 minutos de descuento en Central-Boca\" src=\"http:\/\/hoycordobaweb.com\/wp-content\/uploads\/2023\/04\/por-que-almiron-no-hablo-en-la-conferencia-en-rosario-3.jpg\" width=\"29\" height=\"29\" decoding=\"async\" data-nimg=\"future\" loading=\"lazy\"><\/picture>\n<p><span>Mir\u00e1 tambi\u00e9n<\/span><\/p>\n<hr>\n<h3>Por qu\u00e9 estuvieron bien los 10 minutos de descuento en Central-Boca<\/h3>\n<\/p>\n<\/section>\n<\/div>\n<div class=\"sc-e6588e40-0 jdjGfi\">\n<div class=\"sc-e6588e40-1 hsKqox videoText\" id=\"contentTitleundefinedPLJQbPlG\" readability=\"6\"><svg fill=\"#ffffff\"><symbol id=\"play\" viewBox=\"0 0 512 512\"><path d=\"M512 256C512 397.4 397.4 512 256 512C114.6 512 0 397.4 0 256C0 114.6 114.6 0 256 0C397.4 0 512 114.6 512 256zM176 168V344C176 352.7 180.7 360.7 188.3 364.9C195.8 369.2 205.1 369 212.5 364.5L356.5 276.5C363.6 272.1 368 264.4 368 256C368 247.6 363.6 239.9 356.5 235.5L212.5 147.5C205.1 142.1 195.8 142.8 188.3 147.1C180.7 151.3 176 159.3 176 168V168z\" \/><\/symbol><use xlink:href=\"#play\" \/><\/svg><\/p>\n<div class=\"right\" readability=\"7\">\n<p>Rosario Central<!-- --> &#8211;<!-- --> <span>23-4-2023<\/span><\/p>\n<h2 class=\"title-vid\">Golazo de Giaccone para el 1-0 de Central<\/h2>\n<\/div>\n<\/div>\n<p><span class=\"back\" id=\"spanBackundefinedPLJQbPlG\"><\/span><\/div>\n<div class=\"sc-e6588e40-0 jdjGfi\">\n<div class=\"sc-e6588e40-1 hsKqox videoText\" id=\"contentTitleundefinedQOHsJzK2\" readability=\"6\"><svg fill=\"#ffffff\"><symbol id=\"play\" viewBox=\"0 0 512 512\"><path d=\"M512 256C512 397.4 397.4 512 256 512C114.6 512 0 397.4 0 256C0 114.6 114.6 0 256 0C397.4 0 512 114.6 512 256zM176 168V344C176 352.7 180.7 360.7 188.3 364.9C195.8 369.2 205.1 369 212.5 364.5L356.5 276.5C363.6 272.1 368 264.4 368 256C368 247.6 363.6 239.9 356.5 235.5L212.5 147.5C205.1 142.1 195.8 142.8 188.3 147.1C180.7 151.3 176 159.3 176 168V168z\" \/><\/symbol><use xlink:href=\"#play\" \/><\/svg><\/p>\n<div class=\"right\" readability=\"7\">\n<p>Rosario Central<!-- --> &#8211;<!-- --> <span>23-4-2023<\/span><\/p>\n<h2 class=\"title-vid\">Alejo V\u00e9liz en contra de la adici\u00f3n de diez minutos<\/h2>\n<\/div>\n<\/div>\n<p><span class=\"back\" id=\"spanBackundefinedQOHsJzK2\"><\/span><\/div>\n<div class=\"custom-text \" readability=\"12\">\n<p>Y as\u00ed fue nom\u00e1s, y as\u00ed lo vivi\u00f3 el DT de 51 a\u00f1os, <strong>y as\u00ed se lo traslad\u00f3 a los jugadores en el campo en un momento en donde el equipo estaba partido y Central se lo llevaba puesto.<\/strong> Almir\u00f3n empuj\u00f3 desde afuera, con cambios y con actitud&#8230;<\/p>\n<\/div>\n<div class=\"sc-a7166897-0 fTvehT\" readability=\"6\">\n<section readability=\"2\"><picture><img alt=\"Boca ag\u00f3nico: le empat\u00f3 a Central a los 54 minutos\" src=\"http:\/\/hoycordobaweb.com\/wp-content\/uploads\/2023\/04\/por-que-almiron-no-hablo-en-la-conferencia-en-rosario-4.jpg\" width=\"29\" height=\"29\" decoding=\"async\" data-nimg=\"future\" loading=\"lazy\"><\/picture>\n<p><span>Mir\u00e1 tambi\u00e9n<\/span><\/p>\n<hr>\n<h3>Boca ag\u00f3nico: le empat\u00f3 a Central a los 54 minutos<\/h3>\n<\/p>\n<\/section>\n<\/div>\n<div class=\"custom-text \" readability=\"16\">\n<p>Primero lo hizo desde las variantes: m\u00e1s all\u00e1 de que puso todo, no qued\u00f3 conforme con el rendimiento en el PT y empez\u00f3 a mover el 11 en el entretiempo&#8230; <strong>\u00a1Meti\u00f3 cuatro modificaciones en apenas 10 minutos!<\/strong> Y no s\u00f3lo eso, sino que los que entraron lo hicieron mejor que los que salieron, <strong>partiendo de Sandez, que lleg\u00f3 al \u00e1rea por detr\u00e1s de todos y tir\u00f3 el centro atr\u00e1s para el empate de Payero; pero no s\u00f3lo \u00e9l, ya que Roncaglia acomod\u00f3 los tantos a la hora de salir jugando y V\u00e1zquez termin\u00f3 cabeceando en el primer palo para que Figal lo empatara entrando por el segundo<\/strong> (luego entrar\u00eda Medina, que tambi\u00e9n lo hizo muy bien).<\/p>\n<\/div>\n<div class=\"sc-a7166897-0 fTvehT\" readability=\"6\">\n<section readability=\"2\"><picture><img alt=\"V\u00e9liz: &quot;Se juega hasta que te empaten o ganen&quot;\" src=\"http:\/\/hoycordobaweb.com\/wp-content\/uploads\/2023\/04\/por-que-almiron-no-hablo-en-la-conferencia-en-rosario-5.jpg\" width=\"29\" height=\"29\" decoding=\"async\" data-nimg=\"future\" loading=\"lazy\"><\/picture>\n<p><span>Mir\u00e1 tambi\u00e9n<\/span><\/p>\n<hr>\n<h3>V\u00e9liz: \u00abSe juega hasta que te empaten o ganen\u00bb<\/h3>\n<\/p>\n<\/section>\n<\/div>\n<div class=\"sc-e6588e40-0 jdjGfi\">\n<div class=\"sc-e6588e40-1 hsKqox videoText\" id=\"contentTitleundefinedoM9PmLRW\" readability=\"6\"><svg fill=\"#ffffff\"><symbol id=\"play\" viewBox=\"0 0 512 512\"><path d=\"M512 256C512 397.4 397.4 512 256 512C114.6 512 0 397.4 0 256C0 114.6 114.6 0 256 0C397.4 0 512 114.6 512 256zM176 168V344C176 352.7 180.7 360.7 188.3 364.9C195.8 369.2 205.1 369 212.5 364.5L356.5 276.5C363.6 272.1 368 264.4 368 256C368 247.6 363.6 239.9 356.5 235.5L212.5 147.5C205.1 142.1 195.8 142.8 188.3 147.1C180.7 151.3 176 159.3 176 168V168z\" \/><\/symbol><use xlink:href=\"#play\" \/><\/svg><\/p>\n<div class=\"right\" readability=\"7\">\n<p>Mart\u00edn Payero<!-- --> &#8211;<!-- --> <span>23-4-2023<\/span><\/p>\n<h2 class=\"title-vid\">Payero empat\u00f3 el partido<\/h2>\n<\/div>\n<\/div>\n<p><span class=\"back\" id=\"spanBackundefinedoM9PmLRW\"><\/span><\/div>\n<div class=\"sc-e6588e40-0 jdjGfi\">\n<div class=\"sc-e6588e40-1 hsKqox videoText\" id=\"contentTitleundefinedC4iNjjva\" readability=\"6\"><svg fill=\"#ffffff\"><symbol id=\"play\" viewBox=\"0 0 512 512\"><path d=\"M512 256C512 397.4 397.4 512 256 512C114.6 512 0 397.4 0 256C0 114.6 114.6 0 256 0C397.4 0 512 114.6 512 256zM176 168V344C176 352.7 180.7 360.7 188.3 364.9C195.8 369.2 205.1 369 212.5 364.5L356.5 276.5C363.6 272.1 368 264.4 368 256C368 247.6 363.6 239.9 356.5 235.5L212.5 147.5C205.1 142.1 195.8 142.8 188.3 147.1C180.7 151.3 176 159.3 176 168V168z\" \/><\/symbol><use xlink:href=\"#play\" \/><\/svg><\/p>\n<div class=\"right\" readability=\"7\">\n<p>Rosario Central<!-- --> &#8211;<!-- --> <span>23-4-2023<\/span><\/p>\n<h2 class=\"title-vid\">El VAR anul\u00f3 el penal para Central<\/h2>\n<\/div>\n<\/div>\n<p><span class=\"back\" id=\"spanBackundefinedC4iNjjva\"><\/span><\/div>\n<div class=\"sc-e6588e40-0 jdjGfi\">\n<div class=\"sc-e6588e40-1 hsKqox videoText\" id=\"contentTitleundefinedSqjiUwuZ\"><svg fill=\"#ffffff\"><symbol id=\"play\" viewBox=\"0 0 512 512\"><path d=\"M512 256C512 397.4 397.4 512 256 512C114.6 512 0 397.4 0 256C0 114.6 114.6 0 256 0C397.4 0 512 114.6 512 256zM176 168V344C176 352.7 180.7 360.7 188.3 364.9C195.8 369.2 205.1 369 212.5 364.5L356.5 276.5C363.6 272.1 368 264.4 368 256C368 247.6 363.6 239.9 356.5 235.5L212.5 147.5C205.1 142.1 195.8 142.8 188.3 147.1C180.7 151.3 176 159.3 176 168V168z\" \/><\/symbol><use xlink:href=\"#play\" \/><\/svg><\/p>\n<div class=\"right\">\n<p>Boca Juniors<!-- --> &#8211;<!-- --> <span>23-4-2023<\/span><\/p>\n<h2 class=\"title-vid\">Fuerte reclamo de los jugadores de Central ante el \u00e1rbitro Penel<\/h2>\n<\/div>\n<\/div>\n<p><span class=\"back\" id=\"spanBackundefinedSqjiUwuZ\"><\/span><\/div>\n<div class=\"custom-text \" readability=\"14\">\n<p>Y despu\u00e9s Almir\u00f3n lo hizo con su postura. M\u00e1s all\u00e1 de que <strong>no estuvo bien que agarrara la pelota con las manos antes de que saliera porque estaba reclamando un golpe a V\u00e1zquez y se plantara a Penel, el DT mostr\u00f3 una actitud aguerrida que no estaba.<\/strong> Por m\u00e1s que le costara la roja, con su impronta baj\u00f3 l\u00ednea. Y cr\u00e9ase o no, el equipo no baj\u00f3 los brazos, sigui\u00f3 peleando y lo empat\u00f3 al final&#8230;<\/p>\n<\/div>\n<div class=\"sc-a7166897-0 fTvehT\" readability=\"6\">\n<section readability=\"2\"><picture><img alt=\"Video: la roja a Almir\u00f3n por parar la pelota\" src=\"http:\/\/hoycordobaweb.com\/wp-content\/uploads\/2023\/04\/por-que-almiron-no-hablo-en-la-conferencia-en-rosario-6.jpg\" width=\"29\" height=\"29\" decoding=\"async\" data-nimg=\"future\" loading=\"lazy\"><\/picture>\n<p><span>Mir\u00e1 tambi\u00e9n<\/span><\/p>\n<hr>\n<h3>Video: la roja a Almir\u00f3n por parar la pelota<\/h3>\n<\/p>\n<\/section>\n<\/div>\n<div class=\"custom-text \" readability=\"12\">\n<p>Claro que pese a que en el inicio Boca mostr\u00f3 otra cara, no acumul\u00f3 pelotazos como ven\u00eda haciendo y s\u00ed junt\u00f3 pases con criterio y lleg\u00f3 a posici\u00f3n de gol,<strong> Almir\u00f3n sabe que a\u00fan debe corregir.<\/strong> Pero al menos ya empez\u00f3 a mostrar cu\u00e1l es la actitud que busca en sus jugadores.<strong> \u00c9l se puso como ejemplo&#8230;<\/strong><\/p>\n<\/div>\n<div class=\"sc-a7166897-0 fTvehT\" readability=\"6\">\n<section readability=\"2\"><picture><img alt=\"Chiquito Romero: &quot;Para m\u00ed se qued\u00f3 corto&quot;\" src=\"http:\/\/hoycordobaweb.com\/wp-content\/uploads\/2023\/04\/por-que-almiron-no-hablo-en-la-conferencia-en-rosario-7.jpg\" width=\"29\" height=\"29\" decoding=\"async\" data-nimg=\"future\" loading=\"lazy\"><\/picture>\n<p><span>Mir\u00e1 tambi\u00e9n<\/span><\/p>\n<hr>\n<h3>Chiquito Romero: \u00abPara m\u00ed se qued\u00f3 corto\u00bb<\/h3>\n<\/p>\n<\/section>\n<\/div>\n<div class=\"sc-a7166897-0 fTvehT\" readability=\"6\">\n<section readability=\"2\"><picture><img alt=\"El resumen de Central - Boca: cuatro goles y un ST bien caliente\" src=\"http:\/\/hoycordobaweb.com\/wp-content\/uploads\/2023\/04\/por-que-almiron-no-hablo-en-la-conferencia-en-rosario-8.jpg\" width=\"29\" height=\"29\" decoding=\"async\" data-nimg=\"future\" loading=\"lazy\"><\/picture>\n<p><span>Mir\u00e1 tambi\u00e9n<\/span><\/p>\n<hr>\n<h3>El resumen de Central &#8211; Boca: cuatro goles y un ST bien caliente<\/h3>\n<\/p>\n<\/section>\n<\/div>\n<div class=\"sc-e6588e40-0 jdjGfi\">\n<div class=\"sc-e6588e40-1 hsKqox videoText\" id=\"contentTitleundefineddxnGM6HM\" readability=\"6\"><svg fill=\"#ffffff\"><symbol id=\"play\" viewBox=\"0 0 512 512\"><path d=\"M512 256C512 397.4 397.4 512 256 512C114.6 512 0 397.4 0 256C0 114.6 114.6 0 256 0C397.4 0 512 114.6 512 256zM176 168V344C176 352.7 180.7 360.7 188.3 364.9C195.8 369.2 205.1 369 212.5 364.5L356.5 276.5C363.6 272.1 368 264.4 368 256C368 247.6 363.6 239.9 356.5 235.5L212.5 147.5C205.1 142.1 195.8 142.8 188.3 147.1C180.7 151.3 176 159.3 176 168V168z\" \/><\/symbol><use xlink:href=\"#play\" \/><\/svg><\/p>\n<div class=\"right\" readability=\"7\">\n<p>Nicolas Figal<!-- --> &#8211;<!-- --> <span>23-4-2023<\/span><\/p>\n<h2 class=\"title-vid\">Ag\u00f3nico empate de Boca<\/h2>\n<\/div>\n<\/div>\n<p><span class=\"back\" id=\"spanBackundefineddxnGM6HM\"><\/span><\/div>\n<div class=\"sc-e6588e40-0 jdjGfi\">\n<div class=\"sc-e6588e40-1 hsKqox videoText\" id=\"contentTitleundefinedyTj7euzi\" readability=\"6\"><svg fill=\"#ffffff\"><symbol id=\"play\" viewBox=\"0 0 512 512\"><path d=\"M512 256C512 397.4 397.4 512 256 512C114.6 512 0 397.4 0 256C0 114.6 114.6 0 256 0C397.4 0 512 114.6 512 256zM176 168V344C176 352.7 180.7 360.7 188.3 364.9C195.8 369.2 205.1 369 212.5 364.5L356.5 276.5C363.6 272.1 368 264.4 368 256C368 247.6 363.6 239.9 356.5 235.5L212.5 147.5C205.1 142.1 195.8 142.8 188.3 147.1C180.7 151.3 176 159.3 176 168V168z\" \/><\/symbol><use xlink:href=\"#play\" \/><\/svg><\/p>\n<div class=\"right\" readability=\"7\">\n<p>Rosario Central<!-- --> &#8211;<!-- --> <span>23-4-2023<\/span><\/p>\n<h2 class=\"title-vid\">El empate entre Boca y Central<\/h2>\n<\/div>\n<\/div>\n<p><span class=\"back\" id=\"spanBackundefinedyTj7euzi\"><\/span><\/div>\n<div class=\"sc-e6588e40-0 jdjGfi\">\n<div class=\"sc-e6588e40-1 hsKqox videoText\" id=\"contentTitleundefinedgXtuG137\"><svg fill=\"#ffffff\"><symbol id=\"play\" viewBox=\"0 0 512 512\"><path d=\"M512 256C512 397.4 397.4 512 256 512C114.6 512 0 397.4 0 256C0 114.6 114.6 0 256 0C397.4 0 512 114.6 512 256zM176 168V344C176 352.7 180.7 360.7 188.3 364.9C195.8 369.2 205.1 369 212.5 364.5L356.5 276.5C363.6 272.1 368 264.4 368 256C368 247.6 363.6 239.9 356.5 235.5L212.5 147.5C205.1 142.1 195.8 142.8 188.3 147.1C180.7 151.3 176 159.3 176 168V168z\" \/><\/symbol><use xlink:href=\"#play\" \/><\/svg><\/p>\n<div class=\"right\">\n<p>Alejo V\u00e9liz<!-- --> &#8211;<!-- --> <span>23-4-2023<\/span><\/p>\n<h2 class=\"title-vid\">V\u00e9liz puso el 2-1 para el Canalla<\/h2>\n<\/div>\n<\/div>\n<p><span class=\"back\" id=\"spanBackundefinedgXtuG137\"><\/span><\/div>\n<\/div>\n","protected":false},"excerpt":{"rendered":"<p>23\/04\/2023 18:51hs. Actualizado al 23\/04\/2023 19:03hs. La sorpresa en el post partido en el Gigante de Arroyito fue cuando se comunic\u00f3 que Jorge Almir\u00f3n no iba a hablar luego del 2-2 entre Boca y Rosario Central. \u00bfPor qu\u00e9? \u00bfQu\u00e9 pas\u00f3? Claro, sucede que por haber sido expulsado durante el partido no pudo dar la conferencia [&hellip;]<\/p>\n","protected":false},"author":1,"featured_media":58876,"comment_status":"open","ping_status":"closed","sticky":false,"template":"","format":"standard","meta":[],"categories":[16],"tags":[],"_links":{"self":[{"href":"http:\/\/hoycordobaweb.com\/index.php\/wp-json\/wp\/v2\/posts\/58875"}],"collection":[{"href":"http:\/\/hoycordobaweb.com\/index.php\/wp-json\/wp\/v2\/posts"}],"about":[{"href":"http:\/\/hoycordobaweb.com\/index.php\/wp-json\/wp\/v2\/types\/post"}],"author":[{"embeddable":true,"href":"http:\/\/hoycordobaweb.com\/index.php\/wp-json\/wp\/v2\/users\/1"}],"replies":[{"embeddable":true,"href":"http:\/\/hoycordobaweb.com\/index.php\/wp-json\/wp\/v2\/comments?post=58875"}],"version-history":[{"count":0,"href":"http:\/\/hoycordobaweb.com\/index.php\/wp-json\/wp\/v2\/posts\/58875\/revisions"}],"wp:featuredmedia":[{"embeddable":true,"href":"http:\/\/hoycordobaweb.com\/index.php\/wp-json\/wp\/v2\/media\/58876"}],"wp:attachment":[{"href":"http:\/\/hoycordobaweb.com\/index.php\/wp-json\/wp\/v2\/media?parent=58875"}],"wp:term":[{"taxonomy":"category","embeddable":true,"href":"http:\/\/hoycordobaweb.com\/index.php\/wp-json\/wp\/v2\/categories?post=58875"},{"taxonomy":"post_tag","embeddable":true,"href":"http:\/\/hoycordobaweb.com\/index.php\/wp-json\/wp\/v2\/tags?post=58875"}],"curies":[{"name":"wp","href":"https:\/\/api.w.org\/{rel}","templated":true}]}}