{"id":58857,"date":"2023-04-21T12:15:27","date_gmt":"2023-04-21T12:15:27","guid":{"rendered":"https:\/\/fono.fcm.unc.edu.ar\/?p=10667"},"modified":"2023-04-21T12:15:27","modified_gmt":"2023-04-21T12:15:27","slug":"60-aniversario-programa-pila-estudiantil","status":"publish","type":"post","link":"http:\/\/hoycordobaweb.com\/index.php\/2023\/04\/21\/60-aniversario-programa-pila-estudiantil\/","title":{"rendered":"60\u00b0 Aniversario \u2013 Programa PILA Estudiantil"},"content":{"rendered":"<h2 class=\"fusion-post-title\">60\u00b0 Aniversario \u2013 Programa PILA Estudiantil<\/h2>\n<div class=\"post-content\" readability=\"55.941348973607\">\n<p><img loading=\"lazy\" class=\"alignright size-fusion-400 wp-image-10668\" src=\"https:\/\/fono.fcm.unc.edu.ar\/wp-content\/uploads\/sites\/14\/2023\/04\/Captura-desde-2023-04-21-09-14-03-400x290.png\" alt width=\"400\" height=\"290\" srcset=\"https:\/\/fono.fcm.unc.edu.ar\/wp-content\/uploads\/sites\/14\/2023\/04\/Captura-desde-2023-04-21-09-14-03-200x145.png 200w, https:\/\/fono.fcm.unc.edu.ar\/wp-content\/uploads\/sites\/14\/2023\/04\/Captura-desde-2023-04-21-09-14-03-300x217.png 300w, https:\/\/fono.fcm.unc.edu.ar\/wp-content\/uploads\/sites\/14\/2023\/04\/Captura-desde-2023-04-21-09-14-03-400x290.png 400w, https:\/\/fono.fcm.unc.edu.ar\/wp-content\/uploads\/sites\/14\/2023\/04\/Captura-desde-2023-04-21-09-14-03-600x435.png 600w, https:\/\/fono.fcm.unc.edu.ar\/wp-content\/uploads\/sites\/14\/2023\/04\/Captura-desde-2023-04-21-09-14-03.png 729w\" sizes=\"(max-width: 400px) 100vw, 400px\">El Programa PILA de intercambio de estudiantes de grado entre Universidades argentinas, colombianas y mexicanas nace de un acuerdo firmado entre el Consejo Interuniversitario Nacional de la Rep\u00fablica Argentina (CIN), la Asociaci\u00f3n Colombiana de Universidades (ASCUN) y la Asociaci\u00f3n Nacional de Universidades e Instituciones de Educaci\u00f3n Superior de M\u00e9xico (ANUIES).<\/p>\n<p>Tiene el fin de enriquecer su formaci\u00f3n acad\u00e9mica, profesional e integral, as\u00ed como promover la internacionalizaci\u00f3n de la educaci\u00f3n superior y fortalecer los lazos de cooperaci\u00f3n entre Colombia, M\u00e9xico y Argentina.<\/p>\n<p>A trav\u00e9s de este programa, los estudiantes pueden cursar un semestre de su carrera en una universidad extranjera, con posibilidad de gestionar en su universidad de origen el reconocimiento de las materias que hayan aprobado.<\/p>\n<p>Las solicitudes se presentar\u00e1n&nbsp; hasta el <strong><em>martes 16 de mayo de 2023<\/em><\/strong>, 12hs. (ARG) mediante el siguiente&nbsp;<a href=\"https:\/\/docs.google.com\/forms\/d\/e\/1FAIpQLScLNKM46pI4eMBXAaVvyc6cNqsR2EJHG_lXqJktnaTOJufhbg\/viewform\">Formulario Web<\/a><\/p>\n<p>Para consultar las plazas disponibles, los requisitos y el programa ingresa&nbsp;<a href=\"https:\/\/www.unc.edu.ar\/internacionales\/programa-de-intercambio-academico-latinoamericano-pila\" target=\"_blank\" rel=\"noopener noreferrer\">AQU\u00cd<\/a><\/p>\n<\/p><\/div>\n","protected":false},"excerpt":{"rendered":"<p>60\u00b0 Aniversario \u2013 Programa PILA Estudiantil El Programa PILA de intercambio de estudiantes de grado entre Universidades argentinas, colombianas y mexicanas nace de un acuerdo firmado entre el Consejo Interuniversitario Nacional de la Rep\u00fablica Argentina (CIN), la Asociaci\u00f3n Colombiana de Universidades (ASCUN) y la Asociaci\u00f3n Nacional de Universidades e Instituciones de Educaci\u00f3n Superior de M\u00e9xico [&hellip;]<\/p>\n","protected":false},"author":1,"featured_media":0,"comment_status":"closed","ping_status":"closed","sticky":false,"template":"","format":"standard","meta":[],"categories":[1],"tags":[],"_links":{"self":[{"href":"http:\/\/hoycordobaweb.com\/index.php\/wp-json\/wp\/v2\/posts\/58857"}],"collection":[{"href":"http:\/\/hoycordobaweb.com\/index.php\/wp-json\/wp\/v2\/posts"}],"about":[{"href":"http:\/\/hoycordobaweb.com\/index.php\/wp-json\/wp\/v2\/types\/post"}],"author":[{"embeddable":true,"href":"http:\/\/hoycordobaweb.com\/index.php\/wp-json\/wp\/v2\/users\/1"}],"replies":[{"embeddable":true,"href":"http:\/\/hoycordobaweb.com\/index.php\/wp-json\/wp\/v2\/comments?post=58857"}],"version-history":[{"count":0,"href":"http:\/\/hoycordobaweb.com\/index.php\/wp-json\/wp\/v2\/posts\/58857\/revisions"}],"wp:attachment":[{"href":"http:\/\/hoycordobaweb.com\/index.php\/wp-json\/wp\/v2\/media?parent=58857"}],"wp:term":[{"taxonomy":"category","embeddable":true,"href":"http:\/\/hoycordobaweb.com\/index.php\/wp-json\/wp\/v2\/categories?post=58857"},{"taxonomy":"post_tag","embeddable":true,"href":"http:\/\/hoycordobaweb.com\/index.php\/wp-json\/wp\/v2\/tags?post=58857"}],"curies":[{"name":"wp","href":"https:\/\/api.w.org\/{rel}","templated":true}]}}