{"id":58845,"date":"2023-04-19T15:49:58","date_gmt":"2023-04-19T15:49:58","guid":{"rendered":"https:\/\/www.trendencias.com\/shopping\/ikea-tiene-accesorio-que-llevaremos-siempre-a-nuestros-viajes-verano-2-euros"},"modified":"2023-04-19T15:49:58","modified_gmt":"2023-04-19T15:49:58","slug":"ikea-tiene-el-accesorio-que-llevaremos-siempre-a-nuestros-viajes-de-verano-por-menos-de-2-euros","status":"publish","type":"post","link":"http:\/\/hoycordobaweb.com\/index.php\/2023\/04\/19\/ikea-tiene-el-accesorio-que-llevaremos-siempre-a-nuestros-viajes-de-verano-por-menos-de-2-euros\/","title":{"rendered":"Ikea tiene el accesorio que llevaremos siempre a nuestros viajes de verano por menos de 2 euros"},"content":{"rendered":"<p>Si buscas una <strong>mochila pr\u00e1ctica<\/strong> y con mucho espacio, la Pivring de <a href=\"https:\/\/www.trendencias.com\/diseno\/ikea-tiene-set-tres-muebles-exterior-20-euros-cada-uno-perfecto-para-terrazas-pequenas\">Ikea<\/a> es justo lo que necesitas. Esta mochila ofrece suficiente espacio para el t\u00e1per, ropa extra y un ordenador port\u00e1til de 14 pulgadas o una tableta. Adem\u00e1s, cuenta con un compartimento de malla para llevar una botella de agua y una gorra. Pero lo mejor de todo es su escandaloso precio: solo <a class=\"js-ecommerce\" href=\"https:\/\/www.trendencias.com\/redirect?url=https%3A%2F%2Fwww.ikea.com%2Fes%2Fes%2Fp%2Fpivring-mochila-gris-claro-60484938%2F&amp;category=shopping\" data-vars-affiliate-url=\"https:\/\/www.trendencias.com\/redirect?url=https%3A%2F%2Fwww.ikea.com%2Fes%2Fes%2Fp%2Fpivring-mochila-gris-claro-60484938%2F&amp;category=shopping\">1,99 euros<\/a>.&nbsp;<\/p>\n<p><!-- BREAK 1 --><!-- PIVOT START --><\/p>\n<div class=\"pivot-ecommerce-container\">\n<div class=\"pivot-ecommerce\">\n<div class=\"pivot-ecommerce-figure\"> <a href=\"https:\/\/www.trendencias.com\/redirect?url=https%3A%2F%2Fwww.ikea.com%2Fes%2Fes%2Fp%2Fpivring-mochila-gris-claro-60484938%2F&amp;category=shopping&amp;pivot=1\"> <img alt=\"Mochila Pivring\" src=\"http:\/\/hoycordobaweb.com\/wp-content\/uploads\/2023\/04\/ikea-tiene-el-accesorio-que-llevaremos-siempre-a-nuestros-viajes-de-verano-por-menos-de-2-euros.png\"> <\/a> <\/div>\n<div class=\"pivot-ecommerce-summary\">\n<p class=\"pivot-ecommerce-desc\">Mochila Pivring<\/p>\n<\/p><\/div><\/div>\n<\/div>\n<p><!-- PIVOT END --><\/p>\n<p>Confeccionada con materiales de alta calidad, la Pivring es resistente y duradera, por lo que es perfecta para el uso diario. La mochila est\u00e1 dise\u00f1ada para ser c\u00f3moda, con <strong>correas ajustables<\/strong> para los hombros y una parte posterior acolchada que evita que la mochila roce la piel.<\/p>\n<p><!-- BREAK 2 --> <\/p>\n<div class=\"article-asset-image article-asset-normal article-asset-center\">\n<div class=\"asset-content\">\n<div class=\"base-wrapper-image\"> <img class=\"sf-lazy centro_sinmarco\" data-sf-srcset=\"http:\/\/hoycordobaweb.com\/wp-content\/uploads\/2023\/04\/ikea-tiene-el-accesorio-que-llevaremos-siempre-a-nuestros-viajes-de-verano-por-menos-de-2-euros-1.png 450w, http:\/\/hoycordobaweb.com\/wp-content\/uploads\/2023\/04\/ikea-tiene-el-accesorio-que-llevaremos-siempre-a-nuestros-viajes-de-verano-por-menos-de-2-euros-3.png 681w,http:\/\/hoycordobaweb.com\/wp-content\/uploads\/2023\/04\/ikea-tiene-el-accesorio-que-llevaremos-siempre-a-nuestros-viajes-de-verano-por-menos-de-2-euros-4.png 1024w, http:\/\/hoycordobaweb.com\/wp-content\/uploads\/2023\/04\/ikea-tiene-el-accesorio-que-llevaremos-siempre-a-nuestros-viajes-de-verano-por-menos-de-2-euros-5.png 1366w,\" data-sf-src=\"http:\/\/hoycordobaweb.com\/wp-content\/uploads\/2023\/04\/ikea-tiene-el-accesorio-que-llevaremos-siempre-a-nuestros-viajes-de-verano-por-menos-de-2-euros-1.png\" alt=\"Captura De Pantalla 2023 04 19 A Las 17 22 30\"> <noscript><img alt=\"Captura De Pantalla 2023 04 19 A Las 17 22 30\" class=\"centro_sinmarco\" src=\"http:\/\/hoycordobaweb.com\/wp-content\/uploads\/2023\/04\/ikea-tiene-el-accesorio-que-llevaremos-siempre-a-nuestros-viajes-de-verano-por-menos-de-2-euros-1.png\"><\/noscript> <\/div><\/div>\n<\/div>\n<p>Adem\u00e1s de su practicidad, la mochila es <strong>elegante y moderna<\/strong>. Disponible en varios colores, su dise\u00f1o minimalista y sofisticado la convierte en una opci\u00f3n vers\u00e1til para cualquier estilo de vida.<\/p>\n<p><!-- BREAK 3 --><\/p>\n<div class=\"article-asset article-asset-normal article-asset-center\">\n<div class=\"desvio-container\">\n<div class=\"desvio\">\n<div class=\"desvio-figure js-desvio-figure\"> <a href=\"https:\/\/www.trendencias.com\/shopping\/ikea-solucion-que-nos-protege-sol-nuestra-terraza-jardin-amplio-cenador-que-vendido-su-catalogo-169-euros\"> <img alt=\"Ikea y la soluci\u00f3n que nos protege del sol en nuestra terraza o jard\u00edn: un amplio cenador que adem\u00e1s es el m\u00e1s vendido de su cat\u00e1logo (por 169 euros) \" src=\"http:\/\/hoycordobaweb.com\/wp-content\/uploads\/2023\/04\/ikea-tiene-el-accesorio-que-llevaremos-siempre-a-nuestros-viajes-de-verano-por-menos-de-2-euros.jpg\"> <\/a> <\/div><\/div><\/div>\n<\/div>\n<p>La mochila Pivring no solo es pr\u00e1ctica y elegante, sino que tambi\u00e9n es muy funcional. Con <strong>m\u00faltiples bolsillos y compartimentos<\/strong>, permite una organizaci\u00f3n efectiva y f\u00e1cil acceso a tus pertenencias. Su tama\u00f1o compacto tambi\u00e9n la hace f\u00e1cil de guardar en armarios o en el maletero del coche.<\/p>\n<p><!-- BREAK 4 --><\/p>\n<h2><strong>Las editoras de Trendencias recomiendan<\/strong><\/h2>\n<p><!-- PIVOT START --><\/p>\n<div class=\"pivot-ecommerce-container\">\n<div class=\"pivot-ecommerce\" readability=\"5.46875\">\n<div class=\"pivot-ecommerce-figure\"> <a href=\"https:\/\/www.trendencias.com\/redirect?url=https%3A%2F%2Fwww.amazon.es%2Fdp%2FB08TBVDVVQ%3Ftag%3Dtrendencias-21%26linkCode%3Dogi%26th%3D1%26psc%3D1&amp;category=shopping&amp;pivot=1\"> <img alt=\"Desigual Back_deja Vu Sumy Mini, Mochila Mujer, Marr\u00f3n, Talla \u00danica\" src=\"http:\/\/hoycordobaweb.com\/wp-content\/uploads\/2023\/04\/ikea-tiene-el-accesorio-que-llevaremos-siempre-a-nuestros-viajes-de-verano-por-menos-de-2-euros-1.jpg\"> <\/a> <\/div>\n<div class=\"pivot-ecommerce-summary\" readability=\"7.2916666666667\">\n<p class=\"pivot-ecommerce-desc\">Desigual Back_deja Vu Sumy Mini, Mochila Mujer, Marr\u00f3n, Talla \u00danica<\/p>\n<\/p><\/div><\/div>\n<\/div>\n<p><!-- PIVOT END --><br \/>\n<!-- PIVOT START --><\/p>\n<div class=\"pivot-ecommerce-container\">\n<div class=\"pivot-ecommerce\" readability=\"6.1165048543689\">\n<div class=\"pivot-ecommerce-figure\"> <a href=\"https:\/\/www.trendencias.com\/redirect?url=https%3A%2F%2Fwww.amazon.es%2Fdp%2FB08XN73ZPC%3Ftag%3Dtrendencias-21%26linkCode%3Dogi%26th%3D1%26psc%3D1&amp;category=shopping&amp;pivot=1\"> <img alt=\"Lois - Bolso Mochila Mujer Casual - Bolsos Mochila para Mujer. Mochila Bolso Mujer de Marca Lois. Mochila Casual Mujer -Mochilas Peque\u00f1as Mujer. Mochilas Mujer Moda 310723, Beige\" src=\"http:\/\/hoycordobaweb.com\/wp-content\/uploads\/2023\/04\/ikea-tiene-el-accesorio-que-llevaremos-siempre-a-nuestros-viajes-de-verano-por-menos-de-2-euros-2.jpg\"> <\/a> <\/div>\n<div class=\"pivot-ecommerce-summary\" readability=\"7.8640776699029\">\n<p class=\"pivot-ecommerce-desc\">Lois &#8211; Bolso Mochila Mujer Casual &#8211; Bolsos Mochila para Mujer. Mochila Bolso Mujer de Marca Lois. Mochila Casual Mujer -Mochilas Peque\u00f1as Mujer. Mochilas Mujer Moda 310723, Beige<\/p>\n<\/p><\/div><\/div>\n<\/div>\n<p><!-- PIVOT END --><br \/>\n<!-- PIVOT START --><\/p>\n<div class=\"pivot-ecommerce-container\">\n<div class=\"pivot-ecommerce\" readability=\"4.7210526315789\">\n<div class=\"pivot-ecommerce-figure\"> <a href=\"https:\/\/www.trendencias.com\/redirect?url=https%3A%2F%2Fwww.amazon.es%2Fdp%2FB0B7FGJZGH%3Ftag%3Dtrendencias-21%26linkCode%3Dogi%26th%3D1%26psc%3D1&amp;category=shopping&amp;pivot=1\"> <img alt=\"Pepe Jeans Mabel Mochila Casual Negro 20x25,5x10 cms Piel sint\u00e9tica\" src=\"http:\/\/hoycordobaweb.com\/wp-content\/uploads\/2023\/04\/ikea-tiene-el-accesorio-que-llevaremos-siempre-a-nuestros-viajes-de-verano-por-menos-de-2-euros-3.jpg\"> <\/a> <\/div>\n<div class=\"pivot-ecommerce-summary\" readability=\"5.8105263157895\">\n<p class=\"pivot-ecommerce-desc\">Pepe Jeans Mabel Mochila Casual Negro 20&#215;25,5&#215;10 cms Piel sint\u00e9tica<\/p>\n<\/p><\/div><\/div>\n<\/div>\n<p><!-- PIVOT END --><\/p>\n<div class=\"article-asset-image article-asset-small article-asset-center\">\n<div class=\"asset-content\">\n<div class=\"base-wrapper-image\"> <a href=\"https:\/\/t.me\/trendenciasshop\"> <img class=\"sf-lazy centro_sinmarco\" data-sf-srcset=\"http:\/\/hoycordobaweb.com\/wp-content\/uploads\/2023\/04\/ikea-tiene-el-accesorio-que-llevaremos-siempre-a-nuestros-viajes-de-verano-por-menos-de-2-euros-2.png 450w, http:\/\/hoycordobaweb.com\/wp-content\/uploads\/2023\/04\/ikea-tiene-el-accesorio-que-llevaremos-siempre-a-nuestros-viajes-de-verano-por-menos-de-2-euros-6.png 681w,http:\/\/hoycordobaweb.com\/wp-content\/uploads\/2023\/04\/ikea-tiene-el-accesorio-que-llevaremos-siempre-a-nuestros-viajes-de-verano-por-menos-de-2-euros-7.png 1024w, http:\/\/hoycordobaweb.com\/wp-content\/uploads\/2023\/04\/ikea-tiene-el-accesorio-que-llevaremos-siempre-a-nuestros-viajes-de-verano-por-menos-de-2-euros-8.png 1366w,\" data-sf-src=\"http:\/\/hoycordobaweb.com\/wp-content\/uploads\/2023\/04\/ikea-tiene-el-accesorio-que-llevaremos-siempre-a-nuestros-viajes-de-verano-por-menos-de-2-euros-2.png\" alt=\"telegram\"> <noscript><img alt=\"telegram\" class=\"centro_sinmarco\" src=\"http:\/\/hoycordobaweb.com\/wp-content\/uploads\/2023\/04\/ikea-tiene-el-accesorio-que-llevaremos-siempre-a-nuestros-viajes-de-verano-por-menos-de-2-euros-2.png\"><\/noscript> <\/a> <\/div><\/div>\n<\/div>\n<p><em>Puedes estar al d\u00eda y en cada momento informado de las principales ofertas y novedades de Trendencias Shopping en nuestro canal de <\/em><a href=\"https:\/\/t.me\/trendenciasshop\" rel=\"noopener noreferrer\" data-id=\"noopener noreferrer\"><em>Telegram<\/em><\/a><em> o en nuestros perfiles de <\/em><a href=\"https:\/\/www.instagram.com\/trendencias\/\" rel=\"noopener noreferrer\" data-id=\"noopener noreferrer\"><em>Instagram<\/em><\/a><em>, <\/em><a href=\"https:\/\/www.facebook.com\/Trendencias\/\" rel=\"noopener noreferrer\" data-id=\"noopener noreferrer\"><em>Facebook<\/em><\/a><em> y la revista <\/em><a href=\"https:\/\/flipboard.com\/@Trendencias\" rel=\"noopener noreferrer\" data-id=\"noopener noreferrer\"><em>Flipboard<\/em><\/a><em>.<\/em><\/p>\n<p><!-- BREAK 5 --><\/p>\n<blockquote><p><em>Nota: a<\/em>lgunos de los enlaces de este art\u00edculo son afiliados y pueden reportar un beneficio a Trendencias<\/p><\/blockquote>\n<p>En Trendencias | <a href=\"https:\/\/www.trendencias.com\/propuestas-y-consejos\/estos-vestidos-tendencia-esta-temporada-primavera-verano-2023-vamos-todo\" rel=\"noopener noreferrer\" data-id=\"noopener noreferrer\">Estos son los vestidos tendencia de esta temporada primavera-verano 2023: vamos con todo<\/a><\/p>\n<p><!-- BREAK 6 --><\/p>\n<p>Fotos | <a href=\"https:\/\/www.instagram.com\/p\/CqvTJvxI4lP\/\">@chiaraferragni<\/a>, Ikea<\/p>\n","protected":false},"excerpt":{"rendered":"<p>Si buscas una mochila pr\u00e1ctica y con mucho espacio, la Pivring de Ikea es justo lo que necesitas. Esta mochila ofrece suficiente espacio para el t\u00e1per, ropa extra y un ordenador port\u00e1til de 14 pulgadas o una tableta. Adem\u00e1s, cuenta con un compartimento de malla para llevar una botella de agua y una gorra. Pero [&hellip;]<\/p>\n","protected":false},"author":1,"featured_media":58846,"comment_status":"closed","ping_status":"closed","sticky":false,"template":"","format":"standard","meta":[],"categories":[1],"tags":[],"_links":{"self":[{"href":"http:\/\/hoycordobaweb.com\/index.php\/wp-json\/wp\/v2\/posts\/58845"}],"collection":[{"href":"http:\/\/hoycordobaweb.com\/index.php\/wp-json\/wp\/v2\/posts"}],"about":[{"href":"http:\/\/hoycordobaweb.com\/index.php\/wp-json\/wp\/v2\/types\/post"}],"author":[{"embeddable":true,"href":"http:\/\/hoycordobaweb.com\/index.php\/wp-json\/wp\/v2\/users\/1"}],"replies":[{"embeddable":true,"href":"http:\/\/hoycordobaweb.com\/index.php\/wp-json\/wp\/v2\/comments?post=58845"}],"version-history":[{"count":0,"href":"http:\/\/hoycordobaweb.com\/index.php\/wp-json\/wp\/v2\/posts\/58845\/revisions"}],"wp:featuredmedia":[{"embeddable":true,"href":"http:\/\/hoycordobaweb.com\/index.php\/wp-json\/wp\/v2\/media\/58846"}],"wp:attachment":[{"href":"http:\/\/hoycordobaweb.com\/index.php\/wp-json\/wp\/v2\/media?parent=58845"}],"wp:term":[{"taxonomy":"category","embeddable":true,"href":"http:\/\/hoycordobaweb.com\/index.php\/wp-json\/wp\/v2\/categories?post=58845"},{"taxonomy":"post_tag","embeddable":true,"href":"http:\/\/hoycordobaweb.com\/index.php\/wp-json\/wp\/v2\/tags?post=58845"}],"curies":[{"name":"wp","href":"https:\/\/api.w.org\/{rel}","templated":true}]}}