{"id":58825,"date":"2023-04-22T21:22:17","date_gmt":"2023-04-22T21:22:17","guid":{"rendered":"https:\/\/www.ole.com.ar\/futbol-internacional\/alejandro-garnacho-entrenamiento-vuelta-canchas-lesion-tobillo_0_afLUsDXBkG.html"},"modified":"2023-04-22T21:22:17","modified_gmt":"2023-04-22T21:22:17","slug":"garnacho-cada-vez-mas-cerca-de-la-vuelta-a-las-canchas","status":"publish","type":"post","link":"http:\/\/hoycordobaweb.com\/index.php\/2023\/04\/22\/garnacho-cada-vez-mas-cerca-de-la-vuelta-a-las-canchas\/","title":{"rendered":"Garnacho, cada vez m\u00e1s cerca de la vuelta a las canchas"},"content":{"rendered":"<p><img src=\"http:\/\/hoycordobaweb.com\/wp-content\/uploads\/2023\/04\/garnacho-cada-vez-mas-cerca-de-la-vuelta-a-las-canchas.jpg\"><\/p>\n<p><time class=\"createDate\" datetime=\"2023-04-22T18:22:17-03:00\">22\/04\/2023 18:22hs.<\/time><time class=\"modificatedDate\" datetime=\"2023\/04\/22T18:22:16-03:00\"><\/time><\/p>\n<div id=\"storyBody\">\n<div class=\"custom-text \" readability=\"35.368070953437\">\n<p>Ya se sortearon los grupos del <a href=\"https:\/\/www.ole.com.ar\/tema\/mundial-sub-20-2023.html\" title=\"Mundial Sub 20 2023 \" alt=\"Mundial Sub 20 2023 \" class=\"slug\">Mundial Sub 20<\/a> y est\u00e1 todo listo para el comienzo del certamen, que se disputar\u00e1 entre el 20 de mayo y el 11 de junio en Argentina. A pesar de que falta menos de un mes para el debut de la <a href=\"https:\/\/www.ole.com.ar\/tema\/seleccion-argentina.html\" title=\"Selecci\u00f3n Argentina\" alt=\"Selecci\u00f3n Argentina\" class=\"slug\">Selecci\u00f3n<\/a>, todav\u00eda no est\u00e1 confirmada la presencia de una de las mayores estrellas del plantel, <a href=\"https:\/\/www.ole.com.ar\/tema\/alejandro-garnacho.html\" title=\"Alejandro Garnacho\" alt=\"Alejandro Garnacho\" class=\"slug\"><strong>Alejandro Garnacho<\/strong><\/a>. Mientras se destraba su situaci\u00f3n, <strong>el prometedor jugador est\u00e1 afrontando la etapa final de su recuperaci\u00f3n<\/strong>.<\/p>\n<\/div>\n<div class=\"sc-996041c8-0 iUjELL\"><img alt=\"Garnacho, cada vez m\u00e1s cerca de volver a las canchas.\" src=\"http:\/\/hoycordobaweb.com\/wp-content\/uploads\/2023\/04\/garnacho-cada-vez-mas-cerca-de-la-vuelta-a-las-canchas-2.jpg\" width=\"72\" height=\"10\" decoding=\"async\" data-nimg=\"future\" loading=\"lazy\"><span>Garnacho, cada vez m\u00e1s cerca de volver a las canchas.<\/span><\/div>\n<div class=\"custom-text \" readability=\"36\">\n<p>Este s\u00e1bado, Garnacho public\u00f3 una foto y un video en las historias de Instagram <strong>para mostrar c\u00f3mo est\u00e1 llevando la puesta a punto para volver a las canchas<\/strong>. El extremo de 18 a\u00f1os subi\u00f3 una foto en el centro de entrenamiento del Manchester United y comparti\u00f3 un video suyo haciendo peso muerto.<\/p>\n<\/div>\n<div class=\"sc-e6588e40-0 jdjGfi\">\n<div class=\"sc-e6588e40-1 hsKqox videoText\" id=\"contentTitleundefinedGAzukZIS\" readability=\"56\"><svg fill=\"#ffffff\"><symbol id=\"play\" viewBox=\"0 0 512 512\"><path d=\"M512 256C512 397.4 397.4 512 256 512C114.6 512 0 397.4 0 256C0 114.6 114.6 0 256 0C397.4 0 512 114.6 512 256zM176 168V344C176 352.7 180.7 360.7 188.3 364.9C195.8 369.2 205.1 369 212.5 364.5L356.5 276.5C363.6 272.1 368 264.4 368 256C368 247.6 363.6 239.9 356.5 235.5L212.5 147.5C205.1 142.1 195.8 142.8 188.3 147.1C180.7 151.3 176 159.3 176 168V168z\" \/><\/symbol><use xlink:href=\"#play\" \/><\/svg><\/p>\n<div class=\"right\" readability=\"7\">\n<p>Alejandro Garnacho<!-- --> &#8211;<!-- --> <span>22-4-2023<\/span><\/p>\n<h2 class=\"title-vid\">Garnacho, cada vez m\u00e1s cerca de volver a las canchas<\/h2>\n<\/div>\n<\/div>\n<p><span class=\"back\" id=\"spanBackundefinedGAzukZIS\"><\/span><\/div>\n<div class=\"sc-a7166897-0 fTvehT\" readability=\"7\">\n<section readability=\"4\"><picture><img alt=\"Con el Dibu reemplazado y una asistencia de Buend\u00eda, el Aston Villa se llev\u00f3 un empate\" src=\"http:\/\/hoycordobaweb.com\/wp-content\/uploads\/2023\/04\/garnacho-cada-vez-mas-cerca-de-la-vuelta-a-las-canchas-3.jpg\" width=\"29\" height=\"29\" decoding=\"async\" data-nimg=\"future\" loading=\"lazy\"><\/picture>\n<p><span>Mir\u00e1 tambi\u00e9n<\/span><\/p>\n<hr>\n<h3>Con el Dibu reemplazado y una asistencia de Buend\u00eda, el Aston Villa se llev\u00f3 un empate<\/h3>\n<\/p>\n<\/section>\n<\/div>\n<div class=\"custom-text \" readability=\"39\">\n<p>Hace unos d\u00edas, Garnacho ya hab\u00eda mostrado que volvi\u00f3 a ponerse el calzado deportivo y escribi\u00f3 mensaje m\u00e1s que positivo de cara a lo que viene para \u00e9l y el seleccionado Sub 20: \u201cBack with the boots\u201d. En castellano: \u00ab<strong>Otra vez con los botines<\/strong>\u00ab. Si bien disput\u00f3 apenas un pu\u00f1ado de encuentros con la Selecci\u00f3n, de cara a la Copa del Mundo es una de las piezas con las que el entrenador del equipo, Javier Mascherano, desea contar.<\/p>\n<\/div>\n<div class=\"sc-996041c8-0 iUjELL\"><img alt=\"Alejandro Garnacho y su positivo mensaje. (Instagram: Alejandro Garnacho)\" src=\"http:\/\/hoycordobaweb.com\/wp-content\/uploads\/2023\/04\/garnacho-cada-vez-mas-cerca-de-la-vuelta-a-las-canchas-4.jpg\" width=\"72\" height=\"10\" decoding=\"async\" data-nimg=\"future\" loading=\"lazy\"><span>Alejandro Garnacho y su positivo mensaje. (Instagram: Alejandro Garnacho)<\/span><\/div>\n<div class=\"sc-a7166897-0 fTvehT\" readability=\"6\">\n<section readability=\"2\"><picture><img alt=\"El enojo de Sergio Ramos con Elon Musk por el verificado de Twitter\" src=\"http:\/\/hoycordobaweb.com\/wp-content\/uploads\/2023\/04\/garnacho-cada-vez-mas-cerca-de-la-vuelta-a-las-canchas-5.jpg\" width=\"29\" height=\"29\" decoding=\"async\" data-nimg=\"future\" loading=\"lazy\"><\/picture>\n<p><span>Mir\u00e1 tambi\u00e9n<\/span><\/p>\n<hr>\n<h3>El enojo de Sergio Ramos con Elon Musk por el verificado de Twitter<\/h3>\n<\/p>\n<\/section>\n<\/div>\n<p><h2><strong>Ya pas\u00f3 m\u00e1s de un mes de la lesi\u00f3n<\/strong><\/h2>\n<\/p>\n<div class=\"custom-text \" readability=\"37\">\n<p><strong>Garnacho se lesion\u00f3 su tobillo derecho el 12 de marzo en un partido de Premier League<\/strong> en el que su equipo, el Manchester United, enfrent\u00f3 al Southampton. El argentino tuvo que salir reemplazado para posteriormente confirmar que su salida del campo de juego se deb\u00eda a una <strong>lesi\u00f3n en el ligamento de su tobillo derecho que une con la tibia y peron\u00e9<\/strong>. La recuperaci\u00f3n no tiene una fecha l\u00edmite estipulada ni pactada.<\/p>\n<\/div>\n<div class=\"sc-e6588e40-0 jdjGfi\">\n<div class=\"sc-e6588e40-1 hsKqox videoText\" id=\"contentTitleundefined6N1ZjMh6\" readability=\"56\"><svg fill=\"#ffffff\"><symbol id=\"play\" viewBox=\"0 0 512 512\"><path d=\"M512 256C512 397.4 397.4 512 256 512C114.6 512 0 397.4 0 256C0 114.6 114.6 0 256 0C397.4 0 512 114.6 512 256zM176 168V344C176 352.7 180.7 360.7 188.3 364.9C195.8 369.2 205.1 369 212.5 364.5L356.5 276.5C363.6 272.1 368 264.4 368 256C368 247.6 363.6 239.9 356.5 235.5L212.5 147.5C205.1 142.1 195.8 142.8 188.3 147.1C180.7 151.3 176 159.3 176 168V168z\" \/><\/symbol><use xlink:href=\"#play\" \/><\/svg><\/p>\n<div class=\"right\" readability=\"7\">\n<p>Alejandro Garnacho<!-- --> &#8211;<!-- --> <span>22-4-2023<\/span><\/p>\n<h2 class=\"title-vid\">As\u00ed fue el golpe que recibi\u00f3 Garnacho<\/h2>\n<\/div>\n<\/div>\n<p><span class=\"back\" id=\"spanBackundefined6N1ZjMh6\"><\/span><\/div>\n<div class=\"sc-a7166897-0 fTvehT\" readability=\"6\">\n<section readability=\"2\"><picture><img alt=\"El gol de Guido Rodr\u00edguez no le alcanz\u00f3 al Betis\" src=\"http:\/\/hoycordobaweb.com\/wp-content\/uploads\/2023\/04\/garnacho-cada-vez-mas-cerca-de-la-vuelta-a-las-canchas-6.jpg\" width=\"29\" height=\"29\" decoding=\"async\" data-nimg=\"future\" loading=\"lazy\"><\/picture>\n<p><span>Mir\u00e1 tambi\u00e9n<\/span><\/p>\n<hr>\n<h3>El gol de Guido Rodr\u00edguez no le alcanz\u00f3 al Betis<\/h3>\n<\/p>\n<\/section>\n<\/div>\n<p><h2><strong>El viaje de Mascherano para negociar por las figuras<\/strong><\/h2>\n<\/p>\n<div class=\"custom-text \" readability=\"39\">\n<p>El entrenador dio una lista preliminar el martes de 37 jugadores en la que se encuentran varios chicos que juegan en el exterior y no todos los clubes est\u00e1n dispuestos a cederlos. \u00bfPor qu\u00e9? <strong>Desde la FIFA no pusieron el Mundial Sub 20 en su calendario y, por eso, no tienen obligaci\u00f3n de ceder a sus futbolistas<\/strong> y, entonces, las negociaciones para que los chicos puedan venir est\u00e1n a la orden del d\u00eda.<\/p>\n<\/div>\n<div class=\"sc-a7166897-0 fTvehT\" readability=\"6\">\n<section readability=\"2\"><picture><img alt=\"El compa\u00f1ero de Messi que fue puesto en venta\" src=\"http:\/\/hoycordobaweb.com\/wp-content\/uploads\/2023\/04\/garnacho-cada-vez-mas-cerca-de-la-vuelta-a-las-canchas-7.jpg\" width=\"29\" height=\"29\" decoding=\"async\" data-nimg=\"future\" loading=\"lazy\"><\/picture>\n<p><span>Mir\u00e1 tambi\u00e9n<\/span><\/p>\n<hr>\n<h3>El compa\u00f1ero de Messi que fue puesto en venta<\/h3>\n<\/p>\n<\/section>\n<\/div>\n<p><h2><strong>La situaci\u00f3n de Garnacho<\/strong><\/h2>\n<\/p>\n<div class=\"custom-text \" readability=\"39\">\n<p>Si el Manchester United lo cede, sin dudas que es el jugador argentino de mayor renombre para este Mundial. Pero <strong>el club ingl\u00e9s, por ahora, se muestra muy duro<\/strong>. Al delantero a\u00fan le quedan unos d\u00edas m\u00e1s de recuperaci\u00f3n de su lesi\u00f3n, algo que le impidi\u00f3 ser parte de la \u00faltima convocatoria de la Selecci\u00f3n Mayor.<\/p>\n<\/div>\n<div class=\"sc-996041c8-0 iUjELL\"><img alt=\"Garnacho tuvo mucho protagonismo en la temporada del United.\" src=\"http:\/\/hoycordobaweb.com\/wp-content\/uploads\/2023\/04\/garnacho-cada-vez-mas-cerca-de-la-vuelta-a-las-canchas-8.jpg\" width=\"72\" height=\"10\" decoding=\"async\" data-nimg=\"future\" loading=\"lazy\"><span>Garnacho tuvo mucho protagonismo en la temporada del United.<\/span><\/div>\n<div class=\"custom-text \" readability=\"36\">\n<p>En Old Trafford <strong>creen que van a necesitar a Alejandro en la recta final de la Premier y de la FA Cup<\/strong>. Justamente este \u00faltimo torneo puede ser la llave para Garna: el domingo juegan las semifinales el United ante el Brigthon. <strong>Si el Manchester se queda afuera -como ya le ocurri\u00f3 en la Europa League-, las chances de que lo cedan crecer\u00e1n<\/strong>.<\/p>\n<\/div>\n<div class=\"sc-a7166897-0 fTvehT\" readability=\"6\">\n<section readability=\"2\"><picture><img alt=\"\u00bfSe viene cl\u00e1sico de Manchester en la final de la FA Cup?\" src=\"http:\/\/hoycordobaweb.com\/wp-content\/uploads\/2023\/04\/garnacho-cada-vez-mas-cerca-de-la-vuelta-a-las-canchas-9.jpg\" width=\"29\" height=\"29\" decoding=\"async\" data-nimg=\"future\" loading=\"lazy\"><\/picture>\n<p><span>Mir\u00e1 tambi\u00e9n<\/span><\/p>\n<hr>\n<h3>\u00bfSe viene cl\u00e1sico de Manchester en la final de la FA Cup?<\/h3>\n<\/p>\n<\/section>\n<\/div>\n<\/div>\n","protected":false},"excerpt":{"rendered":"<p>22\/04\/2023 18:22hs. Ya se sortearon los grupos del Mundial Sub 20 y est\u00e1 todo listo para el comienzo del certamen, que se disputar\u00e1 entre el 20 de mayo y el 11 de junio en Argentina. A pesar de que falta menos de un mes para el debut de la Selecci\u00f3n, todav\u00eda no est\u00e1 confirmada la [&hellip;]<\/p>\n","protected":false},"author":1,"featured_media":58826,"comment_status":"open","ping_status":"closed","sticky":false,"template":"","format":"standard","meta":[],"categories":[16],"tags":[],"_links":{"self":[{"href":"http:\/\/hoycordobaweb.com\/index.php\/wp-json\/wp\/v2\/posts\/58825"}],"collection":[{"href":"http:\/\/hoycordobaweb.com\/index.php\/wp-json\/wp\/v2\/posts"}],"about":[{"href":"http:\/\/hoycordobaweb.com\/index.php\/wp-json\/wp\/v2\/types\/post"}],"author":[{"embeddable":true,"href":"http:\/\/hoycordobaweb.com\/index.php\/wp-json\/wp\/v2\/users\/1"}],"replies":[{"embeddable":true,"href":"http:\/\/hoycordobaweb.com\/index.php\/wp-json\/wp\/v2\/comments?post=58825"}],"version-history":[{"count":0,"href":"http:\/\/hoycordobaweb.com\/index.php\/wp-json\/wp\/v2\/posts\/58825\/revisions"}],"wp:featuredmedia":[{"embeddable":true,"href":"http:\/\/hoycordobaweb.com\/index.php\/wp-json\/wp\/v2\/media\/58826"}],"wp:attachment":[{"href":"http:\/\/hoycordobaweb.com\/index.php\/wp-json\/wp\/v2\/media?parent=58825"}],"wp:term":[{"taxonomy":"category","embeddable":true,"href":"http:\/\/hoycordobaweb.com\/index.php\/wp-json\/wp\/v2\/categories?post=58825"},{"taxonomy":"post_tag","embeddable":true,"href":"http:\/\/hoycordobaweb.com\/index.php\/wp-json\/wp\/v2\/tags?post=58825"}],"curies":[{"name":"wp","href":"https:\/\/api.w.org\/{rel}","templated":true}]}}