{"id":58823,"date":"2023-04-19T21:41:35","date_gmt":"2023-04-19T21:41:35","guid":{"rendered":"https:\/\/ladecimaweb.com\/?p=16517"},"modified":"2023-04-19T21:41:35","modified_gmt":"2023-04-19T21:41:35","slug":"en-marzo-el-costo-de-la-construccion-en-cordoba-aumento-474","status":"publish","type":"post","link":"http:\/\/hoycordobaweb.com\/index.php\/2023\/04\/19\/en-marzo-el-costo-de-la-construccion-en-cordoba-aumento-474\/","title":{"rendered":"En marzo el costo de la construcci\u00f3n en C\u00f3rdoba aument\u00f3 4,74%"},"content":{"rendered":"<div class=\"boldgrid-section\">\n<div class=\"container\">\n<div class=\"row\">\n<div class=\"col-md-12 col-xs-12 col-sm-12\">\n<p>Durante el mes de marzo de 2023, el \u00cdndice del Costo de la Construcci\u00f3n de C\u00f3rdoba (ICC- Cba) registr\u00f3 una variaci\u00f3n mensual del 4,74% en su Nivel General y del 98,64% en relaci\u00f3n a marzo de 2022.<\/p>\n<p>A continuaci\u00f3n, la variaci\u00f3n mensual por cap\u00edtulos:<\/p>\n<figure class=\"wp-block-image aligncenter size-full\">\n<p class=\"mod-reset\"><img loading=\"lazy\" class=\"wp-image-546287\" src=\"http:\/\/hoycordobaweb.com\/wp-content\/uploads\/2023\/04\/en-marzo-el-costo-de-la-construccion-en-cordoba-aumento-474.png\" alt=\"\" width=\"458\" height=\"225\"><\/p>\n<\/figure>\n<p>El costo del metro cuadrado, por su parte, asumi\u00f3 un valor de $136.273,5.<\/p>\n<figure class=\"wp-block-image aligncenter size-full\">\n<p class=\"mod-reset\"><img loading=\"lazy\" class=\"wp-image-546288\" src=\"http:\/\/hoycordobaweb.com\/wp-content\/uploads\/2023\/04\/en-marzo-el-costo-de-la-construccion-en-cordoba-aumento-474-1.png\" alt=\"\" width=\"332\" height=\"75\"><\/p>\n<\/figure>\n<p><strong>Breve nota metodol\u00f3gica<\/strong><\/p>\n<p>El \u00cdndice del Costo de la Construcci\u00f3n (ICC- Cba) mide las variaciones mensuales que experimenta el costo de la construcci\u00f3n de una vivienda social tipo.<\/p>\n<p>El \u00edndice est\u00e1 compuesto por tres divisiones llamadas \u201cCap\u00edtulos\u201d que involucran los precios de diferentes elementos. Los \u201cCap\u00edtulos\u201d son: \u201cMateriales\u201d, comprende los precios de 124 insumos; \u201cMano de Obra\u201d, 6; y \u201cVarios\u201d, 11. El conjunto total de los \u201cCap\u00edtulos\u201d se clasifica como \u201cNivel General\u201d, el cual incluye los precios de los 141 elementos enumerados previamente.<\/p>\n<p class=\"\">Actualmente, la vivienda tipo est\u00e1 compuesta por cocina-comedor, dos dormitorios y ba\u00f1o. La superficie cubierta es de 50,25 m2, la mamposter\u00eda de bloque cer\u00e1mico con revoque grueso y fino, los pisos son de cer\u00e1mica y el techo de losa.<\/p>\n<h4>Los supuestos generales consideran que:<\/h4>\n<ul class=\"\">\n<li>la vivienda es construida por un particular con lo cual los precios son finales, es decir incluyen el IVA,<\/li>\n<li>la vivienda es construida en la ciudad de C\u00f3rdoba<\/li>\n<li>la obra comienza y termina en el mismo mes<\/li>\n<li>no se incluye el valor del terreno<\/li>\n<li>se contempla el valor de la contrataci\u00f3n a un profesional para que realice el dise\u00f1o, la direcci\u00f3n de obra y el resto del personal (alba\u00f1il oficial, medio oficial y pe\u00f3n).<\/li>\n<li>Se incluyen los valores de los derechos de construcci\u00f3n, como la habilitaci\u00f3n municipal y otras tasas relacionadas, honorarios profesionales por proyecto y direcci\u00f3n t\u00e9cnica (considerando la normativa fijada por el Colegio de Arquitectos de la Provincia de C\u00f3rdoba) y las conexiones a servicios requeridos en el proceso de construcci\u00f3n, como agua corriente, energ\u00eda el\u00e9ctrica y gas natural, m\u00e1s el consumo de los mismos durante el mes de referencia (excepto el consumo de gas).<\/li>\n<li>Se except\u00faan los siguientes costos: el valor del terreno; gasto de flete por insumos; y, de infraestructura como la demarcaci\u00f3n de calles, redes cloacales, el\u00e9ctricas, de agua y otros gastos relativos al contexto en el cual se levanta la vivienda.<\/li>\n<\/ul>\n<p class=\"\">\n<div class=\"ubm_banner\"><a href=\"https:\/\/www.cba.gov.ar\/internet-estudiantil\/\" target=\"_blank\" rel=\"dofollow noopener noreferrer\"><img src=\"http:\/\/hoycordobaweb.com\/wp-content\/uploads\/2023\/04\/en-marzo-el-costo-de-la-construccion-en-cordoba-aumento-474.gif\" alt=\"\"><\/a><\/div>\n<\/div>\n<\/div>\n<\/div>\n<\/div>\n<p>La entrada <a rel=\"nofollow\" href=\"https:\/\/ladecimaweb.com\/en-marzo-el-costo-de-la-construccion-en-cordoba-aumento-474\/\">En marzo el costo de la construcci\u00f3n en C\u00f3rdoba aument\u00f3 4,74%<\/a> se public\u00f3 primero en <a rel=\"nofollow\" href=\"https:\/\/ladecimaweb.com\">LaDecima<\/a>.<\/p>\n","protected":false},"excerpt":{"rendered":"<p>Durante el mes de marzo de 2023, el \u00cdndice del Costo de la Construcci\u00f3n de C\u00f3rdoba (ICC- Cba) registr\u00f3 una variaci\u00f3n mensual del 4,74% en su Nivel General y del 98,64% en relaci\u00f3n a marzo de 2022. A continuaci\u00f3n, la variaci\u00f3n mensual por cap\u00edtulos: El costo del metro cuadrado, por su parte, asumi\u00f3 un valor [&hellip;]<\/p>\n","protected":false},"author":1,"featured_media":58824,"comment_status":"closed","ping_status":"closed","sticky":false,"template":"","format":"standard","meta":[],"categories":[19],"tags":[],"_links":{"self":[{"href":"http:\/\/hoycordobaweb.com\/index.php\/wp-json\/wp\/v2\/posts\/58823"}],"collection":[{"href":"http:\/\/hoycordobaweb.com\/index.php\/wp-json\/wp\/v2\/posts"}],"about":[{"href":"http:\/\/hoycordobaweb.com\/index.php\/wp-json\/wp\/v2\/types\/post"}],"author":[{"embeddable":true,"href":"http:\/\/hoycordobaweb.com\/index.php\/wp-json\/wp\/v2\/users\/1"}],"replies":[{"embeddable":true,"href":"http:\/\/hoycordobaweb.com\/index.php\/wp-json\/wp\/v2\/comments?post=58823"}],"version-history":[{"count":0,"href":"http:\/\/hoycordobaweb.com\/index.php\/wp-json\/wp\/v2\/posts\/58823\/revisions"}],"wp:featuredmedia":[{"embeddable":true,"href":"http:\/\/hoycordobaweb.com\/index.php\/wp-json\/wp\/v2\/media\/58824"}],"wp:attachment":[{"href":"http:\/\/hoycordobaweb.com\/index.php\/wp-json\/wp\/v2\/media?parent=58823"}],"wp:term":[{"taxonomy":"category","embeddable":true,"href":"http:\/\/hoycordobaweb.com\/index.php\/wp-json\/wp\/v2\/categories?post=58823"},{"taxonomy":"post_tag","embeddable":true,"href":"http:\/\/hoycordobaweb.com\/index.php\/wp-json\/wp\/v2\/tags?post=58823"}],"curies":[{"name":"wp","href":"https:\/\/api.w.org\/{rel}","templated":true}]}}