{"id":58821,"date":"2023-04-21T21:48:40","date_gmt":"2023-04-21T21:48:40","guid":{"rendered":"https:\/\/ladecimaweb.com\/?p=16540"},"modified":"2023-04-21T21:48:40","modified_gmt":"2023-04-21T21:48:40","slug":"caso-blas-los-policias-demostraron-un-total-desprecio-por-la-vida-humana","status":"publish","type":"post","link":"http:\/\/hoycordobaweb.com\/index.php\/2023\/04\/21\/caso-blas-los-policias-demostraron-un-total-desprecio-por-la-vida-humana\/","title":{"rendered":"Caso Blas: los polic\u00edas demostraron un \u201ctotal desprecio por la vida humana\u201d"},"content":{"rendered":"<div class=\"boldgrid-section\">\n<div class=\"container\">\n<div class=\"row\" style=\"padding-bottom: 1px;\">\n<div class=\"col-md-12 col-xs-12 col-sm-12\">\n<p>La C\u00e1mara en lo Criminal y Correccional de 8\u00b0 Nominaci\u00f3n de la ciudad de C\u00f3rdoba dio a conocer los<strong> fundamentos de la sentencia que conden\u00f3 a prisi\u00f3n perpetua a los polic\u00edas Javier Catriel Alarc\u00f3n y Lucas Dami\u00e1n G\u00f3mez por el delito de homicidio calificado en perjuicio de Blas Correas.<\/strong> El tribunal puntualiz\u00f3, entre otras cosas, que estos agentes \u201cno estaban aptos para desarrollar una funci\u00f3n como la de agentes policiales que deban portar armas de fuego\u201d.<\/p>\n<p class=\"\"><strong>\u201cDemostraron un total desprecio por la vida humana. No fue que se les haya escapado un fatal disparo. Tampoco que hayan disparado una sola vez. No. Reiteradamente lo hicieron (cuatro y dos veces, respectivamente). Injustificadamente. Innecesariamente. Ilegalmente. No enfocaron sus armas hacia la tierra, lo hicieron en contra de la humanidad de los ocupantes del veh\u00edculo, evidentemente para matarlos\u201d, se lee en el fallo.<\/strong><\/p>\n<p class=\"\">La sentencia \u2013que tiene 2123 p\u00e1gina- tambi\u00e9n remarca que su \u201cduplas\u201d, la oficial Yamila Mart\u00ednez y la agente Wanda Esquivel, \u201cincumplieron flagrantemente con sus elementales obligaciones\u201d, ya que deb\u00edan \u201cproceder de inmediato\u201d en contra de los polic\u00edas que hab\u00edan obrado delictivamente.&nbsp;<\/p>\n<p class=\"\">\u201cNada de ello ocurri\u00f3; como si fuera usual este tipo de actitudes. <strong>Silenciar absolutamente lo acontecido.&nbsp;<\/strong> Silencio que perdur\u00f3 a\u00fan despu\u00e9s de conocerse la detenci\u00f3n -e inexplicable retenci\u00f3n- del autom\u00f3vil con un joven malherido en su interior\u201d.<\/p>\n<p class=\"\"><b>Violencia institucional<\/b><\/p>\n<p class=\"\">Por otro lado, el tribunal explic\u00f3 que en este caso concreto<strong> \u201csin duda alguna\u201d hubo violencia institucional<\/strong>, <strong>\u201cya que existi\u00f3 una pr\u00e1ctica estructurada de violaci\u00f3n de derechos por parte de funcionarios pertenecientes a una fuerza policial\u201d<\/strong>, que afect\u00f3 a personas que estaban en una especial situaci\u00f3n de vulnerabilidad, \u201cprecisamente generada por el propio obrar de algunos integrantes de la instituci\u00f3n policial\u201d.<\/p>\n<p class=\"\">\u201cM\u00e1s all\u00e1 de las responsabilidades individuales de cada uno de los acusados (\u2026), afirmamos que, en el caso de marras, existi\u00f3 tambi\u00e9n un accionar institucional que es configurativo de este particular tipo de violencia\u201d, concluyeron los <strong>camaristas Marcelo Nicol\u00e1s Jaime, Juan Manuel Ugarte y Mario Walter Centeno.<\/strong><\/p>\n<p class=\"\">Entre otras cosas, los magistrados puntualizaron que, \u201ccumpliendo \u00f3rdenes de funcionarios policiales superiores a identificar\u201d, los imputados dejaron de comunicarse por la red de frecuencia policial para pasar a hacerlo por la denominada l\u00ednea baja, una comunicaci\u00f3n no oficial que \u201cfacilit\u00f3 el <strong>ocultamiento de acciones funcionales re\u00f1idas con lo legal\u201d.<\/strong><\/p>\n<p class=\"\">Tambi\u00e9n subrayaron que, tras \u201cel injustificado e ilegal ataque armado contra los ocupantes de un rodado\u201d, los funcionarios policiales involucrados \u201cidearon y ejecutaron una maniobra sumamente reprochable (plantado de un arma de fuego \u201ctrucha\u201d) que no solo procur\u00f3 distorsionar la realidad de lo ocurrido buscando impunidad, sino tambi\u00e9n, desacreditar y afectar el buen nombre y honor de las v\u00edctimas de tan vil maniobra delictiva\u201d.&nbsp;<\/p>\n<p><strong>El tribunal consider\u00f3 configurativo de la violencia institucional \u201cel destrato y maltrato que sufrieron tanto los familiares de Blas y los otros ocupantes del veh\u00edculo atacado por la polic\u00eda tanto en el lugar de los disparos (Av. V\u00e9lez Sarsfield y Romagosa) como en la intersecci\u00f3n de calles Chacabuco y Corrientes del centro de esta ciudad y tambi\u00e9n en la sede de Jefatura de Polic\u00eda.&nbsp;<\/strong><\/p>\n<p>Finalmente, los vocales remarcaron que la violencia institucional fue reconocida y admitida en el debate \u201cpor las m\u00e1ximas autoridades pol\u00edticas en la materia y policiales de la Provincia: el ex Ministro de Seguridad; el ex Sub Secretario en dicho Ministerio de Seguridad; el ex Jefe de Polic\u00eda; y la actual Jefa de Polic\u00eda\u201d.<\/p>\n<p>&nbsp;<\/p>\n<\/div>\n<div><\/div>\n<div>\n<div class=\"ubm_banner\"><a href=\"https:\/\/www.cba.gov.ar\/internet-estudiantil\/\" target=\"_blank\" rel=\"dofollow noopener noreferrer\"><img src=\"http:\/\/hoycordobaweb.com\/wp-content\/uploads\/2023\/04\/caso-blas-los-policias-demostraron-un-total-desprecio-por-la-vida-humana.gif\" alt=\"\"><\/a><\/div>\n<\/div>\n<\/div>\n<\/div>\n<\/div>\n<p>La entrada <a rel=\"nofollow\" href=\"https:\/\/ladecimaweb.com\/caso-blas-los-policias-demostraron-un-total-desprecio-por-la-vida-humana\/\">Caso Blas: los polic\u00edas demostraron un \u201ctotal desprecio por la vida humana\u201d<\/a> se public\u00f3 primero en <a rel=\"nofollow\" href=\"https:\/\/ladecimaweb.com\">LaDecima<\/a>.<\/p>\n","protected":false},"excerpt":{"rendered":"<p>La C\u00e1mara en lo Criminal y Correccional de 8\u00b0 Nominaci\u00f3n de la ciudad de C\u00f3rdoba dio a conocer los fundamentos de la sentencia que conden\u00f3 a prisi\u00f3n perpetua a los polic\u00edas Javier Catriel Alarc\u00f3n y Lucas Dami\u00e1n G\u00f3mez por el delito de homicidio calificado en perjuicio de Blas Correas. El tribunal puntualiz\u00f3, entre otras cosas, [&hellip;]<\/p>\n","protected":false},"author":1,"featured_media":58822,"comment_status":"closed","ping_status":"closed","sticky":false,"template":"","format":"standard","meta":[],"categories":[19],"tags":[],"_links":{"self":[{"href":"http:\/\/hoycordobaweb.com\/index.php\/wp-json\/wp\/v2\/posts\/58821"}],"collection":[{"href":"http:\/\/hoycordobaweb.com\/index.php\/wp-json\/wp\/v2\/posts"}],"about":[{"href":"http:\/\/hoycordobaweb.com\/index.php\/wp-json\/wp\/v2\/types\/post"}],"author":[{"embeddable":true,"href":"http:\/\/hoycordobaweb.com\/index.php\/wp-json\/wp\/v2\/users\/1"}],"replies":[{"embeddable":true,"href":"http:\/\/hoycordobaweb.com\/index.php\/wp-json\/wp\/v2\/comments?post=58821"}],"version-history":[{"count":0,"href":"http:\/\/hoycordobaweb.com\/index.php\/wp-json\/wp\/v2\/posts\/58821\/revisions"}],"wp:featuredmedia":[{"embeddable":true,"href":"http:\/\/hoycordobaweb.com\/index.php\/wp-json\/wp\/v2\/media\/58822"}],"wp:attachment":[{"href":"http:\/\/hoycordobaweb.com\/index.php\/wp-json\/wp\/v2\/media?parent=58821"}],"wp:term":[{"taxonomy":"category","embeddable":true,"href":"http:\/\/hoycordobaweb.com\/index.php\/wp-json\/wp\/v2\/categories?post=58821"},{"taxonomy":"post_tag","embeddable":true,"href":"http:\/\/hoycordobaweb.com\/index.php\/wp-json\/wp\/v2\/tags?post=58821"}],"curies":[{"name":"wp","href":"https:\/\/api.w.org\/{rel}","templated":true}]}}