{"id":58795,"date":"2023-04-19T16:13:14","date_gmt":"2023-04-19T16:13:14","guid":{"rendered":"https:\/\/www.trendencias.com\/shopping\/cortefiel-rebaja-vestido-calado-slowlove-ideal-para-ir-a-playa-festival-este-verano"},"modified":"2023-04-19T16:13:14","modified_gmt":"2023-04-19T16:13:14","slug":"cortefiel-rebaja-el-vestido-calado-de-slowlove-ideal-para-ir-a-la-playa-o-de-festival-este-verano","status":"publish","type":"post","link":"http:\/\/hoycordobaweb.com\/index.php\/2023\/04\/19\/cortefiel-rebaja-el-vestido-calado-de-slowlove-ideal-para-ir-a-la-playa-o-de-festival-este-verano\/","title":{"rendered":"Cortefiel rebaja el vestido calado de Slowlove: ideal para ir a la playa o de festival este verano"},"content":{"rendered":"<p><a href=\"https:\/\/www.trendencias.com\/shopping\/moda-cortefiel-cinco-faldas-largas-super-sofisticadas-para-crear-looks-bohemios-comodos-calzado-plano\">Slowlove<\/a> tiene el <strong>vestido midi<\/strong> de punto fantas\u00eda que te convertir\u00e1 en la reina de la primavera. Est\u00e1 dise\u00f1ado con un escote en V pronunciado que favorece la figura y tirantes finos que le dan un toque sutilmente sexy. Ahora puedes hacerte con el tuyo por solo <a class=\"js-ecommerce\" href=\"https:\/\/www.trendencias.com\/redirect?url=https%3A%2F%2Fcortefiel.com%2Fes%2Fes%2Fmujer%2Fvestidos-y-monos%2Fvestido-midi-calado%2F6895138.html%3Fdwvar_6895138_color%3D96&amp;category=shopping\" data-vars-affiliate-url=\"https:\/\/www.trendencias.com\/redirect?url=https%3A%2F%2Fcortefiel.com%2Fes%2Fes%2Fmujer%2Fvestidos-y-monos%2Fvestido-midi-calado%2F6895138.html%3Fdwvar_6895138_color%3D96&amp;category=shopping\">59,99 euros<\/a> (antes 79,99 euros) en Cortefiel.<\/p>\n<p><!-- BREAK 1 --><!-- PIVOT START --><\/p>\n<div class=\"pivot-ecommerce-container\">\n<div class=\"pivot-ecommerce\">\n<div class=\"pivot-ecommerce-figure\"> <a href=\"https:\/\/www.trendencias.com\/redirect?url=https%3A%2F%2Fcortefiel.com%2Fes%2Fes%2Fmujer%2Fvestidos-y-monos%2Fvestido-midi-calado%2F6895138.html%3Fdwvar_6895138_color%3D96&amp;category=shopping&amp;pivot=1\"> <img alt=\"Vestido midi calado\" src=\"http:\/\/hoycordobaweb.com\/wp-content\/uploads\/2023\/04\/cortefiel-rebaja-el-vestido-calado-de-slowlove-ideal-para-ir-a-la-playa-o-de-festival-este-verano.png\"> <\/a> <\/div>\n<div class=\"pivot-ecommerce-summary\">\n<p class=\"pivot-ecommerce-desc\">Vestido midi calado<\/p>\n<\/p><\/div><\/div>\n<\/div>\n<p><!-- PIVOT END --><\/p>\n<p>Una de las caracter\u00edsticas m\u00e1s destacadas de este vestido es que est\u00e1 hecho con hilatura sostenible, con <strong>algod\u00f3n reciclado<\/strong> para su producci\u00f3n. Esto lo hace una opci\u00f3n ecol\u00f3gica y responsable, a la vez que aporta suavidad y comodidad al tejido. Adem\u00e1s, el vestido viene en color blanco, que es perfecto para lucir en primavera y verano y realzar\u00e1 tu moreno.&nbsp;<\/p>\n<p><!-- BREAK 2 --> <\/p>\n<div class=\"article-asset-image article-asset-normal article-asset-center\">\n<div class=\"asset-content\">\n<div class=\"base-wrapper-image\"> <img class=\"sf-lazy centro_sinmarco\" data-sf-srcset=\"http:\/\/hoycordobaweb.com\/wp-content\/uploads\/2023\/04\/cortefiel-rebaja-el-vestido-calado-de-slowlove-ideal-para-ir-a-la-playa-o-de-festival-este-verano-1.png 450w, http:\/\/hoycordobaweb.com\/wp-content\/uploads\/2023\/04\/cortefiel-rebaja-el-vestido-calado-de-slowlove-ideal-para-ir-a-la-playa-o-de-festival-este-verano-3.png 681w,http:\/\/hoycordobaweb.com\/wp-content\/uploads\/2023\/04\/cortefiel-rebaja-el-vestido-calado-de-slowlove-ideal-para-ir-a-la-playa-o-de-festival-este-verano-4.png 1024w, http:\/\/hoycordobaweb.com\/wp-content\/uploads\/2023\/04\/cortefiel-rebaja-el-vestido-calado-de-slowlove-ideal-para-ir-a-la-playa-o-de-festival-este-verano-5.png 1366w,\" data-sf-src=\"http:\/\/hoycordobaweb.com\/wp-content\/uploads\/2023\/04\/cortefiel-rebaja-el-vestido-calado-de-slowlove-ideal-para-ir-a-la-playa-o-de-festival-este-verano-1.png\" alt=\"Captura De Pantalla 2023 04 19 A Las 17 52 20\"> <noscript><img alt=\"Captura De Pantalla 2023 04 19 A Las 17 52 20\" class=\"centro_sinmarco\" src=\"http:\/\/hoycordobaweb.com\/wp-content\/uploads\/2023\/04\/cortefiel-rebaja-el-vestido-calado-de-slowlove-ideal-para-ir-a-la-playa-o-de-festival-este-verano-1.png\"><\/noscript> <\/div><\/div>\n<\/div>\n<p>Otro aspecto que hace que este vestido sea especial es su <strong>versatilidad.<\/strong> Es perfecto para lucirlo en una tarde de verano con sandalias planas, pero tambi\u00e9n es ideal para llevarlo en un evento m\u00e1s formal, como una boda o una cena y combinarlo <a href=\"https:\/\/www.trendencias.com\/shopping\/americana-entretiempo-rollazo-ha-disenado-bella-hadid-para-about-you-esta-rebajadisima\">con nuestra blazer favorita<\/a>.<\/p>\n<p><!-- BREAK 3 --><\/p>\n<div class=\"article-asset article-asset-normal article-asset-center\">\n<div class=\"desvio-container\">\n<div class=\"desvio\">\n<div class=\"desvio-figure js-desvio-figure\"> <a href=\"https:\/\/www.trendencias.com\/shopping\/cortefiel-se-apunta-al-retro-rebajando-vestido-midi-bordado-hoss-intropia-que-toda-flapper-suena\"> <img alt=\"Cortefiel se apunta al retro rebajando el vestido midi bordado de Hoss Intropia con el que toda flapper sue\u00f1a \" src=\"http:\/\/hoycordobaweb.com\/wp-content\/uploads\/2023\/04\/cortefiel-rebaja-el-vestido-calado-de-slowlove-ideal-para-ir-a-la-playa-o-de-festival-este-verano.jpg\"> <\/a> <\/div><\/div><\/div>\n<\/div>\n<p>Este vestido midi es una prenda perfecta para aquellas personas que buscan un <strong>estilo sencillo<\/strong> pero a la vez sofisticado y con un toque de elegancia. Su dise\u00f1o simple pero efectivo, junto con su color blanco, hacen que sea una opci\u00f3n f\u00e1cil de combinar y perfecta para llevar en cualquier ocasi\u00f3n.<\/p>\n<p><!-- BREAK 4 --><\/p>\n<h2><strong>Las editoras de Trendencias recomiendan<\/strong><\/h2>\n<p><!-- PIVOT START --><\/p>\n<div class=\"pivot-ecommerce-container\">\n<div class=\"pivot-ecommerce\" readability=\"5.1041666666667\">\n<div class=\"pivot-ecommerce-figure\"> <a href=\"https:\/\/www.trendencias.com\/redirect?url=https%3A%2F%2Fwww.amazon.es%2Fdp%2FB08QS4984F%3Ftag%3Dtrendencias-21%26linkCode%3Dogi%26th%3D1%26psc%3D1&amp;category=shopping&amp;pivot=1\"> <img alt=\"Vero Moda Vmfilli Calia SS Ga Noos-Vestido Corto, Negro, S para Mujer\" src=\"http:\/\/hoycordobaweb.com\/wp-content\/uploads\/2023\/04\/cortefiel-rebaja-el-vestido-calado-de-slowlove-ideal-para-ir-a-la-playa-o-de-festival-este-verano-1.jpg\"> <\/a> <\/div>\n<div class=\"pivot-ecommerce-summary\" readability=\"6.5625\">\n<p class=\"pivot-ecommerce-desc\">Vero Moda Vmfilli Calia SS Ga Noos-Vestido Corto, Negro, S para Mujer<\/p>\n<\/p><\/div><\/div>\n<\/div>\n<p><!-- PIVOT END --><br \/>\n<!-- PIVOT START --><\/p>\n<div class=\"pivot-ecommerce-container\">\n<div class=\"pivot-ecommerce\" readability=\"5.4705882352941\">\n<div class=\"pivot-ecommerce-figure\"> <a href=\"https:\/\/www.trendencias.com\/redirect?url=https%3A%2F%2Fwww.amazon.es%2Fdp%2FB0BG2PV42J%3Ftag%3Dtrendencias-21%26linkCode%3Dogi%26th%3D1%26psc%3D1&amp;category=shopping&amp;pivot=1\"> <img alt=\"Trendyol Woman Design Maxi A-Line Peter Pan Collar Woven Dress Vestido, Green, 36 para Mujer\" src=\"http:\/\/hoycordobaweb.com\/wp-content\/uploads\/2023\/04\/cortefiel-rebaja-el-vestido-calado-de-slowlove-ideal-para-ir-a-la-playa-o-de-festival-este-verano-2.jpg\"> <\/a> <\/div>\n<div class=\"pivot-ecommerce-summary\" readability=\"7.0336134453782\">\n<p class=\"pivot-ecommerce-desc\">Trendyol Woman Design Maxi A-Line Peter Pan Collar Woven Dress Vestido, Green, 36 para Mujer<\/p>\n<\/p><\/div><\/div>\n<\/div>\n<p><!-- PIVOT END --><br \/>\n<!-- PIVOT START --><\/p>\n<div class=\"pivot-ecommerce-container\">\n<div class=\"pivot-ecommerce\" readability=\"4.8333333333333\">\n<div class=\"pivot-ecommerce-figure\"> <a href=\"https:\/\/www.trendencias.com\/redirect?url=https%3A%2F%2Fwww.amazon.es%2Fdp%2FB0B64GGRKT%3Ftag%3Dtrendencias-21%26linkCode%3Dogi%26th%3D1%26psc%3D1&amp;category=shopping&amp;pivot=1\"> <img alt=\"Pepe Jeans Pire Vestido, Multicolor (Multi), S para Mujer\" src=\"http:\/\/hoycordobaweb.com\/wp-content\/uploads\/2023\/04\/cortefiel-rebaja-el-vestido-calado-de-slowlove-ideal-para-ir-a-la-playa-o-de-festival-este-verano-3.jpg\"> <\/a> <\/div>\n<div class=\"pivot-ecommerce-summary\" readability=\"6.2142857142857\">\n<p class=\"pivot-ecommerce-desc\">Pepe Jeans Pire Vestido, Multicolor (Multi), S para Mujer<\/p>\n<\/p><\/div><\/div>\n<\/div>\n<p><!-- PIVOT END --><\/p>\n<div class=\"article-asset-image article-asset-small article-asset-center\">\n<div class=\"asset-content\">\n<div class=\"base-wrapper-image\"> <a href=\"https:\/\/t.me\/trendenciasshop\"> <img class=\"sf-lazy centro_sinmarco\" data-sf-srcset=\"http:\/\/hoycordobaweb.com\/wp-content\/uploads\/2023\/04\/cortefiel-rebaja-el-vestido-calado-de-slowlove-ideal-para-ir-a-la-playa-o-de-festival-este-verano-2.png 450w, http:\/\/hoycordobaweb.com\/wp-content\/uploads\/2023\/04\/cortefiel-rebaja-el-vestido-calado-de-slowlove-ideal-para-ir-a-la-playa-o-de-festival-este-verano-6.png 681w,http:\/\/hoycordobaweb.com\/wp-content\/uploads\/2023\/04\/cortefiel-rebaja-el-vestido-calado-de-slowlove-ideal-para-ir-a-la-playa-o-de-festival-este-verano-7.png 1024w, http:\/\/hoycordobaweb.com\/wp-content\/uploads\/2023\/04\/cortefiel-rebaja-el-vestido-calado-de-slowlove-ideal-para-ir-a-la-playa-o-de-festival-este-verano-8.png 1366w,\" data-sf-src=\"http:\/\/hoycordobaweb.com\/wp-content\/uploads\/2023\/04\/cortefiel-rebaja-el-vestido-calado-de-slowlove-ideal-para-ir-a-la-playa-o-de-festival-este-verano-2.png\" alt=\"telegram\"> <noscript><img alt=\"telegram\" class=\"centro_sinmarco\" src=\"http:\/\/hoycordobaweb.com\/wp-content\/uploads\/2023\/04\/cortefiel-rebaja-el-vestido-calado-de-slowlove-ideal-para-ir-a-la-playa-o-de-festival-este-verano-2.png\"><\/noscript> <\/a> <\/div><\/div>\n<\/div>\n<p><em>Puedes estar al d\u00eda y en cada momento informado de las principales ofertas y novedades de Trendencias Shopping en nuestro canal de <\/em><a href=\"https:\/\/t.me\/trendenciasshop\" rel=\"noopener noreferrer\" data-id=\"noopener noreferrer\"><em>Telegram<\/em><\/a><em> o en nuestros perfiles de <\/em><a href=\"https:\/\/www.instagram.com\/trendencias\/\" rel=\"noopener noreferrer\" data-id=\"noopener noreferrer\"><em>Instagram<\/em><\/a><em>, <\/em><a href=\"https:\/\/www.facebook.com\/Trendencias\/\" rel=\"noopener noreferrer\" data-id=\"noopener noreferrer\"><em>Facebook<\/em><\/a><em> y la revista <\/em><a href=\"https:\/\/flipboard.com\/@Trendencias\" rel=\"noopener noreferrer\" data-id=\"noopener noreferrer\"><em>Flipboard<\/em><\/a><em>.<\/em><\/p>\n<p><!-- BREAK 5 --><\/p>\n<blockquote><p><em>Nota: a<\/em>lgunos de los enlaces de este art\u00edculo son afiliados y pueden reportar un beneficio a Trendencias<\/p><\/blockquote>\n<p>En Trendencias | <a href=\"https:\/\/www.trendencias.com\/propuestas-y-consejos\/estos-vestidos-tendencia-esta-temporada-primavera-verano-2023-vamos-todo\" rel=\"noopener noreferrer\" data-id=\"noopener noreferrer\">Estos son los vestidos tendencia de esta temporada primavera-verano 2023: vamos con todo<\/a><\/p>\n<p><!-- BREAK 6 --><\/p>\n<p>Fotos | <a href=\"https:\/\/www.instagram.com\/p\/Cqaaa9WL2O6\/\">@slowloveoficial<\/a>, Cortefiel<\/p>\n","protected":false},"excerpt":{"rendered":"<p>Slowlove tiene el vestido midi de punto fantas\u00eda que te convertir\u00e1 en la reina de la primavera. Est\u00e1 dise\u00f1ado con un escote en V pronunciado que favorece la figura y tirantes finos que le dan un toque sutilmente sexy. Ahora puedes hacerte con el tuyo por solo 59,99 euros (antes 79,99 euros) en Cortefiel. Vestido [&hellip;]<\/p>\n","protected":false},"author":1,"featured_media":58796,"comment_status":"closed","ping_status":"closed","sticky":false,"template":"","format":"standard","meta":[],"categories":[1],"tags":[],"_links":{"self":[{"href":"http:\/\/hoycordobaweb.com\/index.php\/wp-json\/wp\/v2\/posts\/58795"}],"collection":[{"href":"http:\/\/hoycordobaweb.com\/index.php\/wp-json\/wp\/v2\/posts"}],"about":[{"href":"http:\/\/hoycordobaweb.com\/index.php\/wp-json\/wp\/v2\/types\/post"}],"author":[{"embeddable":true,"href":"http:\/\/hoycordobaweb.com\/index.php\/wp-json\/wp\/v2\/users\/1"}],"replies":[{"embeddable":true,"href":"http:\/\/hoycordobaweb.com\/index.php\/wp-json\/wp\/v2\/comments?post=58795"}],"version-history":[{"count":0,"href":"http:\/\/hoycordobaweb.com\/index.php\/wp-json\/wp\/v2\/posts\/58795\/revisions"}],"wp:featuredmedia":[{"embeddable":true,"href":"http:\/\/hoycordobaweb.com\/index.php\/wp-json\/wp\/v2\/media\/58796"}],"wp:attachment":[{"href":"http:\/\/hoycordobaweb.com\/index.php\/wp-json\/wp\/v2\/media?parent=58795"}],"wp:term":[{"taxonomy":"category","embeddable":true,"href":"http:\/\/hoycordobaweb.com\/index.php\/wp-json\/wp\/v2\/categories?post=58795"},{"taxonomy":"post_tag","embeddable":true,"href":"http:\/\/hoycordobaweb.com\/index.php\/wp-json\/wp\/v2\/tags?post=58795"}],"curies":[{"name":"wp","href":"https:\/\/api.w.org\/{rel}","templated":true}]}}