{"id":58771,"date":"2023-04-21T11:25:32","date_gmt":"2023-04-21T11:25:32","guid":{"rendered":"https:\/\/ladecimaweb.com\/?p=16532"},"modified":"2023-04-21T11:25:32","modified_gmt":"2023-04-21T11:25:32","slug":"secuestran-droga-valuada-en-30-millones-de-pesos-en-mirizzi","status":"publish","type":"post","link":"http:\/\/hoycordobaweb.com\/index.php\/2023\/04\/21\/secuestran-droga-valuada-en-30-millones-de-pesos-en-mirizzi\/","title":{"rendered":"Secuestran droga valuada en 30 millones de pesos en Mirizzi"},"content":{"rendered":"<div class=\"boldgrid-section\">\n<div class=\"container\">\n<div class=\"row\">\n<div class=\"col-md-12 col-xs-12 col-sm-12\">\n<p class=\"\">En horas de la tarde de ayer, en un allanamiento llevado a cabo en barrio Mirizzi, personal de la Direcci\u00f3n Coordinaci\u00f3n de Brigadas Civiles juntamente con efectivos de Polic\u00eda Federal Argentina y Fuerza Policial Antinarcotr\u00e1fico, procedieron a la detenci\u00f3n de una personas mayor de edad y al secuestro de 200 kilogramos aproximadamente de marihuana compactada, entre otros elementos vinculados a una causa que se investiga.<\/p>\n<p class=\"\">Los efectivos llegaron a la vivienda, ubicada en el Pasaje 123 esquina Carmelo Ibarra, porque estaban investigando un robo calificado por el robo de un celular y se encontraron sorpresivamente con esa cantidad de droga, escondida en bolsas negras en el garage y otras dependencias de la casa.&nbsp;<\/p>\n<p class=\"\">Seg\u00fan precis\u00f3 a La D\u00e9cima el comisario mayor David Ferreyra, se secuestraron &#8220;182 panes, 30 bolsitas ziploc con cogollo, flor, m\u00e1s planta disecada&#8221;, alrededor de&nbsp; 200 kilos valuados &#8220;entre&nbsp;30 y 40 millones&#8221; de pesos.&nbsp;&nbsp;<\/p>\n<p class=\"\">La persona detenida, de 36 a\u00f1os, no cuenta con antecedentes.<\/p>\n<p class=\"\">Interviene en la investigaci\u00f3n la fiscal\u00eda federal de tercer de turno doctora Buteler.<\/p>\n<p class=\"\">\n<div class=\"ubm_banner\"><a href=\"https:\/\/www.cba.gov.ar\/internet-estudiantil\/\" target=\"_blank\" rel=\"dofollow noopener noreferrer\"><img src=\"http:\/\/hoycordobaweb.com\/wp-content\/uploads\/2023\/04\/secuestran-droga-valuada-en-30-millones-de-pesos-en-mirizzi.gif\" alt=\"\"><\/a><\/div>\n<\/div>\n<\/div>\n<\/div>\n<\/div>\n<p>La entrada <a rel=\"nofollow\" href=\"https:\/\/ladecimaweb.com\/secuestran-droga-en-mirizzi-valuada-en-30-millones-de-pesos\/\">Secuestran droga valuada en 30 millones de pesos en Mirizzi<\/a> se public\u00f3 primero en <a rel=\"nofollow\" href=\"https:\/\/ladecimaweb.com\">LaDecima<\/a>.<\/p>\n","protected":false},"excerpt":{"rendered":"<p>En horas de la tarde de ayer, en un allanamiento llevado a cabo en barrio Mirizzi, personal de la Direcci\u00f3n Coordinaci\u00f3n de Brigadas Civiles juntamente con efectivos de Polic\u00eda Federal Argentina y Fuerza Policial Antinarcotr\u00e1fico, procedieron a la detenci\u00f3n de una personas mayor de edad y al secuestro de 200 kilogramos aproximadamente de marihuana compactada, [&hellip;]<\/p>\n","protected":false},"author":1,"featured_media":58772,"comment_status":"closed","ping_status":"closed","sticky":false,"template":"","format":"standard","meta":[],"categories":[19],"tags":[],"_links":{"self":[{"href":"http:\/\/hoycordobaweb.com\/index.php\/wp-json\/wp\/v2\/posts\/58771"}],"collection":[{"href":"http:\/\/hoycordobaweb.com\/index.php\/wp-json\/wp\/v2\/posts"}],"about":[{"href":"http:\/\/hoycordobaweb.com\/index.php\/wp-json\/wp\/v2\/types\/post"}],"author":[{"embeddable":true,"href":"http:\/\/hoycordobaweb.com\/index.php\/wp-json\/wp\/v2\/users\/1"}],"replies":[{"embeddable":true,"href":"http:\/\/hoycordobaweb.com\/index.php\/wp-json\/wp\/v2\/comments?post=58771"}],"version-history":[{"count":0,"href":"http:\/\/hoycordobaweb.com\/index.php\/wp-json\/wp\/v2\/posts\/58771\/revisions"}],"wp:featuredmedia":[{"embeddable":true,"href":"http:\/\/hoycordobaweb.com\/index.php\/wp-json\/wp\/v2\/media\/58772"}],"wp:attachment":[{"href":"http:\/\/hoycordobaweb.com\/index.php\/wp-json\/wp\/v2\/media?parent=58771"}],"wp:term":[{"taxonomy":"category","embeddable":true,"href":"http:\/\/hoycordobaweb.com\/index.php\/wp-json\/wp\/v2\/categories?post=58771"},{"taxonomy":"post_tag","embeddable":true,"href":"http:\/\/hoycordobaweb.com\/index.php\/wp-json\/wp\/v2\/tags?post=58771"}],"curies":[{"name":"wp","href":"https:\/\/api.w.org\/{rel}","templated":true}]}}