{"id":58731,"date":"2023-04-20T20:18:34","date_gmt":"2023-04-20T20:18:34","guid":{"rendered":"https:\/\/www.ole.com.ar\/futbol-internacional\/europa-league\/gimenez-foti-agresion-roma-feyenoord_0_HgGqyp8Htd.html"},"modified":"2023-04-20T20:18:34","modified_gmt":"2023-04-20T20:18:34","slug":"video-la-agresion-a-santiago-gimenez-en-pleno-partido","status":"publish","type":"post","link":"http:\/\/hoycordobaweb.com\/index.php\/2023\/04\/20\/video-la-agresion-a-santiago-gimenez-en-pleno-partido\/","title":{"rendered":"Video: la agresi\u00f3n a Santiago Gim\u00e9nez en pleno partido"},"content":{"rendered":"<p><img src=\"http:\/\/hoycordobaweb.com\/wp-content\/uploads\/2023\/04\/video-la-agresion-a-santiago-gimenez-en-pleno-partido.jpg\"><\/p>\n<div><img src=\"http:\/\/hoycordobaweb.com\/wp-content\/uploads\/2023\/04\/video-la-agresion-a-santiago-gimenez-en-pleno-partido.jpg\" class=\"ff-og-image-inserted\"><\/div>\n<div readability=\"10.470588235294\">\n<p>Una situaci\u00f3n ins\u00f3lita ocurri\u00f3 durante la revancha de cuartos de final de la<a href=\"https:\/\/www.ole.com.ar\/tema\/uefa-europa-league.html\" title=\"UEFA Europa League\" alt=\"UEFA Europa League\" class=\"slug\"><strong> Europa League<\/strong><\/a> entre Roma y <a href=\"https:\/\/www.ole.com.ar\/tema\/feyenoord.html\" title=\"Feyenoord\" alt=\"Feyenoord\" class=\"slug\">Feyenoord<\/a>. <a href=\"https:\/\/www.ole.com.ar\/tema\/santiago-gimenez.html\" title=\"Santiago Gim\u00e9nez\" alt=\"Santiago Gim\u00e9nez\" class=\"slug\">Santiago Gim\u00e9nez<\/a>, delantero argentino nacionalizado mexicano del equipo neerland\u00e9s, corri\u00f3 por la pelota y cruz\u00f3 la raya lateral a la altura del banco de suplentes del equipo italiano.<\/p>\n<\/div>\n<div readability=\"15\">\n<p>Ah\u00ed, en busca de la pelota, <strong>fue agredido por atr\u00e1s por Salvatore Foti, ayudante de Jos\u00e9 Mourinho en el equipo capitalino.<\/strong> Le peg\u00f3 un manotazo por la espalda y el atacante, hijo del argentino Cristian Chaco Gim\u00e9nez (ex Boca, Uni\u00f3n e Independiente), cay\u00f3 al piso con gestos de dolor en la cara.<\/p>\n<\/div>\n","protected":false},"excerpt":{"rendered":"<p>Una situaci\u00f3n ins\u00f3lita ocurri\u00f3 durante la revancha de cuartos de final de la Europa League entre Roma y Feyenoord. Santiago Gim\u00e9nez, delantero argentino nacionalizado mexicano del equipo neerland\u00e9s, corri\u00f3 por la pelota y cruz\u00f3 la raya lateral a la altura del banco de suplentes del equipo italiano. Ah\u00ed, en busca de la pelota, fue agredido [&hellip;]<\/p>\n","protected":false},"author":1,"featured_media":58732,"comment_status":"open","ping_status":"closed","sticky":false,"template":"","format":"standard","meta":[],"categories":[16],"tags":[],"_links":{"self":[{"href":"http:\/\/hoycordobaweb.com\/index.php\/wp-json\/wp\/v2\/posts\/58731"}],"collection":[{"href":"http:\/\/hoycordobaweb.com\/index.php\/wp-json\/wp\/v2\/posts"}],"about":[{"href":"http:\/\/hoycordobaweb.com\/index.php\/wp-json\/wp\/v2\/types\/post"}],"author":[{"embeddable":true,"href":"http:\/\/hoycordobaweb.com\/index.php\/wp-json\/wp\/v2\/users\/1"}],"replies":[{"embeddable":true,"href":"http:\/\/hoycordobaweb.com\/index.php\/wp-json\/wp\/v2\/comments?post=58731"}],"version-history":[{"count":0,"href":"http:\/\/hoycordobaweb.com\/index.php\/wp-json\/wp\/v2\/posts\/58731\/revisions"}],"wp:featuredmedia":[{"embeddable":true,"href":"http:\/\/hoycordobaweb.com\/index.php\/wp-json\/wp\/v2\/media\/58732"}],"wp:attachment":[{"href":"http:\/\/hoycordobaweb.com\/index.php\/wp-json\/wp\/v2\/media?parent=58731"}],"wp:term":[{"taxonomy":"category","embeddable":true,"href":"http:\/\/hoycordobaweb.com\/index.php\/wp-json\/wp\/v2\/categories?post=58731"},{"taxonomy":"post_tag","embeddable":true,"href":"http:\/\/hoycordobaweb.com\/index.php\/wp-json\/wp\/v2\/tags?post=58731"}],"curies":[{"name":"wp","href":"https:\/\/api.w.org\/{rel}","templated":true}]}}