{"id":58696,"date":"2023-04-20T12:17:00","date_gmt":"2023-04-20T12:17:00","guid":{"rendered":"http:\/\/hoycordobaweb.com\/index.php\/2023\/04\/20\/rafa-nadal-no-jugara-el-masters-1000-de-madrid\/"},"modified":"2023-04-20T12:17:00","modified_gmt":"2023-04-20T12:17:00","slug":"rafa-nadal-no-jugara-el-masters-1000-de-madrid","status":"publish","type":"post","link":"http:\/\/hoycordobaweb.com\/index.php\/2023\/04\/20\/rafa-nadal-no-jugara-el-masters-1000-de-madrid\/","title":{"rendered":"\u00abRafa\u00bb Nadal no jugar\u00e1 el Masters 1000 de Madrid"},"content":{"rendered":"<p><img src=\"http:\/\/hoycordobaweb.com\/wp-content\/uploads\/2023\/04\/rafa-nadal-no-jugara-el-masters-1000-de-madrid.jpg\"><\/p>\n<figure class=\"mb-3\"><img loading=\"lazy\" data-src=\"http:\/\/hoycordobaweb.com\/wp-content\/uploads\/2023\/04\/rafa-nadal-no-jugara-el-masters-1000-de-madrid-2.jpg\" src=\"https:\/\/www.telam.com.ar\/assets\/img\/not_image.png\" class=\" lazy \" width=\"100%\" height=\"100%\" alt=\"Foto TWRafaelNadal\"><figcaption> Foto: TW@RafaelNadal. <\/figcaption><\/figure>\n<p><strong>El tenista espa\u00f1ol <\/strong>Rafael Nadal, <strong>ganador de 22 t\u00edtulos de Grand Slam y considerado el mejor de todos los tiempos<\/strong> sobre superficie de polvo de ladrillo,<strong> anunci\u00f3<\/strong> este jueves<strong> que no tomar\u00e1 parte del Masters 1000 de Madrid<\/strong> que se jugar\u00e1 desde el lunes pr\u00f3ximo.<\/p>\n<p>\u00abEst\u00e1n pasando las semanas y ten\u00eda la ilusi\u00f3n de poder jugar en torneos que son los m\u00e1s importantes en mi carrera como Montecarlo, Barcelona, Madrid, Roma, Roland Garros y de momento me he perdido Montecarlo y <a href=\"https:\/\/www.telam.com.ar\/notas\/202304\/625496-nadal-conde-de-godo-barcelona.html\" target=\"_blank\" rel=\"noopener noreferrer\">Barcelona<\/a>. No voy a poder estar en Madrid desgraciadamente\u00bb, inform\u00f3 \u00abRafa\u00bb en sus cuentas de Instagram y Twitter.<\/p>\n<p>Nadal, de 36 a\u00f1os y relegado al puesto 14 del ranking mundial de la ATP, no compite desde finales de enero, cuando perdi\u00f3 en la segunda ronda del Abierto de Australia con el estadounidense Mackenzie McDonald y sufri\u00f3 una lesi\u00f3n en el psoas il\u00edaco de la pierna izquierda que hasta el momento le impidi\u00f3 reaparecer.<\/p>\n<p>\u00abComo sab\u00e9is, me hice una lesi\u00f3n importante en Australia, en el psoas. En principio ten\u00edan que ser de seis a ocho semanas de per\u00edodo de recuperaci\u00f3n y ya vamos por la 14. La realidad es que la situaci\u00f3n no es la que hubi\u00e9ramos esperado. Se han seguido todas indicaciones m\u00e9dicas, pero de alguna manera la evoluci\u00f3n no ha sido la que en principio nos dijeron y nos encontramos en una situaci\u00f3n que es dif\u00edcil\u00bb, a\u00f1adi\u00f3 Nadal.<\/p>\n<blockquote class=\"twitter-tweet\" readability=\"6.8014981273408\">\n<p lang=\"es\" dir=\"ltr\">Hola a todos. Hace un tiempo que no me comunico directamente con vosotros. Han sido unas semanas y unos meses dif\u00edciles. Como sab\u00e9is me hice una una lesi\u00f3n importante en Australia, en el Psoas. <a href=\"https:\/\/t.co\/m0TbsGFn5t\">pic.twitter.com\/m0TbsGFn5t<\/a><\/p>\n<p>\u2014 Rafa Nadal (@RafaelNadal) <a href=\"https:\/\/twitter.com\/RafaelNadal\/status\/1648982350229905408?ref_src=twsrc%5Etfw\">April 20, 2023<\/a><\/p><\/blockquote>\n<p>El espa\u00f1ol, de 36 a\u00f1os, hizo su anuncio en sus redes sociales con un video acompa\u00f1ado de un texto colgado en Instagram, donde explica que \u00abla lesi\u00f3n sigue sin curarse y no puedo trabajar lo que necesito para competir\u00bb.<\/p>\n<p><strong>Nadal<\/strong>, quien<strong> comparte el r\u00e9cord de t\u00edtulos de Grand Slam con el serbio Novak Djokovic<\/strong>, ambos con 22, demorar\u00e1 un poco m\u00e1s su reaparici\u00f3n en el circuito y en la gira europea sobre polvo de ladrillo que culminar\u00e1 en Roland Garros, el segundo \u00abMajor\u00bb del a\u00f1o que se jugar\u00e1 en Par\u00eds desde la \u00faltima semana de mayo.<\/p>\n<p>El deseo de \u00abRafa\u00bb es celebrar sus 37 a\u00f1os (los cumplir\u00e1 el 3 de junio) en Roland-Garros (28 de mayo al 11 de junio), donde buscar\u00e1 un t\u00edtulo n\u00famero 15 para elevar a 23 su r\u00e9cord de torneos ganados de Grand Slam y superar al serbio Djokovic. <\/p>\n","protected":false},"excerpt":{"rendered":"<p>Foto: TW@RafaelNadal. El tenista espa\u00f1ol Rafael Nadal, ganador de 22 t\u00edtulos de Grand Slam y considerado el mejor de todos los tiempos sobre superficie de polvo de ladrillo, anunci\u00f3 este jueves que no tomar\u00e1 parte del Masters 1000 de Madrid que se jugar\u00e1 desde el lunes pr\u00f3ximo. \u00abEst\u00e1n pasando las semanas y ten\u00eda la ilusi\u00f3n [&hellip;]<\/p>\n","protected":false},"author":1,"featured_media":58697,"comment_status":"open","ping_status":"closed","sticky":false,"template":"","format":"standard","meta":[],"categories":[16],"tags":[],"_links":{"self":[{"href":"http:\/\/hoycordobaweb.com\/index.php\/wp-json\/wp\/v2\/posts\/58696"}],"collection":[{"href":"http:\/\/hoycordobaweb.com\/index.php\/wp-json\/wp\/v2\/posts"}],"about":[{"href":"http:\/\/hoycordobaweb.com\/index.php\/wp-json\/wp\/v2\/types\/post"}],"author":[{"embeddable":true,"href":"http:\/\/hoycordobaweb.com\/index.php\/wp-json\/wp\/v2\/users\/1"}],"replies":[{"embeddable":true,"href":"http:\/\/hoycordobaweb.com\/index.php\/wp-json\/wp\/v2\/comments?post=58696"}],"version-history":[{"count":0,"href":"http:\/\/hoycordobaweb.com\/index.php\/wp-json\/wp\/v2\/posts\/58696\/revisions"}],"wp:featuredmedia":[{"embeddable":true,"href":"http:\/\/hoycordobaweb.com\/index.php\/wp-json\/wp\/v2\/media\/58697"}],"wp:attachment":[{"href":"http:\/\/hoycordobaweb.com\/index.php\/wp-json\/wp\/v2\/media?parent=58696"}],"wp:term":[{"taxonomy":"category","embeddable":true,"href":"http:\/\/hoycordobaweb.com\/index.php\/wp-json\/wp\/v2\/categories?post=58696"},{"taxonomy":"post_tag","embeddable":true,"href":"http:\/\/hoycordobaweb.com\/index.php\/wp-json\/wp\/v2\/tags?post=58696"}],"curies":[{"name":"wp","href":"https:\/\/api.w.org\/{rel}","templated":true}]}}