{"id":58649,"date":"2023-04-17T22:11:00","date_gmt":"2023-04-17T22:11:00","guid":{"rendered":"https:\/\/fm-comunicar.com.ar\/contenido\/20159\/por-la-obra-del-viaducto-removieron-la-escultura-a-san-martin-abuelo"},"modified":"2023-04-17T22:11:00","modified_gmt":"2023-04-17T22:11:00","slug":"por-la-obra-del-viaducto-removieron-la-escultura-de-san-martin-abuelo","status":"publish","type":"post","link":"http:\/\/hoycordobaweb.com\/index.php\/2023\/04\/17\/por-la-obra-del-viaducto-removieron-la-escultura-de-san-martin-abuelo\/","title":{"rendered":"Por la obra del Viaducto, removieron la escultura de San Mart\u00edn Abuelo"},"content":{"rendered":"<p>Con suma precisi\u00f3n, la empresa AFEMA la retir\u00f3 y la llev\u00f3 a un dep\u00f3sito. Se analizar\u00e1, una vez terminada la obra vial, si hay un lugar en ese sector para reubicarla.<img src=\"http:\/\/hoycordobaweb.com\/wp-content\/uploads\/2023\/04\/por-la-obra-del-viaducto-removieron-la-escultura-de-san-martin-abuelo.jpg\"><\/p>\n","protected":false},"excerpt":{"rendered":"<p>Con suma precisi\u00f3n, la empresa AFEMA la retir\u00f3 y la llev\u00f3 a un dep\u00f3sito. Se analizar\u00e1, una vez terminada la obra vial, si hay un lugar en ese sector para reubicarla.<\/p>\n","protected":false},"author":1,"featured_media":58650,"comment_status":"closed","ping_status":"closed","sticky":false,"template":"","format":"standard","meta":[],"categories":[18],"tags":[],"_links":{"self":[{"href":"http:\/\/hoycordobaweb.com\/index.php\/wp-json\/wp\/v2\/posts\/58649"}],"collection":[{"href":"http:\/\/hoycordobaweb.com\/index.php\/wp-json\/wp\/v2\/posts"}],"about":[{"href":"http:\/\/hoycordobaweb.com\/index.php\/wp-json\/wp\/v2\/types\/post"}],"author":[{"embeddable":true,"href":"http:\/\/hoycordobaweb.com\/index.php\/wp-json\/wp\/v2\/users\/1"}],"replies":[{"embeddable":true,"href":"http:\/\/hoycordobaweb.com\/index.php\/wp-json\/wp\/v2\/comments?post=58649"}],"version-history":[{"count":0,"href":"http:\/\/hoycordobaweb.com\/index.php\/wp-json\/wp\/v2\/posts\/58649\/revisions"}],"wp:featuredmedia":[{"embeddable":true,"href":"http:\/\/hoycordobaweb.com\/index.php\/wp-json\/wp\/v2\/media\/58650"}],"wp:attachment":[{"href":"http:\/\/hoycordobaweb.com\/index.php\/wp-json\/wp\/v2\/media?parent=58649"}],"wp:term":[{"taxonomy":"category","embeddable":true,"href":"http:\/\/hoycordobaweb.com\/index.php\/wp-json\/wp\/v2\/categories?post=58649"},{"taxonomy":"post_tag","embeddable":true,"href":"http:\/\/hoycordobaweb.com\/index.php\/wp-json\/wp\/v2\/tags?post=58649"}],"curies":[{"name":"wp","href":"https:\/\/api.w.org\/{rel}","templated":true}]}}