{"id":58616,"date":"2023-04-18T20:47:43","date_gmt":"2023-04-18T20:47:43","guid":{"rendered":"https:\/\/www.ole.com.ar\/ecuador\/la-tri\/kenny-cheche-arroyo-independiente-valle-tri-goleador_0_CERihbqJY0.html"},"modified":"2023-04-18T20:47:43","modified_gmt":"2023-04-18T20:47:43","slug":"acuerdate-de-mi-keny-arroyo-alias-cheche-el-video-con-el-que-la-figura-del-sub-17-advertia-su-futuro","status":"publish","type":"post","link":"http:\/\/hoycordobaweb.com\/index.php\/2023\/04\/18\/acuerdate-de-mi-keny-arroyo-alias-cheche-el-video-con-el-que-la-figura-del-sub-17-advertia-su-futuro\/","title":{"rendered":"\u00abAcu\u00e9rdate de m\u00ed, Keny Arroyo, alias Cheche\u00bb: el video con el que la figura del Sub 17 advert\u00eda su futuro"},"content":{"rendered":"<p><img src=\"http:\/\/hoycordobaweb.com\/wp-content\/uploads\/2023\/04\/acuerdate-de-mi-keny-arroyo-alias-cheche-el-video-con-el-que-la-figura-del-sub-17-advertia-su-futuro.jpg\"><\/p>\n<p><time class=\"createDate\" datetime=\"2023-04-18T17:47:43-03:00\">18\/04\/2023 17:47hs.<\/time><time class=\"modificatedDate\" datetime=\"2023\/04\/18T17:47:42-03:00\"><\/time><\/p>\n<div id=\"storyBody\">\n<div class=\"custom-text \" readability=\"31.558823529412\">\n<p>Se llev\u00f3 todos los flashes en la clasificaci\u00f3n de la <a href=\"https:\/\/www.ole.com.ar\/tema\/seleccion-de-ecuador.html\" title=\"Selecci\u00f3n de Ecuador\" alt=\"Selecci\u00f3n de Ecuador\" class=\"slug\">Selecci\u00f3n de Ecuador<\/a> Sub 17 al Mundial de la categor\u00eda con <a href=\"https:\/\/www.ole.com.ar\/ecuador\/la-tri\/video-golazos-keny-arroyo-clasificacion-tri-brasil-mundial-sub-17_0_J03yeCUy4b.html\">dos golazos<\/a> para empatar con Brasil. A muchos puede haberlos sorprendido la destacable actuaci\u00f3n de <strong>Kenny Arroyo <\/strong>en La Mini Tri, pero <strong>si hay alguien que ya se lo ve\u00eda venir desde chico era el propio jugador, y por supuesto tambi\u00e9n <\/strong><a href=\"https:\/\/www.ole.com.ar\/tema\/independiente-del-valle.html\" target=\"_blank\" title=\"Independiente del Valle\" alt=\"Independiente del Valle\" class=\"slug\" rel=\"noopener noreferrer\"><strong>Independiente del Valle<\/strong><\/a><strong>.<\/strong><\/p>\n<\/div>\n<div class=\"sc-a7166897-0 fTvehT\" readability=\"6\">\n<section readability=\"2\"><picture><img alt=\"\u00a117.092 hinchas!: &quot;Que sigan viniendo&quot;\" src=\"http:\/\/hoycordobaweb.com\/wp-content\/uploads\/2023\/04\/acuerdate-de-mi-keny-arroyo-alias-cheche-el-video-con-el-que-la-figura-del-sub-17-advertia-su-futuro-2.jpg\" width=\"29\" height=\"29\" decoding=\"async\" data-nimg=\"future\" loading=\"lazy\"><\/picture>\n<p><span>Mir\u00e1 tambi\u00e9n<\/span><\/p>\n<hr>\n<h3>\u00a117.092 hinchas!: \u00abQue sigan viniendo\u00bb<\/h3>\n<\/p>\n<\/section>\n<\/div>\n<div class=\"sc-a7166897-0 fTvehT\" readability=\"6.5\">\n<section readability=\"3\"><picture><img alt=\"Kendry P\u00e1ez: de la alegr\u00eda por la clasificaci\u00f3n al Mundial a &quot;nos falt\u00f3 m\u00e1s ganas y m\u00e1s juego&quot;\" src=\"http:\/\/hoycordobaweb.com\/wp-content\/uploads\/2023\/04\/acuerdate-de-mi-keny-arroyo-alias-cheche-el-video-con-el-que-la-figura-del-sub-17-advertia-su-futuro-3.jpg\" width=\"29\" height=\"29\" decoding=\"async\" data-nimg=\"future\" loading=\"lazy\"><\/picture>\n<p><span>Mir\u00e1 tambi\u00e9n<\/span><\/p>\n<hr>\n<h3>Kendry P\u00e1ez: de la alegr\u00eda por la clasificaci\u00f3n al Mundial a \u00abnos falt\u00f3 m\u00e1s ganas y m\u00e1s juego\u00bb<\/h3>\n<\/p>\n<\/section>\n<\/div>\n<div class=\"custom-text \" readability=\"31.949044585987\">\n<p><strong>Ecuador y Brasil empataron 2-2<\/strong> en la tercera fecha del Hexagonal final del Sudamericano Sub 17. Con este resultado, en el que Arroyo fue el autor de los dos tantos tricolores, tanto La Mini Tri como los chicos de la Verdeamarela<a href=\"https:\/\/www.ole.com.ar\/ecuador\/la-tri\/ecuador-tri-brasil-sudamericano-sub-17_0_1kw8wdH9iA.html\" target=\"_blank\" rel=\"noopener noreferrer\"><strong> se aseguraron un lugar en la Copa del Mundo Sub 17<\/strong><\/a>, que a\u00fan no tiene fecha definida.<\/p>\n<\/div>\n<div class=\"sc-996041c8-0 iUjELL\"><img alt=\"El festejo de la Sub 17 de Ecuador por la clasificaci\u00f3n al Mundial (Prensa FEF).\" src=\"http:\/\/hoycordobaweb.com\/wp-content\/uploads\/2023\/04\/acuerdate-de-mi-keny-arroyo-alias-cheche-el-video-con-el-que-la-figura-del-sub-17-advertia-su-futuro-4.jpg\" width=\"72\" height=\"10\" decoding=\"async\" data-nimg=\"future\" loading=\"lazy\"><span>El festejo de la Sub 17 de Ecuador por la clasificaci\u00f3n al Mundial (Prensa FEF).<\/span><\/div>\n<div class=\"sc-996041c8-0 iUjELL\"><img alt=\"El festejo de la Sub 17 de Ecuador por la clasificaci\u00f3n al Mundial (Prensa FEF).\" src=\"http:\/\/hoycordobaweb.com\/wp-content\/uploads\/2023\/04\/acuerdate-de-mi-keny-arroyo-alias-cheche-el-video-con-el-que-la-figura-del-sub-17-advertia-su-futuro-5.jpg\" width=\"72\" height=\"10\" decoding=\"async\" data-nimg=\"future\" loading=\"lazy\"><span>El festejo de la Sub 17 de Ecuador por la clasificaci\u00f3n al Mundial (Prensa FEF).<\/span><\/div>\n<div class=\"custom-text \" readability=\"41\">\n<p>Es que a ra\u00edz de la fant\u00e1stica performance del delantero de Ecuador que juega para el Matagigantes, <strong>el club sac\u00f3 a la luz un video in\u00e9dito<\/strong> de Chech\u00e9, como se hace llamar, cuando era ten\u00eda apenas 12 a\u00f1os<strong>. \u201cAcu\u00e9rdate de m\u00ed\u201d<\/strong>, soltaba un peque\u00f1o Arroyo lleno de ilusi\u00f3n en sus inicios en el profesionalismo, so\u00f1ando con que alg\u00fan d\u00eda se hable de \u00e9l por sus goles, tal como est\u00e1 ocurriendo ahora.<\/p>\n<\/div>\n<div class=\"sc-a7166897-0 fTvehT\" readability=\"6\">\n<section readability=\"2\"><picture><img alt=\"Video: los golazos de Arroyo que llevaron a Ecuador al Mundial Sub 17\" src=\"http:\/\/hoycordobaweb.com\/wp-content\/uploads\/2023\/04\/acuerdate-de-mi-keny-arroyo-alias-cheche-el-video-con-el-que-la-figura-del-sub-17-advertia-su-futuro-6.jpg\" width=\"29\" height=\"29\" decoding=\"async\" data-nimg=\"future\" loading=\"lazy\"><\/picture>\n<p><span>Mir\u00e1 tambi\u00e9n<\/span><\/p>\n<hr>\n<h3>Video: los golazos de Arroyo que llevaron a Ecuador al Mundial Sub 17<\/h3>\n<\/p>\n<\/section>\n<\/div>\n<div class=\"sc-a7166897-0 fTvehT\" readability=\"6\">\n<section readability=\"2\"><picture><img alt=\"\u00a1Ecuador al Mundial Sub 17!\" src=\"http:\/\/hoycordobaweb.com\/wp-content\/uploads\/2023\/04\/acuerdate-de-mi-keny-arroyo-alias-cheche-el-video-con-el-que-la-figura-del-sub-17-advertia-su-futuro-7.jpg\" width=\"29\" height=\"29\" decoding=\"async\" data-nimg=\"future\" loading=\"lazy\"><\/picture>\n<p><span>Mir\u00e1 tambi\u00e9n<\/span><\/p>\n<hr>\n<h3>\u00a1Ecuador al Mundial Sub 17!<\/h3>\n<\/p>\n<\/section>\n<\/div>\n<div class=\"custom-text \" readability=\"38\">\n<p><strong>\u201cLlegar ac\u00e1 no es sencillo, cruzar esta puerta quiere decir que te has esforzado y demostrado que eres el ideal para estar en este club\u201d<\/strong>, contaba Arroyo <strong>cinco a\u00f1os atr\u00e1s<\/strong> mientras recorr\u00eda las instalaciones de la residencia para futbolistas que posee Independiente del Valle, una de las herramientas que le ha permitido al club llevar adelante un desarrollo tan positivo de jugadores j\u00f3venes.<\/p>\n<\/div>\n<div class=\"custom-text \" readability=\"41\">\n<p>Mientras se pueden ver im\u00e1genes de los pasillos y las canchas del centro de entrenamiento de IDV, la voz de Kenny narra: <strong>\u201cEsta residencia ha sido testigo del paso de figuras importantes para el f\u00fatbol del pa\u00eds, desde muy peque\u00f1os aprendieron disciplina, convivencia y educaci\u00f3n. <\/strong>Puedes recordar a jugadores como Sornoza, Cabeza, Ram\u00edrez, el Kunty\u201d.<\/p>\n<\/div>\n<div class=\"sc-996041c8-0 iUjELL\"><img alt=\"Kenny Arroyo anot\u00f3 un doblete contra Brasil.\" src=\"http:\/\/hoycordobaweb.com\/wp-content\/uploads\/2023\/04\/acuerdate-de-mi-keny-arroyo-alias-cheche-el-video-con-el-que-la-figura-del-sub-17-advertia-su-futuro-8.jpg\" width=\"72\" height=\"10\" decoding=\"async\" data-nimg=\"future\" loading=\"lazy\"><span>Kenny Arroyo anot\u00f3 un doblete contra Brasil.<\/span><\/div>\n<div class=\"custom-text \" readability=\"43\">\n<p>Y el video se termina con una frase que hoy podemos decir, al menos por primera vez, que fue cierta: <strong>\u201cY muy pronto, acu\u00e9rdate de m\u00ed: Keny Arroyo, alias \u2018Chech\u00e9\u2019\u201d.<\/strong> Chech\u00e9 tuvo su primera noche de gloria, nada menos que con la camiseta de la Selecci\u00f3n de Ecuador. Pero ojal\u00e1, y muy probablemente, no sea la \u00faltima, porque ha demostrado un potencial excepcional atacando por la banda izquierda.<\/p>\n<\/div>\n<p><h2><strong>El video<\/strong><\/h2>\n<\/p>\n<div class=\"sc-e6588e40-0 jdjGfi\">\n<div class=\"sc-e6588e40-1 hsKqox videoText\" id=\"contentTitleundefinedXHI4KuhO\"><svg fill=\"#ffffff\"><symbol id=\"play\" viewBox=\"0 0 512 512\"><path d=\"M512 256C512 397.4 397.4 512 256 512C114.6 512 0 397.4 0 256C0 114.6 114.6 0 256 0C397.4 0 512 114.6 512 256zM176 168V344C176 352.7 180.7 360.7 188.3 364.9C195.8 369.2 205.1 369 212.5 364.5L356.5 276.5C363.6 272.1 368 264.4 368 256C368 247.6 363.6 239.9 356.5 235.5L212.5 147.5C205.1 142.1 195.8 142.8 188.3 147.1C180.7 151.3 176 159.3 176 168V168z\" \/><\/symbol><use xlink:href=\"#play\" \/><\/svg><\/p>\n<div class=\"right\">\n<p>La Tri<!-- --> &#8211;<!-- --> <span>18-4-2023<\/span><\/p>\n<h2 class=\"title-vid\">La palabra de Kenny Arroyo hace cinco a\u00f1os.<\/h2>\n<\/div>\n<\/div>\n<p><span class=\"back\" id=\"spanBackundefinedXHI4KuhO\"><\/span><\/div>\n<div class=\"sc-a7166897-0 fTvehT\" readability=\"6\">\n<section readability=\"2\"><picture><img alt=\"Los bombos del Mundial Sub 20 y cu\u00e1ndo es el sorteo\" src=\"http:\/\/hoycordobaweb.com\/wp-content\/uploads\/2023\/04\/acuerdate-de-mi-keny-arroyo-alias-cheche-el-video-con-el-que-la-figura-del-sub-17-advertia-su-futuro-9.jpg\" width=\"29\" height=\"29\" decoding=\"async\" data-nimg=\"future\" loading=\"lazy\"><\/picture>\n<p><span>Mir\u00e1 tambi\u00e9n<\/span><\/p>\n<hr>\n<h3>Los bombos del Mundial Sub 20 y cu\u00e1ndo es el sorteo<\/h3>\n<\/p>\n<\/section>\n<\/div>\n<div class=\"sc-a7166897-0 fTvehT\" readability=\"6\">\n<section readability=\"2\"><picture><img alt=\"\u00bfCu\u00e1les ser\u00e1n los estadios para el Mundial Sub 20 en Argentina?\" src=\"http:\/\/hoycordobaweb.com\/wp-content\/uploads\/2023\/04\/acuerdate-de-mi-keny-arroyo-alias-cheche-el-video-con-el-que-la-figura-del-sub-17-advertia-su-futuro-10.jpg\" width=\"29\" height=\"29\" decoding=\"async\" data-nimg=\"future\" loading=\"lazy\"><\/picture>\n<p><span>Mir\u00e1 tambi\u00e9n<\/span><\/p>\n<hr>\n<h3>\u00bfCu\u00e1les ser\u00e1n los estadios para el Mundial Sub 20 en Argentina?<\/h3>\n<\/p>\n<\/section>\n<\/div>\n<p><h2><strong>Los golazos de Kenny<\/strong><\/h2>\n<\/p>\n<div class=\"custom-text \" readability=\"39\">\n<p>A los 23 minutos lleg\u00f3 el 1-0 a favor de La Mini Tri, tras una jugada en la que Arroyo<strong> encar\u00f3 desde la banda izquierda para meterse al \u00e1rea con un enganche hacia afuera, dejar desairado a otro defensor con un regate hacia adentro y definir al primer palo, con un remate de derecha, abajo.<\/strong> La anotaci\u00f3n del jugador ecuatoriano hizo reventar al Ol\u00edmpico Atahualpa que tuvo un gran marco de p\u00fablico. Arroyo se empez\u00f3 a convertir en figura y pocos minutos despu\u00e9s complet\u00f3 su doblete.<\/p>\n<\/div>\n<div class=\"sc-e6588e40-0 jdjGfi\">\n<div class=\"sc-e6588e40-1 hsKqox videoText\" id=\"contentTitleundefinedf7IhlFuN\" readability=\"56\"><svg fill=\"#ffffff\"><symbol id=\"play\" viewBox=\"0 0 512 512\"><path d=\"M512 256C512 397.4 397.4 512 256 512C114.6 512 0 397.4 0 256C0 114.6 114.6 0 256 0C397.4 0 512 114.6 512 256zM176 168V344C176 352.7 180.7 360.7 188.3 364.9C195.8 369.2 205.1 369 212.5 364.5L356.5 276.5C363.6 272.1 368 264.4 368 256C368 247.6 363.6 239.9 356.5 235.5L212.5 147.5C205.1 142.1 195.8 142.8 188.3 147.1C180.7 151.3 176 159.3 176 168V168z\" \/><\/symbol><use xlink:href=\"#play\" \/><\/svg><\/p>\n<div class=\"right\" readability=\"7\">\n<p>Selecci\u00f3n de Ecuador<!-- --> &#8211;<!-- --> <span>18-4-2023<\/span><\/p>\n<h2 class=\"title-vid\">\u00a1Golazo de Keny Arroyo contra Brasil!<\/h2>\n<\/div>\n<\/div>\n<p><span class=\"back\" id=\"spanBackundefinedf7IhlFuN\"><\/span><\/div>\n<div class=\"custom-text \" readability=\"41\">\n<p>El habilidoso extremo de Independiente del Valle volvi\u00f3 a dejar en el camino a Joao Chermont, lateral derecho brasile\u00f1o<strong>, para acomodarse desde el filo del \u00e1rea y enviar un remate de zurda, potente, al \u00e1ngulo, que hizo in\u00fatil la volada de Phillipe Gabriel y que signific\u00f3 el 2-0 para Ecuador. <\/strong>Arroyo complet\u00f3 una jugada donde sus compa\u00f1eros tocaron <strong>15 veces el bal\u00f3n<\/strong> antes del gol, haciendo m\u00e1s importante la conquista que convirti\u00f3 al mostrar el buen juego colectivo.<\/p>\n<\/div>\n<div class=\"sc-e6588e40-0 jdjGfi\">\n<div class=\"sc-e6588e40-1 hsKqox videoText\" id=\"contentTitleundefinedlPjqwrCa\" readability=\"56\"><svg fill=\"#ffffff\"><symbol id=\"play\" viewBox=\"0 0 512 512\"><path d=\"M512 256C512 397.4 397.4 512 256 512C114.6 512 0 397.4 0 256C0 114.6 114.6 0 256 0C397.4 0 512 114.6 512 256zM176 168V344C176 352.7 180.7 360.7 188.3 364.9C195.8 369.2 205.1 369 212.5 364.5L356.5 276.5C363.6 272.1 368 264.4 368 256C368 247.6 363.6 239.9 356.5 235.5L212.5 147.5C205.1 142.1 195.8 142.8 188.3 147.1C180.7 151.3 176 159.3 176 168V168z\" \/><\/symbol><use xlink:href=\"#play\" \/><\/svg><\/p>\n<div class=\"right\" readability=\"7\">\n<p>Selecci\u00f3n de Ecuador<!-- --> &#8211;<!-- --> <span>18-4-2023<\/span><\/p>\n<h2 class=\"title-vid\">\u00a1Misil de Arroyo para el segundo gol de Ecuador a Brasil!<\/h2>\n<\/div>\n<\/div>\n<p><span class=\"back\" id=\"spanBackundefinedlPjqwrCa\"><\/span><\/div>\n<div class=\"sc-a7166897-0 fTvehT\" readability=\"6\">\n<section readability=\"2\"><picture><img alt=\"Todo listo en Inglaterra para el fichaje de Kendry P\u00e1ez\" src=\"http:\/\/hoycordobaweb.com\/wp-content\/uploads\/2023\/04\/acuerdate-de-mi-keny-arroyo-alias-cheche-el-video-con-el-que-la-figura-del-sub-17-advertia-su-futuro-11.jpg\" width=\"29\" height=\"29\" decoding=\"async\" data-nimg=\"future\" loading=\"lazy\"><\/picture>\n<p><span>Mir\u00e1 tambi\u00e9n<\/span><\/p>\n<hr>\n<h3>Todo listo en Inglaterra para el fichaje de Kendry P\u00e1ez<\/h3>\n<\/p>\n<\/section>\n<\/div>\n<p><h2><strong>La palabra del goleador<\/strong><\/h2>\n<\/p>\n<div class=\"custom-embedhtml\" readability=\"8.0775401069519\">\n<blockquote class=\"twitter-tweet\" readability=\"10.20320855615\">\n<p lang=\"es\" dir=\"ltr\">\ud83d\udde3\ufe0f\u00bbNo hay cansancio. Estamos representando a 17 millones y queremos ganar el t\u00edtulo. El apoyo de la gente es incondicional y los esperamos contra Argentina\u00bb<\/p>\n<p>\ud83d\udd25\u26bd\ufe0fKeny Arroyo, autor de dos golazos a Brasil que le dieron a La Tri el pasaje al Mundial Sub 17 \ud83c\uddea\ud83c\udde8<\/p>\n<p>\ud83d\udcf9<a href=\"https:\/\/twitter.com\/josesantacruzc1?ref_src=twsrc%5Etfw\">@josesantacruzc1<\/a> <a href=\"https:\/\/t.co\/58HXNMoq6r\">pic.twitter.com\/58HXNMoq6r<\/a><\/p>\n<p>\u2014 Diario Ol\u00e9 Ecuador (@DiarioOleEc) <a href=\"https:\/\/twitter.com\/DiarioOleEc\/status\/1648178856770109441?ref_src=twsrc%5Etfw\">April 18, 2023<\/a><\/p><\/blockquote><\/div>\n<p><h2><strong>El proyecto IDV sigue dando frutos<\/strong><\/h2>\n<\/p>\n<div class=\"custom-text \" readability=\"39\">\n<p>Quiz\u00e1s parece redundante seguir hablando del trabajo que ha hecho Independiente del Valle en los \u00faltimos a\u00f1os para potenciar a los jugadores j\u00f3venes, pero pasa el tiempo y sigue dando resultados. No solo por los t\u00edtulos obtenidos ni los futbolistas vendidos, sino tambi\u00e9n por este tipo de cuestiones. <strong>Hoy, IDV tiene diez jugadores integrando la Selecci\u00f3n Sub 17 de Diego Mart\u00ednez, y uno de ellos ya sab\u00eda que llegar\u00eda apenas cuando era un ni\u00f1o.<\/strong><\/p>\n<\/div>\n<div class=\"sc-a7166897-0 fTvehT\" readability=\"6\">\n<section readability=\"2\"><picture><img alt=\"La Argentina se clasific\u00f3 al Mundial Sub 17\" src=\"http:\/\/hoycordobaweb.com\/wp-content\/uploads\/2023\/04\/acuerdate-de-mi-keny-arroyo-alias-cheche-el-video-con-el-que-la-figura-del-sub-17-advertia-su-futuro-12.jpg\" width=\"29\" height=\"29\" decoding=\"async\" data-nimg=\"future\" loading=\"lazy\"><\/picture>\n<p><span>Mir\u00e1 tambi\u00e9n<\/span><\/p>\n<hr>\n<h3>La Argentina se clasific\u00f3 al Mundial Sub 17<\/h3>\n<\/p>\n<\/section>\n<\/div>\n<div class=\"sc-a7166897-0 fTvehT\" readability=\"6\">\n<section readability=\"2\"><picture><img alt=\"Atenta La Mini Tri: el Mundial Sub 20 se jugar\u00e1 en Argentina\" src=\"http:\/\/hoycordobaweb.com\/wp-content\/uploads\/2023\/04\/acuerdate-de-mi-keny-arroyo-alias-cheche-el-video-con-el-que-la-figura-del-sub-17-advertia-su-futuro-13.jpg\" width=\"29\" height=\"29\" decoding=\"async\" data-nimg=\"future\" loading=\"lazy\"><\/picture>\n<p><span>Mir\u00e1 tambi\u00e9n<\/span><\/p>\n<hr>\n<h3>Atenta La Mini Tri: el Mundial Sub 20 se jugar\u00e1 en Argentina<\/h3>\n<\/p>\n<\/section>\n<\/div>\n<\/div>\n","protected":false},"excerpt":{"rendered":"<p>18\/04\/2023 17:47hs. Se llev\u00f3 todos los flashes en la clasificaci\u00f3n de la Selecci\u00f3n de Ecuador Sub 17 al Mundial de la categor\u00eda con dos golazos para empatar con Brasil. A muchos puede haberlos sorprendido la destacable actuaci\u00f3n de Kenny Arroyo en La Mini Tri, pero si hay alguien que ya se lo ve\u00eda venir desde [&hellip;]<\/p>\n","protected":false},"author":1,"featured_media":58617,"comment_status":"open","ping_status":"closed","sticky":false,"template":"","format":"standard","meta":[],"categories":[16],"tags":[],"_links":{"self":[{"href":"http:\/\/hoycordobaweb.com\/index.php\/wp-json\/wp\/v2\/posts\/58616"}],"collection":[{"href":"http:\/\/hoycordobaweb.com\/index.php\/wp-json\/wp\/v2\/posts"}],"about":[{"href":"http:\/\/hoycordobaweb.com\/index.php\/wp-json\/wp\/v2\/types\/post"}],"author":[{"embeddable":true,"href":"http:\/\/hoycordobaweb.com\/index.php\/wp-json\/wp\/v2\/users\/1"}],"replies":[{"embeddable":true,"href":"http:\/\/hoycordobaweb.com\/index.php\/wp-json\/wp\/v2\/comments?post=58616"}],"version-history":[{"count":0,"href":"http:\/\/hoycordobaweb.com\/index.php\/wp-json\/wp\/v2\/posts\/58616\/revisions"}],"wp:featuredmedia":[{"embeddable":true,"href":"http:\/\/hoycordobaweb.com\/index.php\/wp-json\/wp\/v2\/media\/58617"}],"wp:attachment":[{"href":"http:\/\/hoycordobaweb.com\/index.php\/wp-json\/wp\/v2\/media?parent=58616"}],"wp:term":[{"taxonomy":"category","embeddable":true,"href":"http:\/\/hoycordobaweb.com\/index.php\/wp-json\/wp\/v2\/categories?post=58616"},{"taxonomy":"post_tag","embeddable":true,"href":"http:\/\/hoycordobaweb.com\/index.php\/wp-json\/wp\/v2\/tags?post=58616"}],"curies":[{"name":"wp","href":"https:\/\/api.w.org\/{rel}","templated":true}]}}