{"id":58610,"date":"2023-04-18T21:07:39","date_gmt":"2023-04-18T21:07:39","guid":{"rendered":"https:\/\/www.ole.com.ar\/futbol-internacional\/champions\/lautaro-martinez-champions-league-benfica-inter_0_KDWWLZfiGZ.html"},"modified":"2023-04-18T21:07:39","modified_gmt":"2023-04-18T21:07:39","slug":"inter-benfica-hora-tv-y-posibles-formaciones","status":"publish","type":"post","link":"http:\/\/hoycordobaweb.com\/index.php\/2023\/04\/18\/inter-benfica-hora-tv-y-posibles-formaciones\/","title":{"rendered":"Inter &#8211; Benfica: hora, TV y posibles formaciones"},"content":{"rendered":"<p><img src=\"http:\/\/hoycordobaweb.com\/wp-content\/uploads\/2023\/04\/inter-benfica-hora-tv-y-posibles-formaciones.jpg\"><\/p>\n<p><time class=\"createDate\" datetime=\"2023-04-18T18:07:39-03:00\">18\/04\/2023 18:07hs.<\/time><time class=\"modificatedDate\" datetime=\"2023\/04\/18T18:07:38-03:00\"><\/time><\/p>\n<div id=\"storyBody\">\n<div class=\"custom-text \" readability=\"35.923943661972\">\n<p><a href=\"https:\/\/www.ole.com.ar\/tema\/inter.html\" title=\"Inter\" alt=\"Inter\" class=\"slug\" data-summari-detected=\"true\"><strong>Inter<\/strong><\/a><strong> y <\/strong><a href=\"https:\/\/www.ole.com.ar\/tema\/benfica.html\" title=\"benfica\" alt=\"benfica\" class=\"slug\" data-summari-detected=\"true\"><strong>Benfica<\/strong><\/a><strong> buscar\u00e1n el pasaje a las semifinales de la <\/strong><a href=\"https:\/\/www.ole.com.ar\/tema\/champions-league.html\" title=\"Champions League\" alt=\"Champions League\" class=\"slug\" data-summari-detected=\"true\"><strong>Champions League<\/strong><\/a><strong>. El conjunto italiano llega con la ventaja del 2-0 en la ida<\/strong>. Podr\u00e1s seguir el partido a trav\u00e9s de <strong>Ol\u00e9<\/strong>, con todo lo que pase minuto a minuto. Despu\u00e9s vas a encontrar el an\u00e1lisis, las declaraciones de los protagonistas, el resumen, las noticias m\u00e1s destacadas y los videos.<\/p>\n<\/div>\n<div class=\"sc-a7166897-0 fTvehT\" readability=\"6\">\n<section readability=\"2\"><picture><img alt=\"Insua tiene que rearmar el medio para la Copa\" src=\"http:\/\/hoycordobaweb.com\/wp-content\/uploads\/2023\/04\/inter-benfica-hora-tv-y-posibles-formaciones-2.jpg\" width=\"29\" height=\"29\" decoding=\"async\" data-nimg=\"future\" loading=\"lazy\"><\/picture>\n<p><span>Mir\u00e1 tambi\u00e9n<\/span><\/p>\n<hr>\n<h3>Insua tiene que rearmar el medio para la Copa<\/h3>\n<\/p>\n<\/section>\n<\/div>\n<p><h2>\u00bfA qu\u00e9 hora juegan Inter-Benfica?<\/h2>\n<\/p>\n<div class=\"custom-text \" readability=\"33\">\n<p>El partido entre Inter y Benfica <strong>se disputar\u00e1 el mi\u00e9rcoles 19 de abril a las 16:00 hs<\/strong> de la Argentina en el estadio Estadio Giuseppe Meazza.<\/p>\n<\/div>\n<div class=\"sc-a7166897-0 fTvehT\" readability=\"6.5\">\n<section readability=\"3\"><picture><img alt=\"Newell's - Blooming: hora, TV y probables formaciones\" src=\"http:\/\/hoycordobaweb.com\/wp-content\/uploads\/2023\/04\/inter-benfica-hora-tv-y-posibles-formaciones-3.jpg\" width=\"29\" height=\"29\" decoding=\"async\" data-nimg=\"future\" loading=\"lazy\"><\/picture>\n<p><span>Mir\u00e1 tambi\u00e9n<\/span><\/p>\n<hr>\n<h3>Newell&#8217;s &#8211; Blooming: hora, TV y probables formaciones<\/h3>\n<\/p>\n<\/section>\n<\/div>\n<p><h2>Horario Inter &#8211; Benfica, seg\u00fan pa\u00eds<\/h2>\n<\/p>\n<div class=\"custom-text \">\n<p>Brasil: 16:00 hs<\/p>\n<\/div>\n<div class=\"custom-text \">\n<p>Uruguay: 16:00 hs<\/p>\n<\/div>\n<div class=\"custom-text \">\n<p>Paraguay: 16:00 hs<\/p>\n<\/div>\n<div class=\"custom-text \">\n<p>Chile: 16:00 hs<\/p>\n<\/div>\n<div class=\"custom-text \">\n<p>Venezuela: 15:00 hs<\/p>\n<\/div>\n<div class=\"custom-text \">\n<p>Bolivia: 15:00 hs<\/p>\n<\/div>\n<div class=\"custom-text \">\n<p>Colombia: 14:00 hs<\/p>\n<\/div>\n<div class=\"custom-text \">\n<p>Ecuador: 14:00 hs<\/p>\n<\/div>\n<div class=\"custom-text \">\n<p>Per\u00fa: 14:00 hs<\/p>\n<\/div>\n<div class=\"custom-text \">\n<p>M\u00e9xico: 13:00 hs<\/p>\n<\/div>\n<p><h2>\u00bfPor d\u00f3nde ver Inter &#8211; Benfica?<\/h2>\n<\/p>\n<div class=\"custom-text \" readability=\"34\">\n<p><strong>El partido ser\u00e1 transmitido por la se\u00f1al de Fox Sports.<\/strong> Tambi\u00e9n vas a poder seguir el minuto a minuto por la web de Ol\u00e9, como siempre.<\/p>\n<\/div>\n<div class=\"sc-a7166897-0 fTvehT\" readability=\"6.5\">\n<section readability=\"3\"><picture><img alt=\"Buscaron los dos, se llevaron solo un punto\" src=\"http:\/\/hoycordobaweb.com\/wp-content\/uploads\/2023\/04\/inter-benfica-hora-tv-y-posibles-formaciones-4.jpg\" width=\"29\" height=\"29\" decoding=\"async\" data-nimg=\"future\" loading=\"lazy\"><\/picture>\n<p><span>Mir\u00e1 tambi\u00e9n<\/span><\/p>\n<hr>\n<h3>Buscaron los dos, se llevaron solo un punto<\/h3>\n<\/p>\n<\/section>\n<\/div>\n<p><h2>\u00bfC\u00f3mo llega Inter?<\/h2>\n<\/p>\n<div class=\"sc-996041c8-0 iUjELL\"><img alt=\"Lautaro Mart\u00ednez celebra tras anotar un gol para el Inter de Mil\u00e1n en el partido contra Udinese en la Serie A italiana, el s\u00e1bado 18 de febrero de 2023. (AP Foto\/Antonio Calanni)\" src=\"http:\/\/hoycordobaweb.com\/wp-content\/uploads\/2023\/04\/inter-benfica-hora-tv-y-posibles-formaciones-5.jpg\" width=\"72\" height=\"10\" decoding=\"async\" data-nimg=\"future\" loading=\"lazy\"><span>Lautaro Mart\u00ednez celebra tras anotar un gol para el Inter de Mil\u00e1n en el partido contra Udinese en la Serie A italiana, el s\u00e1bado 18 de febrero de 2023. (AP Foto\/Antonio Calanni)<\/span><\/div>\n<div class=\"custom-text \" readability=\"34.704379562044\">\n<p>El equipo donde juega<a href=\"https:\/\/www.ole.com.ar\/tema\/lautaro-martinez.html\" title=\"Lautaro Mart\u00ednez\" alt=\"Lautaro Mart\u00ednez\" class=\"slug\"><strong>Lautaro Mart\u00ednez<\/strong><\/a>, <strong>Joaqu\u00edn Correa<\/strong> y compa\u00f1\u00eda <strong>viene de perder en casa por 1-0 ante el Monza por la Serie A<\/strong>. Por su parte, en la ida ante Benfica en Portugal, gan\u00f3 por 2-0 y buscar\u00e1 sentenciar la serie en su estadio y lograr alcanzar las semifinales.<\/p>\n<\/div>\n<div class=\"sc-a7166897-0 fTvehT\" readability=\"6\">\n<section readability=\"2\"><picture><img alt=\"La gran marca de River jugando como local ante peruanos en Libertadores\" src=\"http:\/\/hoycordobaweb.com\/wp-content\/uploads\/2023\/04\/inter-benfica-hora-tv-y-posibles-formaciones-6.jpg\" width=\"29\" height=\"29\" decoding=\"async\" data-nimg=\"future\" loading=\"lazy\"><\/picture>\n<p><span>Mir\u00e1 tambi\u00e9n<\/span><\/p>\n<hr>\n<h3>La gran marca de River jugando como local ante peruanos en Libertadores<\/h3>\n<\/p>\n<\/section>\n<\/div>\n<p><h2>\u00bfC\u00f3mo llega Benfica?<\/h2>\n<\/p>\n<div class=\"sc-996041c8-0 iUjELL\"><img alt=\"Benfica vs Chaves (Photo by Fernando VELUDO \/ AFP)\" src=\"http:\/\/hoycordobaweb.com\/wp-content\/uploads\/2023\/04\/inter-benfica-hora-tv-y-posibles-formaciones-7.jpg\" width=\"72\" height=\"10\" decoding=\"async\" data-nimg=\"future\" loading=\"lazy\"><span>Benfica vs Chaves (Photo by Fernando VELUDO \/ AFP)<\/span><\/div>\n<div class=\"custom-text \" readability=\"36.928125\">\n<p>El equipo de Roger Schmidt, y donde juega <a href=\"https:\/\/www.ole.com.ar\/tema\/nicolas-otamendi.html\" title=\"Nicol\u00e1s Otamendi\" alt=\"Nicol\u00e1s Otamendi\" class=\"slug\"><strong>Nicol\u00e1s Otamendi<\/strong><\/a>, <strong>viene de perder 1-0 ante Chaves en condici\u00f3n de visitante por la Primeira Liga<\/strong>. El cuadro luso, no viene bien y viene con una racha de 3 partidos seguidos con derrota, per buscar\u00e1 dar vuelta la llave y acceder a la pr\u00f3xima instancia de la Champions League.<\/p>\n<\/div>\n<div class=\"sc-a7166897-0 fTvehT\" readability=\"6.5\">\n<section readability=\"3\"><picture><img alt=\"Estudiantes - Tacuary: hora, TV y posibles formaciones\" src=\"http:\/\/hoycordobaweb.com\/wp-content\/uploads\/2023\/04\/inter-benfica-hora-tv-y-posibles-formaciones-8.jpg\" width=\"29\" height=\"29\" decoding=\"async\" data-nimg=\"future\" loading=\"lazy\"><\/picture>\n<p><span>Mir\u00e1 tambi\u00e9n<\/span><\/p>\n<hr>\n<h3>Estudiantes &#8211; Tacuary: hora, TV y posibles formaciones<\/h3>\n<\/p>\n<\/section>\n<\/div>\n<p><h2>Posibles Formaciones<\/h2>\n<\/p>\n<div class=\"custom-text \" readability=\"40\">\n<p><strong>Inter:<\/strong> Onana; Darmian, Acerbi, Bastoni; Dumfries, Barella, Hakan \u00c7alhanoglu, Mkhitaryan, Dimarco; Dzeko, Lautaro Mart\u00ednez. DT: Simone Inzaghi.<\/p>\n<\/div>\n<div class=\"custom-text \" readability=\"39\">\n<p><strong>Benfica<\/strong>: Vlachodimos; Gilberto, Ant\u00f3nio Silva, Otamendi, Grimaldo; Florentino, Chiquinho; Aursnes, Rafa Silva, Jo\u00e3o M\u00e1rio; Gon\u00e7alo Ramos. <strong>DT: Robert Schmidt<\/strong><\/p>\n<\/div>\n<div class=\"sc-a7166897-0 fTvehT\" readability=\"6\">\n<section readability=\"2\"><picture><img alt=\"La familia Messi revolucion\u00f3 el Disney de Par\u00eds\" src=\"http:\/\/hoycordobaweb.com\/wp-content\/uploads\/2023\/04\/inter-benfica-hora-tv-y-posibles-formaciones-9.jpg\" width=\"29\" height=\"29\" decoding=\"async\" data-nimg=\"future\" loading=\"lazy\"><\/picture>\n<p><span>Mir\u00e1 tambi\u00e9n<\/span><\/p>\n<hr>\n<h3>La familia Messi revolucion\u00f3 el Disney de Par\u00eds<\/h3>\n<\/p>\n<\/section>\n<\/div>\n<\/div>\n","protected":false},"excerpt":{"rendered":"<p>18\/04\/2023 18:07hs. Inter y Benfica buscar\u00e1n el pasaje a las semifinales de la Champions League. El conjunto italiano llega con la ventaja del 2-0 en la ida. Podr\u00e1s seguir el partido a trav\u00e9s de Ol\u00e9, con todo lo que pase minuto a minuto. Despu\u00e9s vas a encontrar el an\u00e1lisis, las declaraciones de los protagonistas, el [&hellip;]<\/p>\n","protected":false},"author":1,"featured_media":58611,"comment_status":"open","ping_status":"closed","sticky":false,"template":"","format":"standard","meta":[],"categories":[16],"tags":[],"_links":{"self":[{"href":"http:\/\/hoycordobaweb.com\/index.php\/wp-json\/wp\/v2\/posts\/58610"}],"collection":[{"href":"http:\/\/hoycordobaweb.com\/index.php\/wp-json\/wp\/v2\/posts"}],"about":[{"href":"http:\/\/hoycordobaweb.com\/index.php\/wp-json\/wp\/v2\/types\/post"}],"author":[{"embeddable":true,"href":"http:\/\/hoycordobaweb.com\/index.php\/wp-json\/wp\/v2\/users\/1"}],"replies":[{"embeddable":true,"href":"http:\/\/hoycordobaweb.com\/index.php\/wp-json\/wp\/v2\/comments?post=58610"}],"version-history":[{"count":0,"href":"http:\/\/hoycordobaweb.com\/index.php\/wp-json\/wp\/v2\/posts\/58610\/revisions"}],"wp:featuredmedia":[{"embeddable":true,"href":"http:\/\/hoycordobaweb.com\/index.php\/wp-json\/wp\/v2\/media\/58611"}],"wp:attachment":[{"href":"http:\/\/hoycordobaweb.com\/index.php\/wp-json\/wp\/v2\/media?parent=58610"}],"wp:term":[{"taxonomy":"category","embeddable":true,"href":"http:\/\/hoycordobaweb.com\/index.php\/wp-json\/wp\/v2\/categories?post=58610"},{"taxonomy":"post_tag","embeddable":true,"href":"http:\/\/hoycordobaweb.com\/index.php\/wp-json\/wp\/v2\/tags?post=58610"}],"curies":[{"name":"wp","href":"https:\/\/api.w.org\/{rel}","templated":true}]}}