{"id":58608,"date":"2023-04-17T13:34:15","date_gmt":"2023-04-17T13:34:15","guid":{"rendered":"https:\/\/ladecimaweb.com\/?p=16470"},"modified":"2023-04-17T13:34:15","modified_gmt":"2023-04-17T13:34:15","slug":"siguen-abiertas-las-inscripciones-al-programa-primer-paso","status":"publish","type":"post","link":"http:\/\/hoycordobaweb.com\/index.php\/2023\/04\/17\/siguen-abiertas-las-inscripciones-al-programa-primer-paso\/","title":{"rendered":"Siguen abiertas las inscripciones al Programa Primer Paso"},"content":{"rendered":"<div class=\"boldgrid-section\">\n<div class=\"container\">\n<div class=\"row\">\n<div class=\"col-md-12 col-xs-12 col-sm-12\">\n<p class=\"\"><em>(Web de gobierno)<\/em> El Programa Primer Paso es una de las pol\u00edticas de fomento para el trabajo para los j\u00f3venes, que busca generar nuevas oportunidades laborales y una primera experiencia de entrenamiento para 15 mil cordobeses y cordobesas.<\/p>\n<p class=\"\">En marzo de 2023<span>&nbsp;<\/span><a href=\"https:\/\/prensa.cba.gov.ar\/gobierno\/schiaretti-cordoba-es-tierra-de-produccion-y-trabajo\/\" target=\"_blank\" rel=\"noreferrer noopener\">se present\u00f3 una nueva edici\u00f3n<\/a><span>&nbsp;<\/span>destinada a j\u00f3venes de 16 a 24 a\u00f1os inclusive, desempleados, sin experiencia laboral relevante y que registren domicilio en la provincia de C\u00f3rdoba. Las inscripciones estar\u00e1n abiertas hasta el 28 de abril.<\/p>\n<p class=\"\">Luego de las postulaciones, del 29 de abril al 10 de mayo se har\u00e1 la revisi\u00f3n de datos; el 11 de mayo tendr\u00e1 lugar el sorteo en Loter\u00eda de C\u00f3rdoba; y el 15 de mayo comenzar\u00e1 la capacitaci\u00f3n y pr\u00e1ctica laboral.<\/p>\n<p>Las inscripciones se realizan de manera digital a trav\u00e9s del Formulario \u00danico de Postulantes y es necesario tener Ciudadano Digital (CiDi) nivel 1.<\/p>\n<h4><strong>PPP en empresas<\/strong><\/h4>\n<p>Las empresas interesadas en formar parte, tendr\u00e1n que contar con CiDi nivel 2 para realizar la inscripci\u00f3n de manera online mediante FUP (<a href=\"https:\/\/formularioinscripcion.cba.gov.ar\/fup\/ciudadano\">https:\/\/formularioinscripcion.cba.gov.ar\/fup\/ciudadano<\/a>).<\/p>\n<p>Es fundamental que el empleador comparta el CUIT, ya que es un dato indispensable para completar la solicitud de los interesados en formar parte del staff de la empresa. A partir de all\u00ed, el empleador podr\u00e1 aceptar desde su formulario a quienes eligieron su organizaci\u00f3n.&nbsp;<\/p>\n<p>Finalizado este proceso, la postulaci\u00f3n de ambas partes (empresa y postulante) queda completada y a espera de salir sorteados el d\u00eda 11 de mayo.<\/p>\n<p>Para que empresas y comercios puedan sumarse al PPP debeN estar inscriptos regularmente en los organismos nacionales, provinciales y municipales de car\u00e1cter tributario y de la Seguridad Social. Adem\u00e1s tendr\u00e1n que contar con empleados registrados en relaci\u00f3n de dependencia, a excepci\u00f3n de los departamentos del norte y oeste provincial con menos de 500 habitantes, donde no es necesario que cuenten con este requisito.<\/p>\n<p>Para m\u00e1s informaci\u00f3n<span>&nbsp;<\/span><a href=\"https:\/\/prensa.cba.gov.ar\/informacion-general\/empresas-y-comercios-de-cordoba-ya-pueden-sumarse-al-ppp\/\">ingresar aqu\u00ed<\/a><\/p>\n<div class=\"ubm_banner\"><a href=\"https:\/\/www.cba.gov.ar\" target=\"_blank\" rel=\"dofollow noopener noreferrer\"><img src=\"http:\/\/hoycordobaweb.com\/wp-content\/uploads\/2023\/04\/siguen-abiertas-las-inscripciones-al-programa-primer-paso.gif\" alt=\"\"><\/a><\/div>\n<\/div>\n<\/div>\n<\/div>\n<\/div>\n<p>La entrada <a rel=\"nofollow\" href=\"https:\/\/ladecimaweb.com\/siguen-abiertas-las-inscripciones-al-programa-primer-paso\/\">Siguen abiertas las inscripciones al Programa Primer Paso<\/a> se public\u00f3 primero en <a rel=\"nofollow\" href=\"https:\/\/ladecimaweb.com\">LaDecima<\/a>.<\/p>\n","protected":false},"excerpt":{"rendered":"<p>(Web de gobierno) El Programa Primer Paso es una de las pol\u00edticas de fomento para el trabajo para los j\u00f3venes, que busca generar nuevas oportunidades laborales y una primera experiencia de entrenamiento para 15 mil cordobeses y cordobesas. En marzo de 2023&nbsp;se present\u00f3 una nueva edici\u00f3n&nbsp;destinada a j\u00f3venes de 16 a 24 a\u00f1os inclusive, desempleados, [&hellip;]<\/p>\n","protected":false},"author":1,"featured_media":58609,"comment_status":"closed","ping_status":"closed","sticky":false,"template":"","format":"standard","meta":[],"categories":[19],"tags":[],"_links":{"self":[{"href":"http:\/\/hoycordobaweb.com\/index.php\/wp-json\/wp\/v2\/posts\/58608"}],"collection":[{"href":"http:\/\/hoycordobaweb.com\/index.php\/wp-json\/wp\/v2\/posts"}],"about":[{"href":"http:\/\/hoycordobaweb.com\/index.php\/wp-json\/wp\/v2\/types\/post"}],"author":[{"embeddable":true,"href":"http:\/\/hoycordobaweb.com\/index.php\/wp-json\/wp\/v2\/users\/1"}],"replies":[{"embeddable":true,"href":"http:\/\/hoycordobaweb.com\/index.php\/wp-json\/wp\/v2\/comments?post=58608"}],"version-history":[{"count":0,"href":"http:\/\/hoycordobaweb.com\/index.php\/wp-json\/wp\/v2\/posts\/58608\/revisions"}],"wp:featuredmedia":[{"embeddable":true,"href":"http:\/\/hoycordobaweb.com\/index.php\/wp-json\/wp\/v2\/media\/58609"}],"wp:attachment":[{"href":"http:\/\/hoycordobaweb.com\/index.php\/wp-json\/wp\/v2\/media?parent=58608"}],"wp:term":[{"taxonomy":"category","embeddable":true,"href":"http:\/\/hoycordobaweb.com\/index.php\/wp-json\/wp\/v2\/categories?post=58608"},{"taxonomy":"post_tag","embeddable":true,"href":"http:\/\/hoycordobaweb.com\/index.php\/wp-json\/wp\/v2\/tags?post=58608"}],"curies":[{"name":"wp","href":"https:\/\/api.w.org\/{rel}","templated":true}]}}