{"id":58597,"date":"2023-04-18T08:44:00","date_gmt":"2023-04-18T08:44:00","guid":{"rendered":"https:\/\/fm-comunicar.com.ar\/contenido\/20161\/presentaron-dos-listas-encabezadas-por-mujeres-para-las-elecciones-de-colonia-vi"},"modified":"2023-04-18T08:44:00","modified_gmt":"2023-04-18T08:44:00","slug":"presentaron-dos-listas-encabezadas-por-mujeres-para-las-elecciones-de-colonia-vicente-aguero","status":"publish","type":"post","link":"http:\/\/hoycordobaweb.com\/index.php\/2023\/04\/18\/presentaron-dos-listas-encabezadas-por-mujeres-para-las-elecciones-de-colonia-vicente-aguero\/","title":{"rendered":"Presentaron dos listas encabezadas por mujeres para las elecciones de Colonia Vicente Ag\u00fcero"},"content":{"rendered":"<p>Gloria Pav\u00f3n y Nilda Lauret se postulan para ser Jefa Comunal del pueblo. Los comicios ser\u00e1n el 4 de junio.<img src=\"http:\/\/hoycordobaweb.com\/wp-content\/uploads\/2023\/04\/presentaron-dos-listas-encabezadas-por-mujeres-para-las-elecciones-de-colonia-vicente-aguero.png\"><\/p>\n","protected":false},"excerpt":{"rendered":"<p>Gloria Pav\u00f3n y Nilda Lauret se postulan para ser Jefa Comunal del pueblo. Los comicios ser\u00e1n el 4 de junio.<\/p>\n","protected":false},"author":1,"featured_media":58598,"comment_status":"closed","ping_status":"closed","sticky":false,"template":"","format":"standard","meta":[],"categories":[18],"tags":[],"_links":{"self":[{"href":"http:\/\/hoycordobaweb.com\/index.php\/wp-json\/wp\/v2\/posts\/58597"}],"collection":[{"href":"http:\/\/hoycordobaweb.com\/index.php\/wp-json\/wp\/v2\/posts"}],"about":[{"href":"http:\/\/hoycordobaweb.com\/index.php\/wp-json\/wp\/v2\/types\/post"}],"author":[{"embeddable":true,"href":"http:\/\/hoycordobaweb.com\/index.php\/wp-json\/wp\/v2\/users\/1"}],"replies":[{"embeddable":true,"href":"http:\/\/hoycordobaweb.com\/index.php\/wp-json\/wp\/v2\/comments?post=58597"}],"version-history":[{"count":0,"href":"http:\/\/hoycordobaweb.com\/index.php\/wp-json\/wp\/v2\/posts\/58597\/revisions"}],"wp:featuredmedia":[{"embeddable":true,"href":"http:\/\/hoycordobaweb.com\/index.php\/wp-json\/wp\/v2\/media\/58598"}],"wp:attachment":[{"href":"http:\/\/hoycordobaweb.com\/index.php\/wp-json\/wp\/v2\/media?parent=58597"}],"wp:term":[{"taxonomy":"category","embeddable":true,"href":"http:\/\/hoycordobaweb.com\/index.php\/wp-json\/wp\/v2\/categories?post=58597"},{"taxonomy":"post_tag","embeddable":true,"href":"http:\/\/hoycordobaweb.com\/index.php\/wp-json\/wp\/v2\/tags?post=58597"}],"curies":[{"name":"wp","href":"https:\/\/api.w.org\/{rel}","templated":true}]}}