{"id":58553,"date":"2023-04-17T11:25:05","date_gmt":"2023-04-17T11:25:05","guid":{"rendered":"https:\/\/manoamanocba.com.ar\/?p=6219"},"modified":"2023-04-17T11:25:05","modified_gmt":"2023-04-17T11:25:05","slug":"continua-la-puesta-en-valor-del-museo-historico-marques-de-sobremonte","status":"publish","type":"post","link":"http:\/\/hoycordobaweb.com\/index.php\/2023\/04\/17\/continua-la-puesta-en-valor-del-museo-historico-marques-de-sobremonte\/","title":{"rendered":"Contin\u00faa la puesta en valor del Museo Hist\u00f3rico Marqu\u00e9s de Sobremonte"},"content":{"rendered":"<p>El <strong>Museo Hist\u00f3rico Marqu\u00e9s de Sobremonte<\/strong>, dependiente de la Agencia C\u00f3rdoba Cultura, se encuentra pronto a su reapertura, luego de una importante intervenci\u00f3n edilicia para su puesta en valor.<\/p>\n<p>Las tareas comenzaron el 18 de abril de 2022, bajo la inspecci\u00f3n de la arquitecta Gabriela Casanovas. Los trabajos son llevados a cabo por un grupo interdisciplinario formado por arquitectos, restauradores, conservadores del patrimonio y muse\u00f3logos; con la asesor\u00eda y el aval de distintos organismos e instituciones p\u00fablicas, como la Comisi\u00f3n Nacional de Monumentos, de Lugares y de Bienes Hist\u00f3ricos.<\/p>\n<p>Durante los meses de restauraci\u00f3n y conservaci\u00f3n patrimonial, se han desarrollado actividades para mejorar y optimizar el taller de conservaci\u00f3n, el embalaje, la revalorizaci\u00f3n,&nbsp;catalogaci\u00f3n y digitalizaci\u00f3n de la colecci\u00f3n del museo.<\/p>\n<p>Proteger el patrimonio no solo incluye el mantenimiento edilicio, su conservaci\u00f3n y protecci\u00f3n, sino tambi\u00e9n, el (re)pensar y (re)escribir los relatos y las formas de exhibir la colecci\u00f3n, para lograr una nueva propuesta de acercamiento y encuentro con nuestra historia.<\/p>\n<p>En su rol social, el museo se adapta a las necesidades de una comunidad, desarrollando propuestas de museo vivo, participativo, que se fortalece por el contacto directo entre el p\u00fablico y los objetos patrimoniales de su colecci\u00f3n.<\/p>\n<figure class=\"wp-block-image size-full\"><img loading=\"lazy\" class=\"wp-image-545493\" src=\"http:\/\/hoycordobaweb.com\/wp-content\/uploads\/2023\/04\/continua-la-puesta-en-valor-del-museo-historico-marques-de-sobremonte.jpg\" alt width=\"5278\" height=\"2970\"><\/figure>\n<h4>La casa del Marqu\u00e9s<\/h4>\n<p>La antigua casona del siglo XVIII fue construida por el comerciante espa\u00f1ol Jos\u00e9 Rodr\u00edguez en el a\u00f1o 1752 y declarada Monumento Hist\u00f3rico Nacional en 1941. Es el \u00fanico exponente en su tipo de vivienda familiar del per\u00edodo colonial que se conserva hasta el presente.<\/p>\n<p>Construida con la doble finalidad de vivienda y comercio, su arquitectura conjuga la vivienda romana y andaluza, lo que la convierte en un fiel exponente del lenguaje Barroco del siglo XVIII en Am\u00e9rica.<\/p>\n<p>El nombre otorgado al espacio corresponde a su habitante m\u00e1s ilustre, Don Rafael de Sobremonte, que vivi\u00f3 en la propiedad desde 1783 a 1796. En esos a\u00f1os, ejerci\u00f3 como Gobernador Intendente de la C\u00f3rdoba del Tucum\u00e1n.<\/p>\n<figure class=\"wp-block-image size-full\"><img loading=\"lazy\" class=\"wp-image-545494\" src=\"http:\/\/hoycordobaweb.com\/wp-content\/uploads\/2023\/04\/continua-la-puesta-en-valor-del-museo-historico-marques-de-sobremonte-1.jpg\" alt width=\"2604\" height=\"4624\"><\/figure>\n","protected":false},"excerpt":{"rendered":"<p>El Museo Hist\u00f3rico Marqu\u00e9s de Sobremonte, dependiente de la Agencia C\u00f3rdoba Cultura, se encuentra pronto a su reapertura, luego de una importante intervenci\u00f3n edilicia para su puesta en valor. Las tareas comenzaron el 18 de abril de 2022, bajo la inspecci\u00f3n de la arquitecta Gabriela Casanovas. Los trabajos son llevados a cabo por un grupo [&hellip;]<\/p>\n","protected":false},"author":1,"featured_media":58554,"comment_status":"closed","ping_status":"closed","sticky":false,"template":"","format":"standard","meta":[],"categories":[19],"tags":[],"_links":{"self":[{"href":"http:\/\/hoycordobaweb.com\/index.php\/wp-json\/wp\/v2\/posts\/58553"}],"collection":[{"href":"http:\/\/hoycordobaweb.com\/index.php\/wp-json\/wp\/v2\/posts"}],"about":[{"href":"http:\/\/hoycordobaweb.com\/index.php\/wp-json\/wp\/v2\/types\/post"}],"author":[{"embeddable":true,"href":"http:\/\/hoycordobaweb.com\/index.php\/wp-json\/wp\/v2\/users\/1"}],"replies":[{"embeddable":true,"href":"http:\/\/hoycordobaweb.com\/index.php\/wp-json\/wp\/v2\/comments?post=58553"}],"version-history":[{"count":0,"href":"http:\/\/hoycordobaweb.com\/index.php\/wp-json\/wp\/v2\/posts\/58553\/revisions"}],"wp:featuredmedia":[{"embeddable":true,"href":"http:\/\/hoycordobaweb.com\/index.php\/wp-json\/wp\/v2\/media\/58554"}],"wp:attachment":[{"href":"http:\/\/hoycordobaweb.com\/index.php\/wp-json\/wp\/v2\/media?parent=58553"}],"wp:term":[{"taxonomy":"category","embeddable":true,"href":"http:\/\/hoycordobaweb.com\/index.php\/wp-json\/wp\/v2\/categories?post=58553"},{"taxonomy":"post_tag","embeddable":true,"href":"http:\/\/hoycordobaweb.com\/index.php\/wp-json\/wp\/v2\/tags?post=58553"}],"curies":[{"name":"wp","href":"https:\/\/api.w.org\/{rel}","templated":true}]}}