{"id":58547,"date":"2023-04-17T19:56:00","date_gmt":"2023-04-17T19:56:00","guid":{"rendered":"http:\/\/hoycordobaweb.com\/index.php\/2023\/04\/17\/suman-180-los-muertos-civiles-por-la-guerra-entre-dos-generales-en-sudan\/"},"modified":"2023-04-17T19:56:00","modified_gmt":"2023-04-17T19:56:00","slug":"suman-180-los-muertos-civiles-por-la-guerra-entre-dos-generales-en-sudan","status":"publish","type":"post","link":"http:\/\/hoycordobaweb.com\/index.php\/2023\/04\/17\/suman-180-los-muertos-civiles-por-la-guerra-entre-dos-generales-en-sudan\/","title":{"rendered":"Suman 180 los muertos civiles por la guerra entre dos generales en Sud\u00e1n"},"content":{"rendered":"<p><img src=\"http:\/\/hoycordobaweb.com\/wp-content\/uploads\/2023\/04\/suman-180-los-muertos-civiles-por-la-guerra-entre-dos-generales-en-sudan.jpg\"><\/p>\n<figure class=\"mb-3\"><img loading=\"lazy\" data-src=\"http:\/\/hoycordobaweb.com\/wp-content\/uploads\/2023\/04\/suman-180-los-muertos-civiles-por-la-guerra-entre-dos-generales-en-sudan-2.jpg\" src=\"https:\/\/www.telam.com.ar\/assets\/img\/not_image.png\" class=\" lazy \" width=\"100%\" height=\"100%\" alt=\"Foto AFP\"><figcaption> Foto: AFP <\/figcaption><\/figure>\n<p>Explosiones y r\u00e1fagas de ametralladora retumbaban este lunes en la capital de Sud\u00e1n en el tercer d\u00eda seguido de combates entre el Ej\u00e9rcito y un grupo paramilitar y en medio de febriles gestiones diplom\u00e1ticas para tratar de contener la violencia.<\/p>\n<p>Al menos 185 personas murieron y m\u00e1s de 1.800 resultaron heridas desde el comienzo de los enfrentamientos, el s\u00e1bado pasado, dijo hoy el jefe de la misi\u00f3n de la ONU en Sud\u00e1n, Volker Perthes, a periodistas en Jartum, la capital del pa\u00eds.<\/p>\n<p>Los dos bandos rivales luchan en zonas urbanas densamente pobladas con tanques, artiller\u00eda y otras armas pesadas. Aviones de guerra sobrevolaban hoy Jartum, y los proyectiles antia\u00e9reos iluminaban el cielo al caer la noche.<\/p>\n<p><strong>El sindicato m\u00e9dico de Sud\u00e1n dijo que al menos 97 civiles han muerto por el fuego cruzado<\/strong> entre los dos bandos rivales, que luchan zonas urbanas densamente pobladas con ametralladoras pesadas, tanques, artiller\u00eda y ataques a\u00e9reos.<\/p>\n<p>Se estima que la cifra de civiles muertos es mucho mayor, porque hay muchos cuerpos en las calles alrededor del centro de Jartum, la capital, a los que nadie puede llegar debido a los enfrentamientos, dijo Sindicato de M\u00e9dicos de Sud\u00e1n.<\/p>\n<p><strong>No ha habido informaci\u00f3n oficial sobre el n\u00famero de combatientes muertos en los combates<\/strong>, que enfrentan a las fuerzas de dos generales y tambi\u00e9n se libran en muchas otras ciudades y zonas del gran pa\u00eds \u00e1rabe del noreste de \u00c1frica.<\/p>\n<blockquote class=\"twitter-tweet\" readability=\"6.6554621848739\">\n<p lang=\"es\" dir=\"ltr\">El Papa sigue con preocupaci\u00f3n los sucesos en Sud\u00e1n, \u00abestoy muy cercano a ese pueblo que ya ha tanto sufrido, que dejen las las armas y prevalezca el di\u00e1logo\u00bb. <a href=\"https:\/\/t.co\/xmKi37LPvw\">pic.twitter.com\/xmKi37LPvw<\/a><\/p>\n<p>\u2014 Vatican News (@vaticannews_es) <a href=\"https:\/\/twitter.com\/vaticannews_es\/status\/1647544803733766144?ref_src=twsrc%5Etfw\">April 16, 2023<\/a><\/p><\/blockquote>\n<p>Se estima que la cifra de civiles muertos es mucho mayor, porque hab\u00eda muchos cuerpos en las calles alrededor del centro de Jartum, la capital, a los que nadie puede llegar debido a los enfrentamientos, dijo Sindicato de M\u00e9dicos de Sud\u00e1n.<\/p>\n<p>No ha habido informaci\u00f3n oficial sobre el n\u00famero de combatientes muertos en los combates, que enfrentan a las fuerzas de dos generales y tambi\u00e9n se libran en muchas otras ciudades y zonas del gran pa\u00eds \u00e1rabe del noreste de \u00c1frica.<\/p>\n<p>Debido a la situaci\u00f3n, la ONU suspendi\u00f3 sus operaciones en Sud\u00e1n, dijo hoy el vocero del secretario general de Naciones Unidas, Ant\u00f3nio Guterres, en medio de febriles gestiones diplom\u00e1ticas para poner fin a la violencia.<\/p>\n<p>La ONU \u00abno va a pedir a su personal que vaya a trabajar cuando, claramente, la seguridad no est\u00e1 garantizada\u00bb, dijo el portavoz, St\u00e9phane Dujarric, tras una reuni\u00f3n a puertas cerradas del Consejo de Seguridad de la ONU para discutir la crisis.<\/p>\n<p>Al t\u00e9rmino del encuentro, los tres miembros africanos del consejo -Ghana, Gab\u00f3n y Mozambique-, emitieron una declaraci\u00f3n com\u00fan en la que pidieron un \u00abalto el fuego inmediato\u00bb.<\/p>\n<p>M\u00e1s temprano, Guterres dijo que una escalada mayor podr\u00eda ser \u00abdevastadora para el pa\u00eds y la regi\u00f3n\u00bb.<\/p>\n<p><strong>En Jartum<\/strong>, envuelta en un fuerte olor a p\u00f3lvora y privada parcialmente de agua y electricidad, los habitantes estaban este lunes resguardados en sus casas, inform\u00f3 la agencia de noticias AFP.<\/p>\n<p>En el centro de la ciudad, un espeso humo negro se elevaba por sobre el principal cuartel militar, que es foco de intensos combates.<\/p>\n<p>Cerca de all\u00ed, <strong>al menos 88 estudiantes y miembros del personal han quedado atrapados en la biblioteca de la Facultad de Ingenier\u00eda de la Universidad de Jartum desde el inicio de los enfrentamientos<\/strong>, dijo uno de los estudiantes en un video subido a Internet.<\/p>\n<p><strong>Un estudiante muri\u00f3 al quedar atrapado en enfrentamientos afuera de la universidad y otro result\u00f3 herido<\/strong>, dijo el estudiante del video, que agreg\u00f3 que el grupo no tiene comida ni agua y mostr\u00f3 una habitaci\u00f3n llena de gente durmiendo en el suelo.<\/p>\n<p>Los pocos supermercados abiertos advirtieron que s\u00f3lo podr\u00e1n seguir funcionando unos d\u00edas m\u00e1s, debido a la falta de suministros, y <strong>los hospitales que reciben a los heridos se est\u00e1n quedando sin insumos.<\/strong><\/p>\n<figure class=\"mb-3\"><img loading=\"lazy\" data-src=\"http:\/\/hoycordobaweb.com\/wp-content\/uploads\/2023\/04\/suman-180-los-muertos-civiles-por-la-guerra-entre-dos-generales-en-sudan-3.jpg\" src=\"https:\/\/www.telam.com.ar\/assets\/img\/not_image.png\" class=\" lazy \" width=\"100%\" height=\"100%\" alt=\"Foto AFP\"><figcaption> Foto: AFP <\/figcaption><\/figure>\n<p>Incluso en un pa\u00eds con una larga historia de conflictos civiles, las escenas de lucha en la capital y la ciudad contigua, Omdurman, al otro lado del r\u00edo Nilo, no tienen precedentes.<\/p>\n<p><strong>La agitaci\u00f3n se produce pocos d\u00edas antes de que los sudaneses celebraran Eid al-Fitr, la festividad que marca el final del Ramad\u00e1n<\/strong>, el mes isl\u00e1mico de ayuno.<\/p>\n<h2 class>El motivo del conflicto<\/h2>\n<p><strong>Los enfrentamientos son parte de una lucha de poder entre el general Abdel Fatah al Burhan, comandante de las Fuerzas Armadas, y el general Mohamed Hamdan Daglo, jefe de las Fuerzas de Apoyo R\u00e1pido<\/strong> (FAR), un grupo paramilitar.<\/p>\n<p>Los dos generales son antiguos aliados que orquestaron conjuntamente un golpe militar en octubre de 2021 que descarril\u00f3 la transici\u00f3n de Sud\u00e1n a la democracia.<\/p>\n<p>La violencia ahora <strong>amenaza con sumir el pa\u00eds en un conflicto civil m\u00e1s amplio justo cuando los sudaneses intentaban revivir el impulso por un gobierno civil democr\u00e1tico<\/strong> despu\u00e9s de d\u00e9cadas de dictadura militar.<\/p>\n<p><strong>Ambos generales han dicho que no negociar\u00e1n una tregua e ignorado llamados a desmovilizar sus fuerzas<\/strong>, incluso de los pa\u00edses que los apoyan.<\/p>\n<p>Al Burhan y Daglo, apoyados cada uno por decenas de miles de soldados,<strong> se exigen mutuamente la rendici\u00f3n.<\/strong><\/p>\n<blockquote class=\"twitter-tweet\" readability=\"8.8189655172414\">\n<p lang=\"en\" dir=\"ltr\">Since its independence, Sudan has suffered a number of conflicts that have contaminated the country with landmines and other explosive remnants of war. <\/p>\n<p>The states of South Kordofan, Blue Nile and Darfur remain affected by explosive hazards.<a href=\"https:\/\/twitter.com\/hashtag\/MineActionCannotWait?src=hash&amp;ref_src=twsrc%5Etfw\">#MineActionCannotWait<\/a> <a href=\"https:\/\/twitter.com\/hashtag\/IMAD2023?src=hash&amp;ref_src=twsrc%5Etfw\">#IMAD2023<\/a> <a href=\"https:\/\/t.co\/lUOsIFTcrT\">pic.twitter.com\/lUOsIFTcrT<\/a><\/p>\n<p>\u2014 United Nations Sudan (@UN_Sudan) <a href=\"https:\/\/twitter.com\/UN_Sudan\/status\/1643269743749505025?ref_src=twsrc%5Etfw\">April 4, 2023<\/a><\/p><\/blockquote>\n<p>Daglo, cuyas fuerzas surgieron de las notorias milicias Janjaweed en la regi\u00f3n occidental sudanesa de Darfur, s<strong>e present\u00f3 este lunes a s\u00ed mismo en Twitter como un defensor de la democracia y calific\u00f3 a Burhan de agresor e \u201cislamista radical\u201d.<\/strong><\/p>\n<p>Los combates han sido particularmente feroces alrededor de las principales bases de cada bando, ubicadas en medio de \u00e1reas civiles y en edificios gubernamentales estrat\u00e9gicos.<\/p>\n<p>El Ej\u00e9rcito afirm\u00f3 este lunes haber tomado control del principal edificio de televisi\u00f3n en Omdurman, repeliendo un intento de las FAR de apoderarse de \u00e9l.<\/p>\n<p>L<strong>a televisi\u00f3n estatal de Sud\u00e1n reanud\u00f3 este lunes sus transmisiones.<\/strong><\/p>\n<p>El Ej\u00e9rcito obtuvo un logro importante el pasado domingo cuando las RSF dijeron que abandonaron su principal cuartel y base, en Omdurman, luego de que fuera bombardeado desde el aire por el Ej\u00e9rcito.<\/p>\n<p>El pasado domingo, <strong>el Programa Mundial de Alimentos (PAM) de la ONU suspendi\u00f3 sus operaciones en Sud\u00e1n despu\u00e9s de que tres de sus empleados murieran por los combates en Darfur. <\/strong>Este lunes, el Comit\u00e9 Internacional de Rescate dijo que tambi\u00e9n detendr\u00e1 su trabajo, con la excepci\u00f3n de un campo de refugiados en el sureste sudan\u00e9s.<\/p>\n<p>Diplom\u00e1ticos de todo el mundo instaron a las partes a dejar de pelear, incluido el secretario de Estado estadounidense, Antony Blinken, y el secretario general de la ONU, Ant\u00f3nio Guterres.<\/p>\n<figure class=\"mb-3\"><img loading=\"lazy\" data-src=\"http:\/\/hoycordobaweb.com\/wp-content\/uploads\/2023\/04\/suman-180-los-muertos-civiles-por-la-guerra-entre-dos-generales-en-sudan-4.jpg\" src=\"https:\/\/www.telam.com.ar\/assets\/img\/not_image.png\" class=\" lazy \" width=\"100%\" height=\"100%\" alt=\"Foto AFP\"><figcaption> Foto: AFP <\/figcaption><\/figure>\n<p>La Liga \u00c1rabe, la Uni\u00f3n Africana (UA), Reino Unido exigieron un \u00abcese inmediato\u00bb de la violencia.<\/p>\n<p><strong>\u201cLa gente en Sud\u00e1n quiere que los militares regresen a los cuarteles\u201d, dijo este lunes Blinken<\/strong> en una reuni\u00f3n del G7 en Jap\u00f3n.<\/p>\n<p>\u00abQuieren democracia. Quieren un gobierno dirigido por civiles, Sud\u00e1n necesita volver a ese camino\u201d, agreg\u00f3.<\/p>\n<p><strong>Guterres dijo este lunes que una escalada mayor podr\u00eda ser \u00abdevastadora para el pa\u00eds y la regi\u00f3n\u00bb.<\/strong><\/p>\n<h2 class>Qu\u00e9 dicen los m\u00e9dicos<\/h2>\n<p>M\u00e9dicos y organizaciones humanitarias dijeron que algunos barrios de Jartum no tienen agua ni electricidad desde el s\u00e1bado.<\/p>\n<p>M\u00e9dicos <strong>informaron de cortes de electricidad en los quir\u00f3fanos y, seg\u00fan la Organizaci\u00f3n Mundial de la Salud (OMS)<\/strong>, \u00abvarios de los nueve hospitales de Jartum que reciben civiles heridos ya no tienen reservas de sangre, equipos de transfusi\u00f3n y otros materiales vitales\u00bb.<\/p>\n<p><strong>Los pacientes, algunos de ellos ni\u00f1os, y sus familiares \u00abno tienen comida ni agua\u00bb<\/strong>, afirm\u00f3 una red de m\u00e9dicos.<\/p>\n<p>El Ej\u00e9rcito y las FAR tambi\u00e9n luchaban este lunes en la mayor\u00eda de los principales centros urbanos del pa\u00eds, incluyendo en Darfur y partes del norte y el este, junto a las fronteras con Egipto y Etiop\u00eda.<\/p>\n<p>Este lunes estallaron batallas alrededor de una base a\u00e9rea estrat\u00e9gica en Merowe, unos 350 kil\u00f3metros al noroeste de la capital, y ambos bandos afirmaron que controlaban la instalaci\u00f3n. <\/p>\n","protected":false},"excerpt":{"rendered":"<p>Foto: AFP Explosiones y r\u00e1fagas de ametralladora retumbaban este lunes en la capital de Sud\u00e1n en el tercer d\u00eda seguido de combates entre el Ej\u00e9rcito y un grupo paramilitar y en medio de febriles gestiones diplom\u00e1ticas para tratar de contener la violencia. Al menos 185 personas murieron y m\u00e1s de 1.800 resultaron heridas desde el [&hellip;]<\/p>\n","protected":false},"author":1,"featured_media":58548,"comment_status":"open","ping_status":"closed","sticky":false,"template":"","format":"standard","meta":[],"categories":[24],"tags":[],"_links":{"self":[{"href":"http:\/\/hoycordobaweb.com\/index.php\/wp-json\/wp\/v2\/posts\/58547"}],"collection":[{"href":"http:\/\/hoycordobaweb.com\/index.php\/wp-json\/wp\/v2\/posts"}],"about":[{"href":"http:\/\/hoycordobaweb.com\/index.php\/wp-json\/wp\/v2\/types\/post"}],"author":[{"embeddable":true,"href":"http:\/\/hoycordobaweb.com\/index.php\/wp-json\/wp\/v2\/users\/1"}],"replies":[{"embeddable":true,"href":"http:\/\/hoycordobaweb.com\/index.php\/wp-json\/wp\/v2\/comments?post=58547"}],"version-history":[{"count":0,"href":"http:\/\/hoycordobaweb.com\/index.php\/wp-json\/wp\/v2\/posts\/58547\/revisions"}],"wp:featuredmedia":[{"embeddable":true,"href":"http:\/\/hoycordobaweb.com\/index.php\/wp-json\/wp\/v2\/media\/58548"}],"wp:attachment":[{"href":"http:\/\/hoycordobaweb.com\/index.php\/wp-json\/wp\/v2\/media?parent=58547"}],"wp:term":[{"taxonomy":"category","embeddable":true,"href":"http:\/\/hoycordobaweb.com\/index.php\/wp-json\/wp\/v2\/categories?post=58547"},{"taxonomy":"post_tag","embeddable":true,"href":"http:\/\/hoycordobaweb.com\/index.php\/wp-json\/wp\/v2\/tags?post=58547"}],"curies":[{"name":"wp","href":"https:\/\/api.w.org\/{rel}","templated":true}]}}