{"id":58543,"date":"2023-04-17T18:44:57","date_gmt":"2023-04-17T18:44:57","guid":{"rendered":"http:\/\/hoycordobaweb.com\/index.php\/2023\/04\/17\/caso-de-dengue-en-el-futbol-de-argentina-lanus-confirmo-el-positivo-de-pedro-de-la-vega\/"},"modified":"2023-04-17T18:44:57","modified_gmt":"2023-04-17T18:44:57","slug":"caso-de-dengue-en-el-futbol-de-argentina-lanus-confirmo-el-positivo-de-pedro-de-la-vega","status":"publish","type":"post","link":"http:\/\/hoycordobaweb.com\/index.php\/2023\/04\/17\/caso-de-dengue-en-el-futbol-de-argentina-lanus-confirmo-el-positivo-de-pedro-de-la-vega\/","title":{"rendered":"\u00a1Caso de dengue en el <b>f\u00fatbol<\/b> de <b>Argentina<\/b>! Lan\u00fas confirm\u00f3 el positivo de Pedro De la Vega"},"content":{"rendered":"<p>El <b>F\u00fatbol Argentino<\/b> sufri\u00f3 un caso de dengue y Lan\u00fas lo inform\u00f3 en sus plataformas informativas. \u00abEn el d\u00eda de la fecha se confirm\u00f3 que Pedro de&nbsp;&#8230; <\/p>\n","protected":false},"excerpt":{"rendered":"<p>El F\u00fatbol Argentino sufri\u00f3 un caso de dengue y Lan\u00fas lo inform\u00f3 en sus plataformas informativas. \u00abEn el d\u00eda de la fecha se confirm\u00f3 que Pedro de&nbsp;&#8230;<\/p>\n","protected":false},"author":1,"featured_media":0,"comment_status":"closed","ping_status":"closed","sticky":false,"template":"","format":"standard","meta":[],"categories":[22],"tags":[],"_links":{"self":[{"href":"http:\/\/hoycordobaweb.com\/index.php\/wp-json\/wp\/v2\/posts\/58543"}],"collection":[{"href":"http:\/\/hoycordobaweb.com\/index.php\/wp-json\/wp\/v2\/posts"}],"about":[{"href":"http:\/\/hoycordobaweb.com\/index.php\/wp-json\/wp\/v2\/types\/post"}],"author":[{"embeddable":true,"href":"http:\/\/hoycordobaweb.com\/index.php\/wp-json\/wp\/v2\/users\/1"}],"replies":[{"embeddable":true,"href":"http:\/\/hoycordobaweb.com\/index.php\/wp-json\/wp\/v2\/comments?post=58543"}],"version-history":[{"count":0,"href":"http:\/\/hoycordobaweb.com\/index.php\/wp-json\/wp\/v2\/posts\/58543\/revisions"}],"wp:attachment":[{"href":"http:\/\/hoycordobaweb.com\/index.php\/wp-json\/wp\/v2\/media?parent=58543"}],"wp:term":[{"taxonomy":"category","embeddable":true,"href":"http:\/\/hoycordobaweb.com\/index.php\/wp-json\/wp\/v2\/categories?post=58543"},{"taxonomy":"post_tag","embeddable":true,"href":"http:\/\/hoycordobaweb.com\/index.php\/wp-json\/wp\/v2\/tags?post=58543"}],"curies":[{"name":"wp","href":"https:\/\/api.w.org\/{rel}","templated":true}]}}