{"id":58540,"date":"2023-04-17T10:02:00","date_gmt":"2023-04-17T10:02:00","guid":{"rendered":"https:\/\/fm-comunicar.com.ar\/contenido\/20158\/se-habilito-el-polideportivo-de-barrio-san-francisco-de-asis"},"modified":"2023-04-17T10:02:00","modified_gmt":"2023-04-17T10:02:00","slug":"se-habilito-el-polideportivo-de-barrio-san-francisco-de-asis","status":"publish","type":"post","link":"http:\/\/hoycordobaweb.com\/index.php\/2023\/04\/17\/se-habilito-el-polideportivo-de-barrio-san-francisco-de-asis\/","title":{"rendered":"Se habilit\u00f3 el Polideportivo de barrio San Francisco de As\u00eds"},"content":{"rendered":"<p>Se trata de un play\u00f3 techado para b\u00e1squet, f\u00fatbol, voley y handbol, que fue financiado por el Gobierno de C\u00f3rdoba en un terreno donado por la Municipalidad de Colonia Caroya.<img src=\"http:\/\/hoycordobaweb.com\/wp-content\/uploads\/2023\/04\/se-habilito-el-polideportivo-de-barrio-san-francisco-de-asis.jpg\"><\/p>\n","protected":false},"excerpt":{"rendered":"<p>Se trata de un play\u00f3 techado para b\u00e1squet, f\u00fatbol, voley y handbol, que fue financiado por el Gobierno de C\u00f3rdoba en un terreno donado por la Municipalidad de Colonia Caroya.<\/p>\n","protected":false},"author":1,"featured_media":58541,"comment_status":"closed","ping_status":"closed","sticky":false,"template":"","format":"standard","meta":[],"categories":[18],"tags":[],"_links":{"self":[{"href":"http:\/\/hoycordobaweb.com\/index.php\/wp-json\/wp\/v2\/posts\/58540"}],"collection":[{"href":"http:\/\/hoycordobaweb.com\/index.php\/wp-json\/wp\/v2\/posts"}],"about":[{"href":"http:\/\/hoycordobaweb.com\/index.php\/wp-json\/wp\/v2\/types\/post"}],"author":[{"embeddable":true,"href":"http:\/\/hoycordobaweb.com\/index.php\/wp-json\/wp\/v2\/users\/1"}],"replies":[{"embeddable":true,"href":"http:\/\/hoycordobaweb.com\/index.php\/wp-json\/wp\/v2\/comments?post=58540"}],"version-history":[{"count":0,"href":"http:\/\/hoycordobaweb.com\/index.php\/wp-json\/wp\/v2\/posts\/58540\/revisions"}],"wp:featuredmedia":[{"embeddable":true,"href":"http:\/\/hoycordobaweb.com\/index.php\/wp-json\/wp\/v2\/media\/58541"}],"wp:attachment":[{"href":"http:\/\/hoycordobaweb.com\/index.php\/wp-json\/wp\/v2\/media?parent=58540"}],"wp:term":[{"taxonomy":"category","embeddable":true,"href":"http:\/\/hoycordobaweb.com\/index.php\/wp-json\/wp\/v2\/categories?post=58540"},{"taxonomy":"post_tag","embeddable":true,"href":"http:\/\/hoycordobaweb.com\/index.php\/wp-json\/wp\/v2\/tags?post=58540"}],"curies":[{"name":"wp","href":"https:\/\/api.w.org\/{rel}","templated":true}]}}