{"id":58519,"date":"2023-04-16T20:50:21","date_gmt":"2023-04-16T20:50:21","guid":{"rendered":"https:\/\/www.trendencias.com\/celebrities\/ana-obregon-lanza-dardo-definitivo-a-que-critican-esta-imagen-su-hija-nieta-ana-sandra-lequio"},"modified":"2023-04-16T20:50:21","modified_gmt":"2023-04-16T20:50:21","slug":"ana-obregon-lanza-el-dardo-definitivo-a-los-que-la-critican-con-esta-imagen-de-su-hija-nieta-ana-sandra-lequio","status":"publish","type":"post","link":"http:\/\/hoycordobaweb.com\/index.php\/2023\/04\/16\/ana-obregon-lanza-el-dardo-definitivo-a-los-que-la-critican-con-esta-imagen-de-su-hija-nieta-ana-sandra-lequio\/","title":{"rendered":"Ana Obreg\u00f3n lanza el dardo definitivo a los que la critican con esta imagen de su hija nieta Ana Sandra Lequio"},"content":{"rendered":"<p>Una vez m\u00e1s, <strong>Ana Obreg\u00f3n<\/strong> se ha convertido en el centro de todas las miradas si es que alguna vez ha dejado de serlo desde que se dio a conocer <strong>su maternidad<\/strong> y posteriormente anunci\u00f3 en una conocida revista que la hija a la que recibe por <strong>gestaci\u00f3n subrogada<\/strong> en Estados Unidos era su nieta, fruto del material gen\u00e9tico que hab\u00eda guardado de su hijo Aless Lequio ya que, seg\u00fan ella, esta era su \u00faltima voluntad.<\/p>\n<p><!-- BREAK 1 --><\/p>\n<div class=\"article-asset article-asset-normal article-asset-center\">\n<div class=\"desvio-container\">\n<div class=\"desvio\">\n<div class=\"desvio-figure js-desvio-figure\"> <a href=\"https:\/\/www.trendencias.com\/celebrities\/no-tiene-68-anos-alessandro-lequio-se-moja-edad-real-ana-obregon-su-secreto-mejor-guardado\"> <img alt=\"\u201cNo tiene 68 a\u00f1os\u201d: Alessandro Lequio se moja con la edad real de Ana Obreg\u00f3n, su secreto mejor guardado \" src=\"http:\/\/hoycordobaweb.com\/wp-content\/uploads\/2023\/04\/ana-obregon-lanza-el-dardo-definitivo-a-los-que-la-critican-con-esta-imagen-de-su-hija-nieta-ana-sandra-lequio.jpg\"> <\/a> <\/div><\/div><\/div>\n<\/div>\n<p>Este domingo el debate se ha centrado en su \u00faltima publicaci\u00f3n de Instagram, donde ha vuelto a mostrar el rostro de la peque\u00f1a <strong>Ana Sandra<\/strong> donde aparentemente hace como que <strong>se tapa los o\u00eddos<\/strong>. Una imagen que su madre-abuela ha aprovechado para callar la boca a sus detractores con una incendiaria frase.<\/p>\n<p><!-- BREAK 2 --> <\/p>\n<p><strong>\u00abAnita dice: A palabras necias&#8230; o\u00eddos sordos\u00bb, <\/strong>escribe Ana Obreg\u00f3n que parece seguir sin comprender el debate que se ha generado en torno a su maternidad, sobre todo despu\u00e9s de que su expareja y padre de su hijo, Alessandro Lequio, haya puesto en tela de juicio que esta maternidad fuera la \u00faltima voluntad del fallecido <a href=\"https:\/\/www.trendencias.com\/celebrities\/alessandro-lequio-desmonta-que-ana-sandra-fuera-ultima-voluntad-su-hijo-tal-como-ha-contado-ana-obregon\">renegando de la existencia del testamento ol\u00f3grafo<\/a> que validaba la versi\u00f3n de la bi\u00f3loga.<\/p>\n<p><!-- BREAK 3 --> <\/p>\n<p>Esta foto compartida por Obreg\u00f3n llega a las redes tan solo unas horas despu\u00e9s de que &#8216;S\u00e1bado Deluxe&#8217; mostrara <a href=\"https:\/\/www.trendencias.com\/celebrities\/estas-primeras-imagenes-ana-obregon-al-natural-paseando-a-su-hija-nieta-ana-sandra-miami\">las primeras im\u00e1genes en movimiento de Ana junto a su nieta<\/a> paseando por las calles de Miami. Dos recursos gr\u00e1ficos que tienen algo en com\u00fan y es <strong>la predominancia del color rosa <\/strong>con el que la protagonista de &#8216;Ana y los 7&#8217; parece haber roto con su particular luto, que le hac\u00eda vestir casi siempre de color blanco.<\/p>\n<p><!-- BREAK 4 --><\/p>\n<p>Fotos |&nbsp;GTRES<\/p>\n<p>En Trendencias | <a href=\"https:\/\/www.trendencias.com\/propuestas-y-consejos\/estos-regalos-revistas-mes-mayo-2023-dificil-va-ser-elegir-uno-solo\">Estos son los regalos de las revistas del mes de mayo 2023: lo dif\u00edcil va ser elegir uno solo<\/a><\/p>\n<p><!-- BREAK 5 --><\/p>\n<p>En Trendencias | <a href=\"https:\/\/www.trendencias.com\/belleza\/consejos-para-cuidar-tu-tatuaje-que-parezca-nuevo-durante-anos\">Las 11 mejores cremas para cuidar, mantener y cicatrizar tatuajes (recomendadas por los tatuadores)<\/a><\/p>\n<p><!-- BREAK 6 --> <\/p>\n","protected":false},"excerpt":{"rendered":"<p>Una vez m\u00e1s, Ana Obreg\u00f3n se ha convertido en el centro de todas las miradas si es que alguna vez ha dejado de serlo desde que se dio a conocer su maternidad y posteriormente anunci\u00f3 en una conocida revista que la hija a la que recibe por gestaci\u00f3n subrogada en Estados Unidos era su nieta, [&hellip;]<\/p>\n","protected":false},"author":1,"featured_media":58520,"comment_status":"closed","ping_status":"closed","sticky":false,"template":"","format":"standard","meta":[],"categories":[1],"tags":[],"_links":{"self":[{"href":"http:\/\/hoycordobaweb.com\/index.php\/wp-json\/wp\/v2\/posts\/58519"}],"collection":[{"href":"http:\/\/hoycordobaweb.com\/index.php\/wp-json\/wp\/v2\/posts"}],"about":[{"href":"http:\/\/hoycordobaweb.com\/index.php\/wp-json\/wp\/v2\/types\/post"}],"author":[{"embeddable":true,"href":"http:\/\/hoycordobaweb.com\/index.php\/wp-json\/wp\/v2\/users\/1"}],"replies":[{"embeddable":true,"href":"http:\/\/hoycordobaweb.com\/index.php\/wp-json\/wp\/v2\/comments?post=58519"}],"version-history":[{"count":0,"href":"http:\/\/hoycordobaweb.com\/index.php\/wp-json\/wp\/v2\/posts\/58519\/revisions"}],"wp:featuredmedia":[{"embeddable":true,"href":"http:\/\/hoycordobaweb.com\/index.php\/wp-json\/wp\/v2\/media\/58520"}],"wp:attachment":[{"href":"http:\/\/hoycordobaweb.com\/index.php\/wp-json\/wp\/v2\/media?parent=58519"}],"wp:term":[{"taxonomy":"category","embeddable":true,"href":"http:\/\/hoycordobaweb.com\/index.php\/wp-json\/wp\/v2\/categories?post=58519"},{"taxonomy":"post_tag","embeddable":true,"href":"http:\/\/hoycordobaweb.com\/index.php\/wp-json\/wp\/v2\/tags?post=58519"}],"curies":[{"name":"wp","href":"https:\/\/api.w.org\/{rel}","templated":true}]}}