{"id":58499,"date":"2023-04-16T20:26:36","date_gmt":"2023-04-16T20:26:36","guid":{"rendered":"https:\/\/www.ole.com.ar\/racing\/rojas-racing-penal-independiente_0_2aPxqdYkb3.html"},"modified":"2023-04-16T20:26:36","modified_gmt":"2023-04-16T20:26:36","slug":"video-polemico-penal-y-brillante-ejecucion-de-rojas","status":"publish","type":"post","link":"http:\/\/hoycordobaweb.com\/index.php\/2023\/04\/16\/video-polemico-penal-y-brillante-ejecucion-de-rojas\/","title":{"rendered":"Video: pol\u00e9mico penal y brillante ejecuci\u00f3n de Rojas"},"content":{"rendered":"<p><img src=\"http:\/\/hoycordobaweb.com\/wp-content\/uploads\/2023\/04\/video-polemico-penal-y-brillante-ejecucion-de-rojas.jpg\"><\/p>\n<div><img src=\"http:\/\/hoycordobaweb.com\/wp-content\/uploads\/2023\/04\/video-polemico-penal-y-brillante-ejecucion-de-rojas.jpg\" class=\"ff-og-image-inserted\"><\/div>\n<div readability=\"14\">\n<p>Tan fina como pol\u00e9mica. Sin embargo, el \u00e1rbitro Yael Falc\u00f3n P\u00e9rez, con chequeo del VAR incluido, determin\u00f3 penal para Racing. <strong>\u00bfQu\u00e9 pas\u00f3? Javier Vallejo ven\u00eda corriendo de atr\u00e1s a Hauche y lo empuj\u00f3.<\/strong> El tema es que las manos se extendieron cuando ambos estaban afuera del \u00e1rea, pero el Demonio cay\u00f3 adentro. <\/p>\n<\/div>\n<div readability=\"10.7421875\">\n<p>Cuesti\u00f3n que se cobr\u00f3 el penal para <a href=\"https:\/\/www.ole.com.ar\/tema\/racing.html\" title=\"Racing\" alt=\"Racing\" class=\"slug\">Racing<\/a> y ah\u00ed tom\u00f3 la pelota <strong>Mat\u00edas Rojas<\/strong>, que volv\u00eda de una lesi\u00f3n. Y no le pes\u00f3 para nada el tema de patear en un cl\u00e1sico, <strong>porque clav\u00f3 un verdadero bombazo al \u00e1ngulo que result\u00f3 inatajable para Rodrigo Rey. <\/strong><\/p>\n<\/div>\n","protected":false},"excerpt":{"rendered":"<p>Tan fina como pol\u00e9mica. Sin embargo, el \u00e1rbitro Yael Falc\u00f3n P\u00e9rez, con chequeo del VAR incluido, determin\u00f3 penal para Racing. \u00bfQu\u00e9 pas\u00f3? Javier Vallejo ven\u00eda corriendo de atr\u00e1s a Hauche y lo empuj\u00f3. El tema es que las manos se extendieron cuando ambos estaban afuera del \u00e1rea, pero el Demonio cay\u00f3 adentro. Cuesti\u00f3n que se [&hellip;]<\/p>\n","protected":false},"author":1,"featured_media":58500,"comment_status":"open","ping_status":"closed","sticky":false,"template":"","format":"standard","meta":[],"categories":[16],"tags":[],"_links":{"self":[{"href":"http:\/\/hoycordobaweb.com\/index.php\/wp-json\/wp\/v2\/posts\/58499"}],"collection":[{"href":"http:\/\/hoycordobaweb.com\/index.php\/wp-json\/wp\/v2\/posts"}],"about":[{"href":"http:\/\/hoycordobaweb.com\/index.php\/wp-json\/wp\/v2\/types\/post"}],"author":[{"embeddable":true,"href":"http:\/\/hoycordobaweb.com\/index.php\/wp-json\/wp\/v2\/users\/1"}],"replies":[{"embeddable":true,"href":"http:\/\/hoycordobaweb.com\/index.php\/wp-json\/wp\/v2\/comments?post=58499"}],"version-history":[{"count":0,"href":"http:\/\/hoycordobaweb.com\/index.php\/wp-json\/wp\/v2\/posts\/58499\/revisions"}],"wp:featuredmedia":[{"embeddable":true,"href":"http:\/\/hoycordobaweb.com\/index.php\/wp-json\/wp\/v2\/media\/58500"}],"wp:attachment":[{"href":"http:\/\/hoycordobaweb.com\/index.php\/wp-json\/wp\/v2\/media?parent=58499"}],"wp:term":[{"taxonomy":"category","embeddable":true,"href":"http:\/\/hoycordobaweb.com\/index.php\/wp-json\/wp\/v2\/categories?post=58499"},{"taxonomy":"post_tag","embeddable":true,"href":"http:\/\/hoycordobaweb.com\/index.php\/wp-json\/wp\/v2\/tags?post=58499"}],"curies":[{"name":"wp","href":"https:\/\/api.w.org\/{rel}","templated":true}]}}