{"id":58473,"date":"2023-04-15T23:19:00","date_gmt":"2023-04-15T23:19:00","guid":{"rendered":"http:\/\/hoycordobaweb.com\/index.php\/2023\/04\/15\/la-ciudad-con-cristina-el-kirchnerismo-porteno-convoco-a-un-nuevo-plenario\/"},"modified":"2023-04-15T23:19:00","modified_gmt":"2023-04-15T23:19:00","slug":"la-ciudad-con-cristina-el-kirchnerismo-porteno-convoco-a-un-nuevo-plenario","status":"publish","type":"post","link":"http:\/\/hoycordobaweb.com\/index.php\/2023\/04\/15\/la-ciudad-con-cristina-el-kirchnerismo-porteno-convoco-a-un-nuevo-plenario\/","title":{"rendered":"\u00abLa Ciudad con Cristina\u00bb: el kirchnerismo porte\u00f1o convoc\u00f3 a un nuevo plenario"},"content":{"rendered":"<p><img src=\"http:\/\/hoycordobaweb.com\/wp-content\/uploads\/2023\/04\/la-ciudad-con-cristina-el-kirchnerismo-porteno-convoco-a-un-nuevo-plenario.jpg\"><\/p>\n<figure class=\"mb-3\"><img loading=\"lazy\" data-src=\"http:\/\/hoycordobaweb.com\/wp-content\/uploads\/2023\/04\/la-ciudad-con-cristina-el-kirchnerismo-porteno-convoco-a-un-nuevo-plenario-2.jpg\" src=\"https:\/\/www.telam.com.ar\/assets\/img\/not_image.png\" class=\" lazy \" width=\"100%\" height=\"100%\" alt=\"Foto Archivo\"><figcaption> Foto: Archivo. <\/figcaption><\/figure>\n<p>El kirchnerismo convoc\u00f3 para el pr\u00f3ximo s\u00e1bado 22 de abril a un nuevo plenario de la militancia en la Ciudad de Buenos Aires para manifestar su apoyo a la vicepresidenta Cristina Fern\u00e1ndez de Kirchner y \u00abluchar contra la proscripci\u00f3n\u00bb de la expresidenta condenada a seis a\u00f1os de prisi\u00f3n e inhabilitaci\u00f3n para ejercer cargos p\u00fablicos en el juicio de la causa Vialidad.<\/p>\n<p>Bajo el nombre de \u00abLa Ciudad con Cristina\u00bb, el encuentro va a realizarse a partir de las 10 horas en el microestadio de Ferro de la Ciudad de Buenos Aires.<\/p>\n<blockquote class=\"twitter-tweet\" readability=\"5.6470588235294\">\n<p lang=\"es\" dir=\"ltr\">Se viene el Plenario de la Militancia de CABA!<\/p>\n<p>Nos vemos el s\u00e1bado 22 a las 10 hs. en Ferro\u270c\ud83c\udffb<a href=\"https:\/\/twitter.com\/hashtag\/LaCiudadConCristina?src=hash&amp;ref_src=twsrc%5Etfw\">#LaCiudadConCristina<\/a> \u2764\ufe0f <a href=\"https:\/\/t.co\/06HUfSlBXx\">pic.twitter.com\/06HUfSlBXx<\/a><\/p>\n<p>\u2014 Mariano Recalde (@marianorecalde) <a href=\"https:\/\/twitter.com\/marianorecalde\/status\/1647341060958330883?ref_src=twsrc%5Etfw\">April 15, 2023<\/a><\/p><\/blockquote>\n<p>Se trata del tercer encuentro de este tipo: el primero se realiz\u00f3 el pasado s\u00e1bado 11 de marzo en el partido de Avellaneda de la provincia de Buenos Aires y el segundo tuvo lugar el 1 de abril en Resistencia, Chaco.<\/p>\n<p>El senador y presidente del PJ porte\u00f1o, Mariano Recalde, los legisladores, Javier Andrade y Claudio Morresi, entre otros referentes compartieron el anuncio en sus redes sociales utilizando el #LaCiudadConCristina. <\/p>\n","protected":false},"excerpt":{"rendered":"<p>Foto: Archivo. El kirchnerismo convoc\u00f3 para el pr\u00f3ximo s\u00e1bado 22 de abril a un nuevo plenario de la militancia en la Ciudad de Buenos Aires para manifestar su apoyo a la vicepresidenta Cristina Fern\u00e1ndez de Kirchner y \u00abluchar contra la proscripci\u00f3n\u00bb de la expresidenta condenada a seis a\u00f1os de prisi\u00f3n e inhabilitaci\u00f3n para ejercer cargos [&hellip;]<\/p>\n","protected":false},"author":1,"featured_media":58474,"comment_status":"open","ping_status":"closed","sticky":false,"template":"","format":"standard","meta":[],"categories":[19],"tags":[],"_links":{"self":[{"href":"http:\/\/hoycordobaweb.com\/index.php\/wp-json\/wp\/v2\/posts\/58473"}],"collection":[{"href":"http:\/\/hoycordobaweb.com\/index.php\/wp-json\/wp\/v2\/posts"}],"about":[{"href":"http:\/\/hoycordobaweb.com\/index.php\/wp-json\/wp\/v2\/types\/post"}],"author":[{"embeddable":true,"href":"http:\/\/hoycordobaweb.com\/index.php\/wp-json\/wp\/v2\/users\/1"}],"replies":[{"embeddable":true,"href":"http:\/\/hoycordobaweb.com\/index.php\/wp-json\/wp\/v2\/comments?post=58473"}],"version-history":[{"count":0,"href":"http:\/\/hoycordobaweb.com\/index.php\/wp-json\/wp\/v2\/posts\/58473\/revisions"}],"wp:featuredmedia":[{"embeddable":true,"href":"http:\/\/hoycordobaweb.com\/index.php\/wp-json\/wp\/v2\/media\/58474"}],"wp:attachment":[{"href":"http:\/\/hoycordobaweb.com\/index.php\/wp-json\/wp\/v2\/media?parent=58473"}],"wp:term":[{"taxonomy":"category","embeddable":true,"href":"http:\/\/hoycordobaweb.com\/index.php\/wp-json\/wp\/v2\/categories?post=58473"},{"taxonomy":"post_tag","embeddable":true,"href":"http:\/\/hoycordobaweb.com\/index.php\/wp-json\/wp\/v2\/tags?post=58473"}],"curies":[{"name":"wp","href":"https:\/\/api.w.org\/{rel}","templated":true}]}}