{"id":58471,"date":"2023-04-15T23:23:00","date_gmt":"2023-04-15T23:23:00","guid":{"rendered":"http:\/\/hoycordobaweb.com\/index.php\/2023\/04\/15\/lugo-con-mujica-y-alegre-ratifico-su-compromiso-con-el-cambio\/"},"modified":"2023-04-15T23:23:00","modified_gmt":"2023-04-15T23:23:00","slug":"lugo-con-mujica-y-alegre-ratifico-su-compromiso-con-el-cambio","status":"publish","type":"post","link":"http:\/\/hoycordobaweb.com\/index.php\/2023\/04\/15\/lugo-con-mujica-y-alegre-ratifico-su-compromiso-con-el-cambio\/","title":{"rendered":"Lugo, con Mujica y Alegre, ratific\u00f3 su compromiso \u00abcon el cambio\u00bb"},"content":{"rendered":"<p><img src=\"http:\/\/hoycordobaweb.com\/wp-content\/uploads\/2023\/04\/lugo-con-mujica-y-alegre-ratifico-su-compromiso-con-el-cambio.jpg\"><\/p>\n<figure class=\"mb-3\"><img loading=\"lazy\" data-src=\"http:\/\/hoycordobaweb.com\/wp-content\/uploads\/2023\/04\/lugo-con-mujica-y-alegre-ratifico-su-compromiso-con-el-cambio-2.jpg\" src=\"https:\/\/www.telam.com.ar\/assets\/img\/not_image.png\" class=\" lazy \" width=\"100%\" height=\"100%\" alt=\"Un encuentro de apoyo para Efran Alegre Foto TW lugo_py\"><figcaption> Un encuentro de apoyo para Efra\u00edn Alegre \/ Foto: TW @lugo_py <\/figcaption><\/figure>\n<p>El expresidente paraguayo Fernando Lugo expres\u00f3 su<strong> \u201ccompromiso con el cambio\u201d<\/strong>, en lo que pareci\u00f3 un <strong>respaldo a la f\u00f3rmula de la Concertaci\u00f3n por un Nuevo Paraguay que encabeza Efra\u00edn Alegre<\/strong>, con un mensaje en el que agradeci\u00f3 adem\u00e1s la visita que le hizo el exmandatario uruguayo Jos\u00e9 Mujica.<\/p>\n<p>Mujica viaj\u00f3 a Asunci\u00f3n para participar de un encuentro con j\u00f3venes de la opositora Concertaci\u00f3n, en lo que tambi\u00e9n represent\u00f3 un apoyo a las pretensiones de Alegre de llegar al Palacio de L\u00f3pez.<\/p>\n<p>\u201cLos pueblos sucumben cuando no tienen capacidad de juntarse para encontrar un destino mejor; lo que cambia la historia es el tama\u00f1o del pueblo que lucha. Hay que aprender a tolerarse y combinar cosas que son distintas, porque ni somos perfectos ni el mundo es perfecto, pero somos mejores cuanto m\u00e1s grandes nos juntamos, y para ser grande hay que tener tolerancia\u201d, remarc\u00f3 Mujica en su discurso.<\/p>\n<p>El exmandatario destac\u00f3 que<strong> \u201clos pueblos apuestan al ganador, y cuando se juntan muchos pedacitos convoca porque la gente se da cuenta de que esto tiene chance\u201d<\/strong>, por lo que inst\u00f3 a la dirigencia de la Concertaci\u00f3n a \u201caprender a cuidar la unidad\u201d y \u201cmantener la diversidad\u201d.<\/p>\n<blockquote class=\"twitter-tweet\" readability=\"4.7301587301587\">\n<p lang=\"es\" dir=\"ltr\">Agradezco la visita del compa\u00f1ero Pepe Mujica y del amigo Efrain Alegre. Reafirmo mi compromiso con el cambio \ud83c\uddf5\ud83c\uddfe <a href=\"https:\/\/t.co\/qSzMWIzmgi\">pic.twitter.com\/qSzMWIzmgi<\/a><\/p>\n<p>\u2014 Fernando Lugo (@lugo_py) <a href=\"https:\/\/twitter.com\/lugo_py\/status\/1647329696290336768?ref_src=twsrc%5Etfw\">April 15, 2023<\/a><\/p><\/blockquote>\n<p>Pero el gesto m\u00e1s simb\u00f3lico se dio, cuando Mujica, Alegre y la senadora Esperanza Mart\u00ednez -exministra de Lugo y candidata a un nuevo mandato- visitaron al exobispo.<\/p>\n<p><strong>\u201cAgradezco la visita del compa\u00f1ero Pepe Mujica y del amigo Efrain Alegre. Reafirmo mi compromiso con el cambio\u201d<\/strong>, escribi\u00f3 luego Lugo en su cuenta de la red Twitter, con varias im\u00e1genes del encuentro.<\/p>\n<p>El texto parece una definici\u00f3n ante las dudas sobre si Lugo apoyar\u00eda la f\u00f3rmula Alegre-Soledad N\u00fa\u00f1ez pese a la divisi\u00f3n del Frente Guas\u00fa (FG), del que algunos sectores se fueron para respaldar al candidato de Nueva Rep\u00fablica, Euclides Acevedo.<\/p>\n<p>Acevedo fue canciller del presidente Mario Abdo Ben\u00edtez y lleva como escolta en su binomio al senador Jorge Querey, m\u00e9dico personal y muy cercano a Lugo.<\/p>\n<p>Lugo, que buscar\u00e1 su reelecci\u00f3n como senador, sufri\u00f3 en agosto del a\u00f1o pasado un accidente cerebrovascular y curs\u00f3 parte de su recuperaci\u00f3n en Buenos Aires, y en medio de su tratamiento crecieron las dudas acerca de a qui\u00e9n respaldar\u00eda el 30 de abril.<\/p>\n<p>Ese \u00faltimo domingo del mes los paraguayos elegir\u00e1n al sucesor de Abdo Ben\u00edtez, un lugar para el que el oficialista partido Colorado propone al exministro Santiago Pe\u00f1a.<\/p>\n<p>Hay otros 10 candidatos, a los que las encuestas les otorgan chances muy bajas. <\/p>\n","protected":false},"excerpt":{"rendered":"<p>Un encuentro de apoyo para Efra\u00edn Alegre \/ Foto: TW @lugo_py El expresidente paraguayo Fernando Lugo expres\u00f3 su \u201ccompromiso con el cambio\u201d, en lo que pareci\u00f3 un respaldo a la f\u00f3rmula de la Concertaci\u00f3n por un Nuevo Paraguay que encabeza Efra\u00edn Alegre, con un mensaje en el que agradeci\u00f3 adem\u00e1s la visita que le hizo [&hellip;]<\/p>\n","protected":false},"author":1,"featured_media":58472,"comment_status":"open","ping_status":"closed","sticky":false,"template":"","format":"standard","meta":[],"categories":[19],"tags":[],"_links":{"self":[{"href":"http:\/\/hoycordobaweb.com\/index.php\/wp-json\/wp\/v2\/posts\/58471"}],"collection":[{"href":"http:\/\/hoycordobaweb.com\/index.php\/wp-json\/wp\/v2\/posts"}],"about":[{"href":"http:\/\/hoycordobaweb.com\/index.php\/wp-json\/wp\/v2\/types\/post"}],"author":[{"embeddable":true,"href":"http:\/\/hoycordobaweb.com\/index.php\/wp-json\/wp\/v2\/users\/1"}],"replies":[{"embeddable":true,"href":"http:\/\/hoycordobaweb.com\/index.php\/wp-json\/wp\/v2\/comments?post=58471"}],"version-history":[{"count":0,"href":"http:\/\/hoycordobaweb.com\/index.php\/wp-json\/wp\/v2\/posts\/58471\/revisions"}],"wp:featuredmedia":[{"embeddable":true,"href":"http:\/\/hoycordobaweb.com\/index.php\/wp-json\/wp\/v2\/media\/58472"}],"wp:attachment":[{"href":"http:\/\/hoycordobaweb.com\/index.php\/wp-json\/wp\/v2\/media?parent=58471"}],"wp:term":[{"taxonomy":"category","embeddable":true,"href":"http:\/\/hoycordobaweb.com\/index.php\/wp-json\/wp\/v2\/categories?post=58471"},{"taxonomy":"post_tag","embeddable":true,"href":"http:\/\/hoycordobaweb.com\/index.php\/wp-json\/wp\/v2\/tags?post=58471"}],"curies":[{"name":"wp","href":"https:\/\/api.w.org\/{rel}","templated":true}]}}