{"id":58469,"date":"2023-04-15T18:12:33","date_gmt":"2023-04-15T18:12:33","guid":{"rendered":"https:\/\/www.trendencias.com\/celebrities\/dos-grandes-bajas-boda-tamara-falco-e-inigo-onieva-enrique-iglesias-este-otro-pilar-familia-preysler"},"modified":"2023-04-15T18:12:33","modified_gmt":"2023-04-15T18:12:33","slug":"las-dos-grandes-bajas-en-la-boda-de-tamara-falco-e-inigo-onieva-enrique-iglesias-y-este-otro-pilar-de-la-familia-preysler","status":"publish","type":"post","link":"http:\/\/hoycordobaweb.com\/index.php\/2023\/04\/15\/las-dos-grandes-bajas-en-la-boda-de-tamara-falco-e-inigo-onieva-enrique-iglesias-y-este-otro-pilar-de-la-familia-preysler\/","title":{"rendered":"Las dos grandes bajas en la boda de Tamara Falc\u00f3 e I\u00f1igo Onieva: Enrique Iglesias y este otro pilar de la familia Preysler"},"content":{"rendered":"<p>Tan solo quedan tres meses para el gran enlace del a\u00f1o, el de<strong> Tamara Falc\u00f3 e I\u00f1igo Onieva<\/strong>, y a\u00fan hay aspectos de la boda por cerrar. Despu\u00e9s de que el novio confesara ante las c\u00e1maras de &#8216;Europa Press&#8217; que a\u00fan no tiene el traje, el programa &#8216;Y ahora Sonsoles&#8217; ha confirmado una ausencia muy importante para la pareja, especialmente para <a href=\"https:\/\/www.trendencias.com\/tag\/tamara-falco\">la marquesa de Gri\u00f1\u00f3n<\/a>: <strong>Enrique Iglesias no podr\u00e1 asistir<\/strong>.<\/p>\n<p><!-- BREAK 1 --><\/p>\n<div class=\"article-asset article-asset-normal article-asset-center\">\n<div class=\"desvio-container\">\n<div class=\"desvio\">\n<div class=\"desvio-figure js-desvio-figure\"> <a href=\"https:\/\/www.trendencias.com\/moda-famosas\/tamara-falco-tiene-clave-para-combinar-vestidos-estampados-este-verano-super-facil-tu-tambien-puedes-hacerlo\"> <img alt=\"Tamara Falc\u00f3 tiene la clave para combinar vestidos estampados este verano: es s\u00faper f\u00e1cil y t\u00fa tambi\u00e9n puedes hacerlo\" src=\"http:\/\/hoycordobaweb.com\/wp-content\/uploads\/2023\/04\/las-dos-grandes-bajas-en-la-boda-de-tamara-falco-e-inigo-onieva-enrique-iglesias-y-este-otro-pilar-de-la-familia-preysler.jpg\"> <\/a> <\/div><\/div><\/div>\n<\/div>\n<p>A pesar de la cantidad de hermanos por parte de madre y padre que tiene la colaboradora de <a href=\"https:\/\/www.trendencias.com\/tag\/el-hormiguero\">&#8216;El Hormiguero&#8217;<\/a>, es por todos sabida <strong>la estrecha relaci\u00f3n que mantienen Tamara y Enrique<\/strong>, es por eso que deducimos que esta baja es muy importante para la novia, a la que estamos seguros que <strong>le hubiera encantado contar con el cantante en el d\u00eda m\u00e1s especial de su vida<\/strong>.<\/p>\n<p><!-- BREAK 2 --> <\/p>\n<div class=\"article-asset-image article-asset-normal article-asset-center\">\n<div class=\"asset-content\">\n<div class=\"caption-img \">\n<div class=\"base-wrapper-image\"> <img class=\"sf-lazy centro_sinmarco\" data-sf-srcset=\"http:\/\/hoycordobaweb.com\/wp-content\/uploads\/2023\/04\/las-dos-grandes-bajas-en-la-boda-de-tamara-falco-e-inigo-onieva-enrique-iglesias-y-este-otro-pilar-de-la-familia-preysler-1.jpg 450w, http:\/\/hoycordobaweb.com\/wp-content\/uploads\/2023\/04\/las-dos-grandes-bajas-en-la-boda-de-tamara-falco-e-inigo-onieva-enrique-iglesias-y-este-otro-pilar-de-la-familia-preysler-5.jpg 681w,http:\/\/hoycordobaweb.com\/wp-content\/uploads\/2023\/04\/las-dos-grandes-bajas-en-la-boda-de-tamara-falco-e-inigo-onieva-enrique-iglesias-y-este-otro-pilar-de-la-familia-preysler-6.jpg 1024w, http:\/\/hoycordobaweb.com\/wp-content\/uploads\/2023\/04\/las-dos-grandes-bajas-en-la-boda-de-tamara-falco-e-inigo-onieva-enrique-iglesias-y-este-otro-pilar-de-la-familia-preysler-7.jpg 1366w,\" data-sf-src=\"http:\/\/hoycordobaweb.com\/wp-content\/uploads\/2023\/04\/las-dos-grandes-bajas-en-la-boda-de-tamara-falco-e-inigo-onieva-enrique-iglesias-y-este-otro-pilar-de-la-familia-preysler-1.jpg\" alt=\"Zqsscg8dn 720x0 1\"> <noscript><img alt=\"Zqsscg8dn 720x0 1\" class=\"centro_sinmarco\" src=\"http:\/\/hoycordobaweb.com\/wp-content\/uploads\/2023\/04\/las-dos-grandes-bajas-en-la-boda-de-tamara-falco-e-inigo-onieva-enrique-iglesias-y-este-otro-pilar-de-la-familia-preysler-1.jpg\"><\/noscript> <\/div>\n<p> <span>Tamara Falc\u00f3 junto a Enrique Iglesias cuando eran peque\u00f1os &#8211; Instagram<\/span> <\/div><\/div>\n<\/div>\n<p>De hecho, en su d\u00eda se dijo que <a href=\"https:\/\/www.trendencias.com\/tag\/enrique-iglesias\">el int\u00e9rprete de &#8216;Bailando&#8217;<\/a> <strong>fue uno de los grandes apoyos de la Falc\u00f3 durante su ruptura con Onieva<\/strong> tras sus numerosas infidelidades. Precisamente relacionado con este momento vital de la pareja est\u00e1 el otro allegado que se ausentar\u00e1 de la boda, aunque est\u00e9 por haberse ca\u00eddo de la lista de invitados.<\/p>\n<p><!-- BREAK 3 --><\/p>\n<div class=\"article-asset-image article-asset-normal article-asset-center\">\n<div class=\"asset-content\">\n<div class=\"base-wrapper-image\"> <img class=\"sf-lazy centro_sinmarco\" data-sf-srcset=\"http:\/\/hoycordobaweb.com\/wp-content\/uploads\/2023\/04\/las-dos-grandes-bajas-en-la-boda-de-tamara-falco-e-inigo-onieva-enrique-iglesias-y-este-otro-pilar-de-la-familia-preysler-2.jpg 450w, http:\/\/hoycordobaweb.com\/wp-content\/uploads\/2023\/04\/las-dos-grandes-bajas-en-la-boda-de-tamara-falco-e-inigo-onieva-enrique-iglesias-y-este-otro-pilar-de-la-familia-preysler-8.jpg 681w,http:\/\/hoycordobaweb.com\/wp-content\/uploads\/2023\/04\/las-dos-grandes-bajas-en-la-boda-de-tamara-falco-e-inigo-onieva-enrique-iglesias-y-este-otro-pilar-de-la-familia-preysler-9.jpg 1024w, http:\/\/hoycordobaweb.com\/wp-content\/uploads\/2023\/04\/las-dos-grandes-bajas-en-la-boda-de-tamara-falco-e-inigo-onieva-enrique-iglesias-y-este-otro-pilar-de-la-familia-preysler-10.jpg 1366w,\" data-sf-src=\"http:\/\/hoycordobaweb.com\/wp-content\/uploads\/2023\/04\/las-dos-grandes-bajas-en-la-boda-de-tamara-falco-e-inigo-onieva-enrique-iglesias-y-este-otro-pilar-de-la-familia-preysler-2.jpg\" alt=\"Tamara Falco Y Enrique Iglesias 395f0721 1200x654\"> <noscript><img alt=\"Tamara Falco Y Enrique Iglesias 395f0721 1200x654\" class=\"centro_sinmarco\" src=\"http:\/\/hoycordobaweb.com\/wp-content\/uploads\/2023\/04\/las-dos-grandes-bajas-en-la-boda-de-tamara-falco-e-inigo-onieva-enrique-iglesias-y-este-otro-pilar-de-la-familia-preysler-2.jpg\"><\/noscript> <\/div><\/div>\n<\/div>\n<p>Tal y como ha informado en exclusiva el programa &#8216;Fiesta&#8217;, <strong>Hugo Ar\u00e9valo<\/strong>, <a href=\"https:\/\/www.poprosa.com\/parejas\/quien-hugo-arevalo-maromo-que-ha-vuelto-loca-a-tamara-falco-que-guarda-estrechisima-relacion-inigo-onieva\">examigo de I\u00f1igo con el que Tamara tiene una breve relaci\u00f3n<\/a> tras separarse de su futuro marido, <strong>tampoco acudir\u00e1 ni a la ceremonia ni al convite<\/strong>. Es m\u00e1s, la \u00fanica posibilidad de que el empresario se deje ver por all\u00ed es a modo de espont\u00e1neo (al m\u00e1s puro estilo &#8216;La H\u00fangara&#8217;) para impedir la boda ya que <strong>Onieva no le quiere ver ni en pintura<\/strong>. De hecho, estar\u00eda excluido del grupo que tienen para celebrar la despedida de soltero.<\/p>\n<p><!-- BREAK 4 --><\/p>\n<div class=\"article-asset-image article-asset-normal article-asset-center\">\n<div class=\"asset-content\">\n<div class=\"caption-img \">\n<div class=\"base-wrapper-image\"> <img class=\"sf-lazy centro_sinmarco\" data-sf-srcset=\"http:\/\/hoycordobaweb.com\/wp-content\/uploads\/2023\/04\/las-dos-grandes-bajas-en-la-boda-de-tamara-falco-e-inigo-onieva-enrique-iglesias-y-este-otro-pilar-de-la-familia-preysler-3.jpg 450w, http:\/\/hoycordobaweb.com\/wp-content\/uploads\/2023\/04\/las-dos-grandes-bajas-en-la-boda-de-tamara-falco-e-inigo-onieva-enrique-iglesias-y-este-otro-pilar-de-la-familia-preysler-11.jpg 681w,http:\/\/hoycordobaweb.com\/wp-content\/uploads\/2023\/04\/las-dos-grandes-bajas-en-la-boda-de-tamara-falco-e-inigo-onieva-enrique-iglesias-y-este-otro-pilar-de-la-familia-preysler-12.jpg 1024w, http:\/\/hoycordobaweb.com\/wp-content\/uploads\/2023\/04\/las-dos-grandes-bajas-en-la-boda-de-tamara-falco-e-inigo-onieva-enrique-iglesias-y-este-otro-pilar-de-la-familia-preysler-13.jpg 1366w,\" data-sf-src=\"http:\/\/hoycordobaweb.com\/wp-content\/uploads\/2023\/04\/las-dos-grandes-bajas-en-la-boda-de-tamara-falco-e-inigo-onieva-enrique-iglesias-y-este-otro-pilar-de-la-familia-preysler-3.jpg\" alt=\"GTRES\"> <noscript><img alt=\"GTRES\" class=\"centro_sinmarco\" src=\"http:\/\/hoycordobaweb.com\/wp-content\/uploads\/2023\/04\/las-dos-grandes-bajas-en-la-boda-de-tamara-falco-e-inigo-onieva-enrique-iglesias-y-este-otro-pilar-de-la-familia-preysler-3.jpg\"><\/noscript> <\/div>\n<p> <span>Tamara Falc\u00f3 junto a I\u00f1igo Onieva y Hugo Ar\u00e9valo &#8211; GTRES<\/span> <\/div><\/div>\n<\/div>\n<p>Fotos | @tamara_falco \/ &#8216;El Hormiguero&#8217; \/ GTRES<\/p>\n<p>En Trendencias | <a href=\"https:\/\/www.trendencias.com\/propuestas-y-consejos\/29-mejores-looks-tamara-falco-que-inspiran-nuestros-dias-oficina-ocasiones-especiales\">Los 31 mejores looks de Tamara Falc\u00f3 que inspiran nuestros d\u00edas de oficina y ocasiones especiales<\/a><\/p>\n<p><!-- BREAK 5 --> <\/p>\n","protected":false},"excerpt":{"rendered":"<p>Tan solo quedan tres meses para el gran enlace del a\u00f1o, el de Tamara Falc\u00f3 e I\u00f1igo Onieva, y a\u00fan hay aspectos de la boda por cerrar. Despu\u00e9s de que el novio confesara ante las c\u00e1maras de &#8216;Europa Press&#8217; que a\u00fan no tiene el traje, el programa &#8216;Y ahora Sonsoles&#8217; ha confirmado una ausencia muy [&hellip;]<\/p>\n","protected":false},"author":1,"featured_media":58470,"comment_status":"closed","ping_status":"closed","sticky":false,"template":"","format":"standard","meta":[],"categories":[1],"tags":[],"_links":{"self":[{"href":"http:\/\/hoycordobaweb.com\/index.php\/wp-json\/wp\/v2\/posts\/58469"}],"collection":[{"href":"http:\/\/hoycordobaweb.com\/index.php\/wp-json\/wp\/v2\/posts"}],"about":[{"href":"http:\/\/hoycordobaweb.com\/index.php\/wp-json\/wp\/v2\/types\/post"}],"author":[{"embeddable":true,"href":"http:\/\/hoycordobaweb.com\/index.php\/wp-json\/wp\/v2\/users\/1"}],"replies":[{"embeddable":true,"href":"http:\/\/hoycordobaweb.com\/index.php\/wp-json\/wp\/v2\/comments?post=58469"}],"version-history":[{"count":0,"href":"http:\/\/hoycordobaweb.com\/index.php\/wp-json\/wp\/v2\/posts\/58469\/revisions"}],"wp:featuredmedia":[{"embeddable":true,"href":"http:\/\/hoycordobaweb.com\/index.php\/wp-json\/wp\/v2\/media\/58470"}],"wp:attachment":[{"href":"http:\/\/hoycordobaweb.com\/index.php\/wp-json\/wp\/v2\/media?parent=58469"}],"wp:term":[{"taxonomy":"category","embeddable":true,"href":"http:\/\/hoycordobaweb.com\/index.php\/wp-json\/wp\/v2\/categories?post=58469"},{"taxonomy":"post_tag","embeddable":true,"href":"http:\/\/hoycordobaweb.com\/index.php\/wp-json\/wp\/v2\/tags?post=58469"}],"curies":[{"name":"wp","href":"https:\/\/api.w.org\/{rel}","templated":true}]}}