{"id":58445,"date":"2023-04-15T14:41:59","date_gmt":"2023-04-15T14:41:59","guid":{"rendered":"https:\/\/ladecimaweb.com\/?p=16460"},"modified":"2023-04-15T14:41:59","modified_gmt":"2023-04-15T14:41:59","slug":"la-provincia-suspendio-hasta-diciembre-el-diferimiento-previsional-para-87-mil-jubilados","status":"publish","type":"post","link":"http:\/\/hoycordobaweb.com\/index.php\/2023\/04\/15\/la-provincia-suspendio-hasta-diciembre-el-diferimiento-previsional-para-87-mil-jubilados\/","title":{"rendered":"La Provincia suspendi\u00f3 hasta diciembre el diferimiento previsional para 87 mil jubilados"},"content":{"rendered":"<div class=\"boldgrid-section\">\n<div class=\"container\">\n<div class=\"row\">\n<div class=\"col-md-12 col-xs-12 col-sm-12\">\n<p>El Gobierno de C\u00f3rdoba dispuso suspender hasta el 31 de diciembre el diferimiento previsional para aquellos jubilados y pensionados provinciales cuyos haberes correspondientes a febrero no superaron los 250 mil pesos.<\/p>\n<p class=\"\">Con esta medida se busca preservar los ingresos de los pasivos provinciales en el contexto del elevado proceso inflacionario que atraviesa el pa\u00eds. La disposici\u00f3n, que rige retroactivamente a marzo, beneficia a m\u00e1s de 87 mil jubilados y pensionados, lo que representa el 80% de los pasivos de la Caja Provincial.<\/p>\n<p class=\"\">De esta manera, este segmento de jubilados y pensionados cobrar\u00e1 los aumentos el mismo mes que lo perciban los activos.<\/p>\n<p>El viernes 21 de abril se abonar\u00e1 por liquidaci\u00f3n adicional el monto correspondiente a marzo.<\/p>\n<div class=\"ubm_banner\"><a href=\"https:\/\/www.cba.gov.ar\" target=\"_blank\" rel=\"dofollow noopener noreferrer\"><img src=\"http:\/\/hoycordobaweb.com\/wp-content\/uploads\/2023\/04\/la-provincia-suspendio-hasta-diciembre-el-diferimiento-previsional-para-87-mil-jubilados.gif\" alt=\"\"><\/a><\/div>\n<\/div>\n<\/div>\n<\/div>\n<\/div>\n<p>La entrada <a rel=\"nofollow\" href=\"https:\/\/ladecimaweb.com\/la-provincia-suspendio-hasta-diciembre-el-diferimiento-previsional-para-87-mil-jubilados\/\">La Provincia suspendi\u00f3 hasta diciembre el diferimiento previsional para 87 mil jubilados<\/a> se public\u00f3 primero en <a rel=\"nofollow\" href=\"https:\/\/ladecimaweb.com\">LaDecima<\/a>.<\/p>\n","protected":false},"excerpt":{"rendered":"<p>El Gobierno de C\u00f3rdoba dispuso suspender hasta el 31 de diciembre el diferimiento previsional para aquellos jubilados y pensionados provinciales cuyos haberes correspondientes a febrero no superaron los 250 mil pesos. Con esta medida se busca preservar los ingresos de los pasivos provinciales en el contexto del elevado proceso inflacionario que atraviesa el pa\u00eds. La [&hellip;]<\/p>\n","protected":false},"author":1,"featured_media":58446,"comment_status":"closed","ping_status":"closed","sticky":false,"template":"","format":"standard","meta":[],"categories":[19],"tags":[],"_links":{"self":[{"href":"http:\/\/hoycordobaweb.com\/index.php\/wp-json\/wp\/v2\/posts\/58445"}],"collection":[{"href":"http:\/\/hoycordobaweb.com\/index.php\/wp-json\/wp\/v2\/posts"}],"about":[{"href":"http:\/\/hoycordobaweb.com\/index.php\/wp-json\/wp\/v2\/types\/post"}],"author":[{"embeddable":true,"href":"http:\/\/hoycordobaweb.com\/index.php\/wp-json\/wp\/v2\/users\/1"}],"replies":[{"embeddable":true,"href":"http:\/\/hoycordobaweb.com\/index.php\/wp-json\/wp\/v2\/comments?post=58445"}],"version-history":[{"count":0,"href":"http:\/\/hoycordobaweb.com\/index.php\/wp-json\/wp\/v2\/posts\/58445\/revisions"}],"wp:featuredmedia":[{"embeddable":true,"href":"http:\/\/hoycordobaweb.com\/index.php\/wp-json\/wp\/v2\/media\/58446"}],"wp:attachment":[{"href":"http:\/\/hoycordobaweb.com\/index.php\/wp-json\/wp\/v2\/media?parent=58445"}],"wp:term":[{"taxonomy":"category","embeddable":true,"href":"http:\/\/hoycordobaweb.com\/index.php\/wp-json\/wp\/v2\/categories?post=58445"},{"taxonomy":"post_tag","embeddable":true,"href":"http:\/\/hoycordobaweb.com\/index.php\/wp-json\/wp\/v2\/tags?post=58445"}],"curies":[{"name":"wp","href":"https:\/\/api.w.org\/{rel}","templated":true}]}}