{"id":58443,"date":"2023-04-15T14:51:30","date_gmt":"2023-04-15T14:51:30","guid":{"rendered":"https:\/\/ladecimaweb.com\/?p=16463"},"modified":"2023-04-15T14:51:30","modified_gmt":"2023-04-15T14:51:30","slug":"internos-reciclan-bicicletas-para-el-nuevo-servicio-publico-municipal","status":"publish","type":"post","link":"http:\/\/hoycordobaweb.com\/index.php\/2023\/04\/15\/internos-reciclan-bicicletas-para-el-nuevo-servicio-publico-municipal\/","title":{"rendered":"Internos reciclan bicicletas para el nuevo servicio p\u00fablico municipal"},"content":{"rendered":"<div class=\"boldgrid-section\">\n<div class=\"container\">\n<div class=\"row\">\n<div class=\"col-md-12 col-xs-12 col-sm-12\">\n<p>91 bicicletas acondicionadas por los internos de Bouwer se encuentran en las calles de la ciudad de C\u00f3rdoba para la utilizaci\u00f3n de vecinos, vecinas y turistas, integrando la nueva alternativa de transporte p\u00fablico Bici CBA.<\/p>\n<p>La iniciativa se enmarca en el convenio firmado entre el Ministerio de Justicia y Derechos Humanos y la Municipalidad de C\u00f3rdoba, por el cual ambas reparticiones cooperan en actividades de formaci\u00f3n en oficios, capacitaci\u00f3n para el trabajo y pr\u00e1cticas solidarias, destinadas a internas e internos alojados en Establecimientos Penitenciarios y Complejos Carcelarios de la Provincia.<\/p>\n<figure class=\"wp-container-2 wp-block-gallery-1 wp-block-gallery has-nested-images columns-default is-cropped has-lightbox lightbox-0 \">\n<figure class=\"wp-block-image size-large\">\n<p class=\"mod-reset\"><img loading=\"lazy\" class=\"wp-image-545721\" src=\"http:\/\/hoycordobaweb.com\/wp-content\/uploads\/2023\/04\/internos-reciclan-bicicletas-para-el-nuevo-servicio-publico-municipal.jpg\" alt=\"\" width=\"491\" height=\"327\" data-id=\"545721\"><\/p>\n<\/figure>\n<figure class=\"wp-block-image size-large\">\n<p class=\"mod-reset\">&nbsp;<\/p>\n<\/figure>\n<figure class=\"wp-block-image size-large\">\n<p class=\"mod-reset\"><img loading=\"lazy\" class=\"wp-image-545722\" src=\"http:\/\/hoycordobaweb.com\/wp-content\/uploads\/2023\/04\/internos-reciclan-bicicletas-para-el-nuevo-servicio-publico-municipal-1.jpg\" alt=\"\" width=\"497\" height=\"331\" data-id=\"545722\"><\/p>\n<\/figure>\n<\/figure>\n<p class=\"\">Los talleres de refacci\u00f3n de bicicletas que tiene lugar en el MD1 del Complejo Carcelario N\u00ba 1 \u00abReverendo Francisco Luchesse\u00bb comenzaron a funcionar en 2021, en articulaci\u00f3n con el Ministerio de Promoci\u00f3n del Empleo y la Econom\u00eda Familiar y la C\u00e1mara Argentina de Comercio e Industria de Bicicletas, Partes, Rodados y Afines (COMMBI), integrados al programa \u201cReparar\u201d.<\/p>\n<p>El programa, implementado por el Ministerio de Justicia y Derechos Humanos con la participaci\u00f3n tambi\u00e9n de la UTN y entes privados, dispone de diferentes talleres con foco en la capacitaci\u00f3n laboral de las personas privadas de la libertad en t\u00e9cnicas de reutilizaci\u00f3n y reciclaje de residuos, y en preservaci\u00f3n del medio ambiente.<\/p>\n<p class=\"\">Hoy, contar con rodados totalmente refaccionados, pintados y ploteados desde el Servicio Penitenciario de la Provincia es un prop\u00f3sito logrado: contribuir socialmente, promover la econom\u00eda circular, y especialmente, brindar a las personas que se encuentran en contextos de encierro herramientas concretas de reinserci\u00f3n social.<\/p>\n<figure class=\"wp-container-4 wp-block-gallery-3 wp-block-gallery has-nested-images columns-default is-cropped\">\n<figure class=\"wp-block-image size-large\">\n<p class=\"mod-reset\"><img loading=\"lazy\" class=\"wp-image-545720\" src=\"http:\/\/hoycordobaweb.com\/wp-content\/uploads\/2023\/04\/internos-reciclan-bicicletas-para-el-nuevo-servicio-publico-municipal-2.jpg\" alt=\"\" width=\"393\" height=\"262\" data-id=\"545720\"><\/p>\n<\/figure>\n<\/figure>\n<p>Los rodados reparados por los internos que hoy constituyen pr\u00e1cticamente la mitad de la flota de Bici CBA. En su momento se encontraban abandonados en predios estatales y fueron donados por el Poder Judicial.<\/p>\n<p>El convenio suscrito con la Municipalidad de C\u00f3rdoba tambi\u00e9n prev\u00e9 que el mantenimiento de las bicicletas que integran este nuevo servicio p\u00fablico sea realizado por los internos e internas a los fines de continuar con la capacitaci\u00f3n y perfeccionamiento del oficio de reparaci\u00f3n. El Municipio facilitar\u00e1 los medios e insumos necesarios para cumplir con este prop\u00f3sito.<\/p>\n<p>&nbsp;<\/p>\n<div class=\"ubm_banner\"><a href=\"https:\/\/www.cba.gov.ar\" target=\"_blank\" rel=\"dofollow noopener noreferrer\"><img src=\"http:\/\/hoycordobaweb.com\/wp-content\/uploads\/2023\/04\/internos-reciclan-bicicletas-para-el-nuevo-servicio-publico-municipal.gif\" alt=\"\"><\/a><\/div>\n<\/div>\n<\/div>\n<\/div>\n<\/div>\n<p>La entrada <a rel=\"nofollow\" href=\"https:\/\/ladecimaweb.com\/internos-reciclan-bicicletas-para-el-nuevo-servicio-publico-municipal\/\">Internos reciclan bicicletas para el nuevo servicio p\u00fablico municipal<\/a> se public\u00f3 primero en <a rel=\"nofollow\" href=\"https:\/\/ladecimaweb.com\">LaDecima<\/a>.<\/p>\n","protected":false},"excerpt":{"rendered":"<p>91 bicicletas acondicionadas por los internos de Bouwer se encuentran en las calles de la ciudad de C\u00f3rdoba para la utilizaci\u00f3n de vecinos, vecinas y turistas, integrando la nueva alternativa de transporte p\u00fablico Bici CBA. La iniciativa se enmarca en el convenio firmado entre el Ministerio de Justicia y Derechos Humanos y la Municipalidad de [&hellip;]<\/p>\n","protected":false},"author":1,"featured_media":58444,"comment_status":"closed","ping_status":"closed","sticky":false,"template":"","format":"standard","meta":[],"categories":[19],"tags":[],"_links":{"self":[{"href":"http:\/\/hoycordobaweb.com\/index.php\/wp-json\/wp\/v2\/posts\/58443"}],"collection":[{"href":"http:\/\/hoycordobaweb.com\/index.php\/wp-json\/wp\/v2\/posts"}],"about":[{"href":"http:\/\/hoycordobaweb.com\/index.php\/wp-json\/wp\/v2\/types\/post"}],"author":[{"embeddable":true,"href":"http:\/\/hoycordobaweb.com\/index.php\/wp-json\/wp\/v2\/users\/1"}],"replies":[{"embeddable":true,"href":"http:\/\/hoycordobaweb.com\/index.php\/wp-json\/wp\/v2\/comments?post=58443"}],"version-history":[{"count":0,"href":"http:\/\/hoycordobaweb.com\/index.php\/wp-json\/wp\/v2\/posts\/58443\/revisions"}],"wp:featuredmedia":[{"embeddable":true,"href":"http:\/\/hoycordobaweb.com\/index.php\/wp-json\/wp\/v2\/media\/58444"}],"wp:attachment":[{"href":"http:\/\/hoycordobaweb.com\/index.php\/wp-json\/wp\/v2\/media?parent=58443"}],"wp:term":[{"taxonomy":"category","embeddable":true,"href":"http:\/\/hoycordobaweb.com\/index.php\/wp-json\/wp\/v2\/categories?post=58443"},{"taxonomy":"post_tag","embeddable":true,"href":"http:\/\/hoycordobaweb.com\/index.php\/wp-json\/wp\/v2\/tags?post=58443"}],"curies":[{"name":"wp","href":"https:\/\/api.w.org\/{rel}","templated":true}]}}