{"id":58410,"date":"2023-04-14T11:14:19","date_gmt":"2023-04-14T11:14:19","guid":{"rendered":"https:\/\/www.mujerhoy.com\/moda\/no-te-pierdas\/vaqueros-culotte-comodos-zara-mas-vendidos-20230414131214-nt.html"},"modified":"2023-04-14T11:14:19","modified_gmt":"2023-04-14T11:14:19","slug":"los-vaqueros-culotte-en-los-que-merece-la-pena-invertir-esta-primavera","status":"publish","type":"post","link":"http:\/\/hoycordobaweb.com\/index.php\/2023\/04\/14\/los-vaqueros-culotte-en-los-que-merece-la-pena-invertir-esta-primavera\/","title":{"rendered":"Los vaqueros culotte en los que merece la pena invertir esta primavera"},"content":{"rendered":"<p><!-- AUTHOR --><\/p>\n<div class=\"voc-author-timesocial \"><!-- AUTHOR --><\/p>\n<div class=\"voc-author-timesocial__signature\"><!-- IMAGE AUTHOR --><picture class=\"voc-image-signature\"><img class=\"voc-image-signature__img\" src=\"http:\/\/hoycordobaweb.com\/wp-content\/uploads\/2023\/04\/los-vaqueros-culotte-en-los-que-merece-la-pena-invertir-esta-primavera.jpg\" alt=\"Carla Dom\u00ednguez\"><\/picture><!-- INFO AUTHOR --><\/div>\n<\/div>\n<p><!-- COMPONENTS --><\/p>\n<p class=\"voc-paragraph\">El uso de <strong>pantalones vaqueros<\/strong> no se limita exclusivamente al invierno. Esta prenda se lleva durante todo el a\u00f1o, incluso en verano en esos d\u00edas donde corre algo m\u00e1s de brisa y apetece lucir un vaquero con un jersey finito. Est\u00e1 clar\u00edsimo que los <a data-voc-vtm-id=\"in-text-traffic\" href=\"https:\/\/www.mujerhoy.com\/moda\/no-te-pierdas\/vaqueros-basicos-favorecedores-todo-tipo-cuerpos-zara-20230219085957-nt.html\">vaqueros son b\u00e1sicos<\/a> en cualquier armario.\n<\/p>\n<p class=\"voc-paragraph\">Sin embargo, es cierto que conseguir un vaquero que siente espectacular no es tarea sencilla. Hace falta recorrer muchas tiendas, probarte bastantes modelos y podr\u00edamos decir que invertir mal el dinero. De hecho a veces es mejor buscar <a data-voc-vtm-id=\"in-text-traffic\" href=\"https:\/\/www.mujerhoy.com\/moda\/no-te-pierdas\/alternativas-vaqueros-comoda-fresca-primavera-20230411124738-nt.html\">alternativas a los vaqueros<\/a> si no llegamos a encontrar la comodidad. Eso s\u00ed, cuando ya sabemos qu\u00e9 vaquero nos sienta bien, no hay quien nos lo quite. Algo as\u00ed ocurre con unos pantalones de Zara que son uno de los m\u00e1s vendidos de la historia.\n<\/p>\n<p class=\"voc-paragraph\">Nos referimos a los pantalones Jeans Marine de Zara. Un modelo que lanzo Inditex hace un tiempo y que se ha convertido en uno de sus b\u00e1sicos. Primero los vimos en colores b\u00e1sicos como el blanco o el negro, y ahora est\u00e1 disponible en m\u00e1s tonalidades e incluso han hecho <a data-voc-vtm-id=\"in-text-traffic\" href=\"https:\/\/www.mujerhoy.com\/moda\/no-te-pierdas\/nueva-version-tendencia-vaqueros-marine-zara-version-cargo-20230320173151-nt.html\">una versi\u00f3n estilo cargo<\/a>.\n<\/p>\n<p class=\"voc-paragraph\">Podr\u00edamos decir que el dise\u00f1o es casi perfecto, o al menos que sienta bien a bastante gente por varios motivos. El primero de ellos, es que se trata de un vaquero de tiro alto. Por otro lado, el corte acampanado en la zona de los muslos y algo m\u00e1s ajustado en la cintura lo que hace un poco de efecto push up.\n<\/p>\n<p class=\"voc-paragraph\">Es cierto que aunque este vaquero cuenta con el fit casi perfecto, la realidad es que con los lavados va perdiendo color y la cremallera tampoco es de alta calidad (as\u00ed no los ha confesado alguna modista). Y aunque tiene un precio competitivo, es cierto que no es de los mejores vaqueros que puedes tener en tu armario.\n<\/p>\n<p class=\"voc-paragraph\">La buena noticia es que hemos indagado y encontrado en una marca unos vaqueros muy similares pero con m\u00e1s de calidad. Si quieres invertir en un buen vaquero y que te siente de lujo esta temporada, tienes que probar los de la marca Andesites.\n<\/p>\n<p class=\"voc-paragraph\">Se trata de una marca especializada en vaqueros. Su nombre, andesites, significa andesita en franc\u00e9s, que significa piedra volc\u00e1nica fruto de la fusi\u00f3n del fuego y la lava en contacto con el agua. Es el sello de la marca que apuesta la sostenibilidad y la conciencia de compra en torno a sus vaqueros.\n<\/p>\n<p class=\"voc-paragraph\">Uno de sus modelos de vaqueros que amar\u00e1s y en los que merece la pena invertir es el modelo Edulis. Es un pantal\u00f3n con dise\u00f1o culotte, de tiro alto, y con cierre de bot\u00f3n y hebillas para que puedas a\u00f1adir un cintur\u00f3n este verano si te apetece.\n<\/p>\n<div class=\"voc-detail-photo-zoom\"><picture data-toggle=\"modal\" data-target=\"#photoZoomModal-64\" target=\"modal\">\n<div class=\"voc-img-icon-link\"><img loading=\"lazy\" data-original=\"\/\/static1.mujerhoy.com\/www\/multimedia\/202304\/05\/media\/cortadas\/vaquero-edulis-andesites-color-rosa-kd2F--460x637@MujerHoy.jpg\" class=\"lazy\" alt=\"Vaquero estilo culotte de Andesites. Foto: Andesites.\"><noscript><img src=\"http:\/\/hoycordobaweb.com\/wp-content\/uploads\/2023\/04\/los-vaqueros-culotte-en-los-que-merece-la-pena-invertir-esta-primavera-1.jpg\" alt=\"Vaquero estilo culotte de Andesites. Foto: Andesites.\"><\/noscript><i class=\"voc-icons zoom voc-multimedia-box voc-ico-l\"><\/i><\/div><figcaption class=\"figure-caption\">Vaquero estilo culotte de Andesites. Foto: Andesites.<\/figcaption><\/picture><\/div>\n<div id=\"photoZoomModal-64\" class=\"voc-lightbox modal fade voc-lightbox--photo-zoom\" role=\"dialog\" data-voc-photozoom-lightbox>\n<div class=\"voc-lightbox__dialog\" role=\"document\">\n<div class=\"voc-lightbox__content\"><!-- Modal header --><!-- Modal content --><\/p>\n<div class=\"voc-lightbox__photo-container\"><picture class><img loading=\"lazy\" data-original=\"\/\/static1.mujerhoy.com\/www\/multimedia\/202304\/05\/media\/cortadas\/vaquero-edulis-andesites-color-rosa-kd2F--460x637@MujerHoy.jpg\" alt=\"Vaquero estilo culotte de Andesites. Foto: Andesites.\" class=\"lazy\"><noscript><img src=\"http:\/\/hoycordobaweb.com\/wp-content\/uploads\/2023\/04\/los-vaqueros-culotte-en-los-que-merece-la-pena-invertir-esta-primavera-1.jpg\" alt=\"Vaquero estilo culotte de Andesites. Foto: Andesites.\"><\/noscript><\/picture><\/div>\n<\/div>\n<\/div>\n<\/div>\n<p class=\"voc-paragraph\">Es un vaquero que sienta de maravilla y que cuesta <strong>125 euros<\/strong>, pero puede convetirse en el pantal\u00f3n favorit\u00edsimo de tu armario. Podr\u00e1s encontrar este modelo en color rosa, si quieres darle algo m\u00e1s de alegr\u00eda a tus looks de verano, o en azul. <\/p>\n<p class=\"voc-paragraph\">Es un vaquero con un 79% de algod\u00f3n, y un 20% de algod\u00f3n reciclado. Tambi\u00e9n cuenta con elastado. Este pantal\u00f3n cuenta con el sello eco-friendly, es decir que para su elaboraci\u00f3n se ha utilizado menos de un 85% del agua. As\u00ed colaboran con el cuidado del medio ambiente.\n<\/p>\n<p><!-- TOPICS --><\/p>\n","protected":false},"excerpt":{"rendered":"<p>El uso de pantalones vaqueros no se limita exclusivamente al invierno. Esta prenda se lleva durante todo el a\u00f1o, incluso en verano en esos d\u00edas donde corre algo m\u00e1s de brisa y apetece lucir un vaquero con un jersey finito. Est\u00e1 clar\u00edsimo que los vaqueros son b\u00e1sicos en cualquier armario. Sin embargo, es cierto que [&hellip;]<\/p>\n","protected":false},"author":1,"featured_media":58411,"comment_status":"closed","ping_status":"closed","sticky":false,"template":"","format":"standard","meta":[],"categories":[1],"tags":[],"_links":{"self":[{"href":"http:\/\/hoycordobaweb.com\/index.php\/wp-json\/wp\/v2\/posts\/58410"}],"collection":[{"href":"http:\/\/hoycordobaweb.com\/index.php\/wp-json\/wp\/v2\/posts"}],"about":[{"href":"http:\/\/hoycordobaweb.com\/index.php\/wp-json\/wp\/v2\/types\/post"}],"author":[{"embeddable":true,"href":"http:\/\/hoycordobaweb.com\/index.php\/wp-json\/wp\/v2\/users\/1"}],"replies":[{"embeddable":true,"href":"http:\/\/hoycordobaweb.com\/index.php\/wp-json\/wp\/v2\/comments?post=58410"}],"version-history":[{"count":0,"href":"http:\/\/hoycordobaweb.com\/index.php\/wp-json\/wp\/v2\/posts\/58410\/revisions"}],"wp:featuredmedia":[{"embeddable":true,"href":"http:\/\/hoycordobaweb.com\/index.php\/wp-json\/wp\/v2\/media\/58411"}],"wp:attachment":[{"href":"http:\/\/hoycordobaweb.com\/index.php\/wp-json\/wp\/v2\/media?parent=58410"}],"wp:term":[{"taxonomy":"category","embeddable":true,"href":"http:\/\/hoycordobaweb.com\/index.php\/wp-json\/wp\/v2\/categories?post=58410"},{"taxonomy":"post_tag","embeddable":true,"href":"http:\/\/hoycordobaweb.com\/index.php\/wp-json\/wp\/v2\/tags?post=58410"}],"curies":[{"name":"wp","href":"https:\/\/api.w.org\/{rel}","templated":true}]}}