{"id":58404,"date":"2023-04-14T19:07:07","date_gmt":"2023-04-14T19:07:07","guid":{"rendered":"https:\/\/www.ole.com.ar\/futbol-internacional\/italia\/paulo-dybala-lesion-roma-europa-league-seriea_0_heW7R1UJsY.html"},"modified":"2023-04-14T19:07:07","modified_gmt":"2023-04-14T19:07:07","slug":"a-pesar-de-la-lesion-y-derrota-dybala-le-cumplio-el-sueno-a-la-hermana-de-santi-gimenez","status":"publish","type":"post","link":"http:\/\/hoycordobaweb.com\/index.php\/2023\/04\/14\/a-pesar-de-la-lesion-y-derrota-dybala-le-cumplio-el-sueno-a-la-hermana-de-santi-gimenez\/","title":{"rendered":"A pesar de la lesi\u00f3n y derrota, Dybala le cumpli\u00f3 el sue\u00f1o a la hermana de Santi Gim\u00e9nez"},"content":{"rendered":"<p><img src=\"http:\/\/hoycordobaweb.com\/wp-content\/uploads\/2023\/04\/a-pesar-de-la-lesion-y-derrota-dybala-le-cumplio-el-sueno-a-la-hermana-de-santi-gimenez.jpg\"><\/p>\n<p><time class=\"createDate\" datetime=\"2023-04-14T16:07:07-03:00\">14\/04\/2023 16:07hs.<\/time><time class=\"modificatedDate\" datetime=\"2023\/04\/14T16:10:09-03:00\"> Actualizado al 14\/04\/2023 16:10hs.<\/time><\/p>\n<div id=\"storyBody\">\n<div class=\"custom-text \" readability=\"31.386430678466\">\n<p>No fue el mejor d\u00eda para <a href=\"https:\/\/www.ole.com.ar\/tema\/paulo-dybala.html\" title=\"Paulo Dybala\" alt=\"Paulo Dybala\" class=\"slug\">Paulo Dybala <\/a>y la Roma: el argentino se lesion\u00f3 y apenas dur\u00f3 24 minutos ante Feyenoord y la Loba <a href=\"https:\/\/www.ole.com.ar\/futbol-internacional\/feyenoord-roma-dybala-mourtinho-europa-league-cuartos_0_6Wm4hJqcKz.html\" target=\"_blank\" rel=\"noopener noreferrer\"><strong>fue derrotada por 1-0 por la ida de los cuartos<\/strong><\/a><strong> <\/strong>de la Europa League. Sin embargo, <strong>el cordob\u00e9s mostr\u00f3 una sonrisa y tuvo un gran gesto con Santiago Gim\u00e9nez, pero sobre todo con su hermana, admiradora de la Joya.<\/strong><\/p>\n<\/div>\n<div class=\"sc-a7166897-0 fTvehT\" readability=\"6\">\n<section readability=\"2\"><picture><img alt=\"Europa y Conference League: resultados y el uno x uno de los argentinos\" src=\"http:\/\/hoycordobaweb.com\/wp-content\/uploads\/2023\/04\/a-pesar-de-la-lesion-y-derrota-dybala-le-cumplio-el-sueno-a-la-hermana-de-santi-gimenez-2.jpg\" width=\"29\" height=\"29\" decoding=\"async\" data-nimg=\"future\" loading=\"lazy\"><\/picture>\n<p><span>Mir\u00e1 tambi\u00e9n<\/span><\/p>\n<hr>\n<h3>Europa y Conference League: resultados y el uno x uno de los argentinos<\/h3>\n<\/p>\n<\/section>\n<\/div>\n<div class=\"custom-text \" readability=\"41\">\n<p>Luego del partido, <strong>Dybala le dio su camiseta al Chaquito<\/strong>, el hijo de Christian Gim\u00e9nez, y el argentino nacionalizado mexicano <strong>le pidi\u00f3 un favor m\u00e1s: que su hermana Agustina lo pueda conocer. \u00abDale, ven\u00ed\u00bb, le dijo Paulo <\/strong>ante la emoci\u00f3n de ella, para retratar el momento. <strong>Hubo firma a la 21 de la Roma y a una camiseta de la Selecci\u00f3n Argentina tambi\u00e9n.<\/strong><\/p>\n<\/div>\n<div class=\"custom-text \">\n<h2>Dybala con sus admiradoras<\/h2>\n<\/div>\n<div class=\"sc-e6588e40-0 jdjGfi\">\n<div class=\"sc-e6588e40-1 hsKqox videoText\" id=\"contentTitleundefined7RvGdDQf\"><svg fill=\"#ffffff\"><symbol id=\"play\" viewBox=\"0 0 512 512\"><path d=\"M512 256C512 397.4 397.4 512 256 512C114.6 512 0 397.4 0 256C0 114.6 114.6 0 256 0C397.4 0 512 114.6 512 256zM176 168V344C176 352.7 180.7 360.7 188.3 364.9C195.8 369.2 205.1 369 212.5 364.5L356.5 276.5C363.6 272.1 368 264.4 368 256C368 247.6 363.6 239.9 356.5 235.5L212.5 147.5C205.1 142.1 195.8 142.8 188.3 147.1C180.7 151.3 176 159.3 176 168V168z\" \/><\/symbol><use xlink:href=\"#play\" \/><\/svg><\/p>\n<div class=\"right\">\n<p>Paulo Dybala<!-- --> &#8211;<!-- --> <span>14-4-2023<\/span><\/p>\n<h2 class=\"title-vid\">Dybala y el gesto con la familia de Santi Gim\u00e9nez<\/h2>\n<\/div>\n<\/div>\n<p><span class=\"back\" id=\"spanBackundefined7RvGdDQf\"><\/span><\/div>\n<p><h2>\u00bfC\u00f3mo est\u00e1 de su lesi\u00f3n?<\/h2>\n<\/p>\n<div class=\"custom-text \" readability=\"31.283292978208\">\n<p>La Joya viene siendo clave en la Roma y, sobre todo, para Mourinho. <strong>Sus n\u00fameros sacan brillo: 15 goles y 8 asistencias en la temporada<\/strong>. Adem\u00e1s de ser importante dentro de la cancha, Dybala es la cara del club, desde lo futbol\u00edstico hasta el marketing, mientras<a href=\"https:\/\/www.ole.com.ar\/futbol-internacional\/italia\/paulo-dybala-roma-futuro-mercado-coliseo_0_UimmvLCZin.html\" target=\"_blank\" rel=\"noopener noreferrer\"><strong> tambi\u00e9n se trabaja para lograr su continuidad y que no se lo lleven por su baja cl\u00e1usula<\/strong><\/a> (12 millones de euros para equipos que no sean italianos).<\/p>\n<\/div>\n<div class=\"custom-text \" readability=\"40\">\n<p>Sin embargo, lo que preocupa a Roma y al mismo Dybala por estas horas es una nueva lesi\u00f3n. La imagen no fue para nada buena al verlo salir casi llorando, mordiendo rabia, con un <strong>dolor sentimental, pero tambi\u00e9n f\u00edsico: sinti\u00f3 una molestia fuerte en el aductor, el mismo que se lesion\u00f3 antes del Mundial<\/strong>.<\/p>\n<\/div>\n<div class=\"sc-996041c8-0 iUjELL\"><img alt=\"Dybala vs. Feyenoord.\" src=\"http:\/\/hoycordobaweb.com\/wp-content\/uploads\/2023\/04\/a-pesar-de-la-lesion-y-derrota-dybala-le-cumplio-el-sueno-a-la-hermana-de-santi-gimenez-3.jpg\" width=\"72\" height=\"10\" decoding=\"async\" data-nimg=\"future\" loading=\"lazy\"><span>Dybala vs. Feyenoord.<\/span><\/div>\n<div class=\"custom-text \" readability=\"42\">\n<p>Las primeras sensaciones, mismas durante el partido, no fueron buenas, porque ni siquiera intent\u00f3 seguir: sali\u00f3 derechito a sentarse al banco de suplentes, con cara de dolor y enojo. Con el pasar de las horas,<strong> esa percepci\u00f3n cambi\u00f3 un poco: al parecer, no ser\u00eda un desgarro ni nada grave<\/strong>. Todav\u00eda <strong>no le hicieron estudios porque el equipo deb\u00eda viajar de regreso a Roma<\/strong>, pero se los realizar\u00e1n en breve.<\/p>\n<\/div>\n<div class=\"sc-a7166897-0 fTvehT\" readability=\"6.5\">\n<section readability=\"3\"><picture><img alt=\"A Roma no le sali\u00f3 nada: Dybala lesionado, penal errado y derrota vs. Feyenoord\" src=\"http:\/\/hoycordobaweb.com\/wp-content\/uploads\/2023\/04\/a-pesar-de-la-lesion-y-derrota-dybala-le-cumplio-el-sueno-a-la-hermana-de-santi-gimenez-4.jpg\" width=\"29\" height=\"29\" decoding=\"async\" data-nimg=\"future\" loading=\"lazy\"><\/picture>\n<p><span>Mir\u00e1 tambi\u00e9n<\/span><\/p>\n<hr>\n<h3>A Roma no le sali\u00f3 nada: Dybala lesionado, penal errado y derrota vs. Feyenoord<\/h3>\n<\/p>\n<\/section>\n<\/div>\n<div class=\"custom-text \" readability=\"38\">\n<p>Lo cierto es que <strong>no estar\u00e1 en el Ol\u00edmpico ante Udinese<\/strong>, el domingo, por la 30\u00b0 fecha de la Serie A, pero <strong>no se quiere bajar de la revancha frente al Feyenoord,<\/strong> que ser\u00e1 el jueves 20 de abril en Roma.<\/p>\n<\/div>\n<\/div>\n","protected":false},"excerpt":{"rendered":"<p>14\/04\/2023 16:07hs. Actualizado al 14\/04\/2023 16:10hs. No fue el mejor d\u00eda para Paulo Dybala y la Roma: el argentino se lesion\u00f3 y apenas dur\u00f3 24 minutos ante Feyenoord y la Loba fue derrotada por 1-0 por la ida de los cuartos de la Europa League. Sin embargo, el cordob\u00e9s mostr\u00f3 una sonrisa y tuvo un [&hellip;]<\/p>\n","protected":false},"author":1,"featured_media":58405,"comment_status":"open","ping_status":"closed","sticky":false,"template":"","format":"standard","meta":[],"categories":[16],"tags":[],"_links":{"self":[{"href":"http:\/\/hoycordobaweb.com\/index.php\/wp-json\/wp\/v2\/posts\/58404"}],"collection":[{"href":"http:\/\/hoycordobaweb.com\/index.php\/wp-json\/wp\/v2\/posts"}],"about":[{"href":"http:\/\/hoycordobaweb.com\/index.php\/wp-json\/wp\/v2\/types\/post"}],"author":[{"embeddable":true,"href":"http:\/\/hoycordobaweb.com\/index.php\/wp-json\/wp\/v2\/users\/1"}],"replies":[{"embeddable":true,"href":"http:\/\/hoycordobaweb.com\/index.php\/wp-json\/wp\/v2\/comments?post=58404"}],"version-history":[{"count":0,"href":"http:\/\/hoycordobaweb.com\/index.php\/wp-json\/wp\/v2\/posts\/58404\/revisions"}],"wp:featuredmedia":[{"embeddable":true,"href":"http:\/\/hoycordobaweb.com\/index.php\/wp-json\/wp\/v2\/media\/58405"}],"wp:attachment":[{"href":"http:\/\/hoycordobaweb.com\/index.php\/wp-json\/wp\/v2\/media?parent=58404"}],"wp:term":[{"taxonomy":"category","embeddable":true,"href":"http:\/\/hoycordobaweb.com\/index.php\/wp-json\/wp\/v2\/categories?post=58404"},{"taxonomy":"post_tag","embeddable":true,"href":"http:\/\/hoycordobaweb.com\/index.php\/wp-json\/wp\/v2\/tags?post=58404"}],"curies":[{"name":"wp","href":"https:\/\/api.w.org\/{rel}","templated":true}]}}