{"id":58374,"date":"2023-04-13T13:53:49","date_gmt":"2023-04-13T13:53:49","guid":{"rendered":"https:\/\/fono.fcm.unc.edu.ar\/?p=10625"},"modified":"2023-04-13T13:53:49","modified_gmt":"2023-04-13T13:53:49","slug":"60-aniversario-relevamiento-para-practicas-de-iii-nivel","status":"publish","type":"post","link":"http:\/\/hoycordobaweb.com\/index.php\/2023\/04\/13\/60-aniversario-relevamiento-para-practicas-de-iii-nivel\/","title":{"rendered":"60\u00b0 Aniversario \u2013 Relevamiento para Pr\u00e1cticas de III Nivel"},"content":{"rendered":"<div class=\"freebirdFormviewerViewHeaderTitleRow\" readability=\"9\">\n<div class=\"freebirdFormviewerViewHeaderTitle exportFormTitle freebirdCustomFont\" dir=\"auto\" role=\"heading\" readability=\"13\">\n<p><img loading=\"lazy\" class=\"alignright size-fusion-400 wp-image-10626\" src=\"https:\/\/fono.fcm.unc.edu.ar\/wp-content\/uploads\/sites\/14\/2023\/04\/CURSADA-1-400x400.png\" alt width=\"400\" height=\"400\" srcset=\"https:\/\/fono.fcm.unc.edu.ar\/wp-content\/uploads\/sites\/14\/2023\/04\/CURSADA-1-66x66.png 66w, https:\/\/fono.fcm.unc.edu.ar\/wp-content\/uploads\/sites\/14\/2023\/04\/CURSADA-1-150x150.png 150w, https:\/\/fono.fcm.unc.edu.ar\/wp-content\/uploads\/sites\/14\/2023\/04\/CURSADA-1-200x200.png 200w, https:\/\/fono.fcm.unc.edu.ar\/wp-content\/uploads\/sites\/14\/2023\/04\/CURSADA-1-300x300.png 300w, https:\/\/fono.fcm.unc.edu.ar\/wp-content\/uploads\/sites\/14\/2023\/04\/CURSADA-1-400x400.png 400w, https:\/\/fono.fcm.unc.edu.ar\/wp-content\/uploads\/sites\/14\/2023\/04\/CURSADA-1-600x600.png 600w, https:\/\/fono.fcm.unc.edu.ar\/wp-content\/uploads\/sites\/14\/2023\/04\/CURSADA-1-768x768.png 768w, https:\/\/fono.fcm.unc.edu.ar\/wp-content\/uploads\/sites\/14\/2023\/04\/CURSADA-1-800x800.png 800w, https:\/\/fono.fcm.unc.edu.ar\/wp-content\/uploads\/sites\/14\/2023\/04\/CURSADA-1-1024x1024.png 1024w, https:\/\/fono.fcm.unc.edu.ar\/wp-content\/uploads\/sites\/14\/2023\/04\/CURSADA-1.png 1080w\" sizes=\"(max-width: 400px) 100vw, 400px\">Informamos que la SAE de la Escuela de Fonoaudiolog\u00eda est\u00e1 realizando el relevamiento&nbsp; de estudiantes que se encuentren en condiciones de cursar: <strong><em>Pr\u00e1cticas de lll Nivel<\/em>&nbsp;<\/strong>en el per\u00edodo mayo-julio del ciclo lectivo 2023.<\/p>\n<p>Modalidad de cursada: PRESENCIAL f\u00edsica (condici\u00f3n indispensable), adem\u00e1s de actividades con modalidad remota e h\u00edbrida.<\/p>\n<\/div>\n<\/div>\n<div class=\"freebirdFormviewerViewHeaderDescription\" dir=\"auto\" readability=\"7.5939086294416\">\n<p>Para ello deber\u00e1n completar el siguiente&nbsp;<a href=\"https:\/\/forms.gle\/kq8jZorFuCf7uufo9\" target=\"_blank\" rel=\"noopener noreferrer\">Formulario<\/a>&nbsp;una vez cumplidos los requisitos ( teniendo en cuenta que para poder realizar la pr\u00e1ctica de III Nivel deben tener todo&nbsp; 4\u00b0 a\u00f1o aprobado).<\/p>\n<\/div>\n","protected":false},"excerpt":{"rendered":"<p>Informamos que la SAE de la Escuela de Fonoaudiolog\u00eda est\u00e1 realizando el relevamiento&nbsp; de estudiantes que se encuentren en condiciones de cursar: Pr\u00e1cticas de lll Nivel&nbsp;en el per\u00edodo mayo-julio del ciclo lectivo 2023. Modalidad de cursada: PRESENCIAL f\u00edsica (condici\u00f3n indispensable), adem\u00e1s de actividades con modalidad remota e h\u00edbrida. Para ello deber\u00e1n completar el siguiente&nbsp;Formulario&nbsp;una vez [&hellip;]<\/p>\n","protected":false},"author":1,"featured_media":0,"comment_status":"closed","ping_status":"closed","sticky":false,"template":"","format":"standard","meta":[],"categories":[1],"tags":[],"_links":{"self":[{"href":"http:\/\/hoycordobaweb.com\/index.php\/wp-json\/wp\/v2\/posts\/58374"}],"collection":[{"href":"http:\/\/hoycordobaweb.com\/index.php\/wp-json\/wp\/v2\/posts"}],"about":[{"href":"http:\/\/hoycordobaweb.com\/index.php\/wp-json\/wp\/v2\/types\/post"}],"author":[{"embeddable":true,"href":"http:\/\/hoycordobaweb.com\/index.php\/wp-json\/wp\/v2\/users\/1"}],"replies":[{"embeddable":true,"href":"http:\/\/hoycordobaweb.com\/index.php\/wp-json\/wp\/v2\/comments?post=58374"}],"version-history":[{"count":0,"href":"http:\/\/hoycordobaweb.com\/index.php\/wp-json\/wp\/v2\/posts\/58374\/revisions"}],"wp:attachment":[{"href":"http:\/\/hoycordobaweb.com\/index.php\/wp-json\/wp\/v2\/media?parent=58374"}],"wp:term":[{"taxonomy":"category","embeddable":true,"href":"http:\/\/hoycordobaweb.com\/index.php\/wp-json\/wp\/v2\/categories?post=58374"},{"taxonomy":"post_tag","embeddable":true,"href":"http:\/\/hoycordobaweb.com\/index.php\/wp-json\/wp\/v2\/tags?post=58374"}],"curies":[{"name":"wp","href":"https:\/\/api.w.org\/{rel}","templated":true}]}}