{"id":58356,"date":"2023-04-13T12:10:24","date_gmt":"2023-04-13T12:10:24","guid":{"rendered":"https:\/\/www.mujerhoy.com\/moda\/no-te-pierdas\/isabelle-junot-recupera-zapatillas-anos-sesenta-adidas-favoritas-influencers-20230413094944-nt.html"},"modified":"2023-04-13T12:10:24","modified_gmt":"2023-04-13T12:10:24","slug":"isabelle-junot-recupera-las-zapatillas-mas-famosas-de-los-anos-60-en-un-look-casual-y-canero","status":"publish","type":"post","link":"http:\/\/hoycordobaweb.com\/index.php\/2023\/04\/13\/isabelle-junot-recupera-las-zapatillas-mas-famosas-de-los-anos-60-en-un-look-casual-y-canero\/","title":{"rendered":"Isabelle Junot recupera las zapatillas m\u00e1s famosas de los a\u00f1os 60 en un look casual y ca\u00f1ero"},"content":{"rendered":"<p><!-- AUTHOR --><\/p>\n<div class=\"voc-author-timesocial \"><!-- AUTHOR --><\/p>\n<div class=\"voc-author-timesocial__signature\"><!-- IMAGE AUTHOR --><picture class=\"voc-image-signature\"><img class=\"voc-image-signature__img\" src=\"http:\/\/hoycordobaweb.com\/wp-content\/uploads\/2023\/04\/isabelle-junot-recupera-las-zapatillas-mas-famosas-de-los-anos-60-en-un-look-casual-y-canero.jpg\" alt=\"Carla Dom\u00ednguez\"><\/picture><!-- INFO AUTHOR --><\/div>\n<\/div>\n<p><!-- COMPONENTS --><\/p>\n<p class=\"voc-paragraph\"><strong>Isabelle Junot<\/strong> est\u00e1 en uno de sus mejores momentos personales. La hija de Phillipe Junot y Nina Wendelboe-Larsen est\u00e1 esperando a su primer hija, junto a su marido Alvaro Falc\u00f3, primo de <a data-voc-vtm-id=\"in-text-traffic\" href=\"https:\/\/www.mujerhoy.com\/temas\/personajes\/tamara-falco.html\">Tamara Falc\u00f3<\/a>. No es la primera vez que vemos a la marquesa de Cubas radiante presumiendo de embarazo.\n<\/p>\n<p class=\"voc-paragraph\">Hace poco, ve\u00edamos a Isabelle luciendo uno de <a data-voc-vtm-id=\"in-text-traffic\" href=\"https:\/\/www.mujerhoy.com\/moda\/no-te-pierdas\/isabelle-junot-vestidos-midi-zara-nueva-coleccion-favoritos-look-secretos-estilo-famosas-modelos-20230305005752-nt.html\">sus mejores looks<\/a> con un vestidazo negro con transparencias donde se le notaba su tripita de embarazo acompa\u00f1\u00e1ndolo de un espectacular maquillaje con labios rojos y peinado desenfadado con mechones sueltos.\n<\/p>\n<p class=\"voc-paragraph\">Tambi\u00e9n en el \u00e1mbito profesional Isabelle est\u00e1 en su mejor momento. Hace muy poco la pod\u00edamos ver en nuestra revista. Fue <a data-voc-vtm-id=\"in-text-traffic\" href=\"https:\/\/www.mujerhoy.com\/celebrities\/realeza\/isabelle-junot-embarazo-primer-hijo-marquesa-cubas-alvaro-falco-prima-favorita-tamara-20230211114211-nt.html\">la portada de Mujerhoy<\/a>, concediendo una entrevista a este medio donde se mostraba de lo m\u00e1s natural y elegante.\n<\/p>\n<p class=\"voc-paragraph\">Ahora, casi en la recta final del embarazo, la marquesa de Cubas se lo toma con m\u00e1s calma para disfrutar de los \u00faltimos momentos antes del nacimiento de su primera hija. As\u00ed lo hemos visto en una reciente aparici\u00f3n de Isabelle disfrutando de Madrid muy c\u00f3moda y con un look ca\u00f1ero.\n<\/p>\n<p class=\"voc-paragraph\">La modelo, influencer y arist\u00f3crata que tambi\u00e9n la vimos participar en el programa culinario Masterchef sorprendi\u00f3n con un total look en color negro. Isabelle luci\u00f3 una chaqueta de punto larga en esta tonalidad, que acompa\u00f1\u00f3 con una camiseta de los Ramones.\n<\/p>\n<div class=\"voc-detail-photo-zoom\"><picture data-toggle=\"modal\" data-target=\"#photoZoomModal-127\" target=\"modal\">\n<div class=\"voc-img-icon-link\"><img loading=\"lazy\" data-original=\"\/\/static1.mujerhoy.com\/www\/multimedia\/202304\/13\/media\/cortadas\/isabelle-junot-zapatillas-stan-smith-kuQF--460x637@MujerHoy.jpg\" class=\"lazy\" alt=\"Isabelle Junot con zapatillas Adidas Stan Smith. Foto: Gtres.\"><noscript><img src=\"http:\/\/hoycordobaweb.com\/wp-content\/uploads\/2023\/04\/isabelle-junot-recupera-las-zapatillas-mas-famosas-de-los-anos-60-en-un-look-casual-y-canero-1.jpg\" alt=\"Isabelle Junot con zapatillas Adidas Stan Smith. Foto: Gtres.\"><\/noscript><i class=\"voc-icons zoom voc-multimedia-box voc-ico-l\"><\/i><\/div><figcaption class=\"figure-caption\">Isabelle Junot con zapatillas Adidas Stan Smith. Foto: Gtres.<\/figcaption><\/picture><\/div>\n<div id=\"photoZoomModal-127\" class=\"voc-lightbox modal fade voc-lightbox--photo-zoom\" role=\"dialog\" data-voc-photozoom-lightbox>\n<div class=\"voc-lightbox__dialog\" role=\"document\">\n<div class=\"voc-lightbox__content\"><!-- Modal header --><!-- Modal content --><\/p>\n<div class=\"voc-lightbox__photo-container\"><picture class><img loading=\"lazy\" data-original=\"\/\/static1.mujerhoy.com\/www\/multimedia\/202304\/13\/media\/cortadas\/isabelle-junot-zapatillas-stan-smith-kuQF--460x637@MujerHoy.jpg\" alt=\"Isabelle Junot con zapatillas Adidas Stan Smith. Foto: Gtres.\" class=\"lazy\"><noscript><img src=\"http:\/\/hoycordobaweb.com\/wp-content\/uploads\/2023\/04\/isabelle-junot-recupera-las-zapatillas-mas-famosas-de-los-anos-60-en-un-look-casual-y-canero-1.jpg\" alt=\"Isabelle Junot con zapatillas Adidas Stan Smith. Foto: Gtres.\"><\/noscript><\/picture><\/div>\n<\/div>\n<\/div>\n<\/div>\n<p class=\"voc-paragraph\">Para completar el look, Isabelle quiso ir s\u00fapercomoda con los famosos leggins de ciclista. Una moda que fue tendencia hace unos a\u00f1os y que algunas famosas no pararon de llevar incluso de manera m\u00e1s formal con un cl\u00e1sico blazer. Pero Isabelle, en esta ocasi\u00f3n, lo ha querido llevar de una forma m\u00e1s relajada.\n<\/p>\n<p class=\"voc-paragraph\">Otro de los complementos que ha llamado la atenci\u00f3n de su estilismo en su bolso, en color plateado y perfecto para llevar todo lo necesario. Tambi\u00e9n sus zapatillas deportivas que hac\u00eda tiempo que no ve\u00edamos lucir a alguna celebritie o influencer.\n<\/p>\n<p class=\"voc-paragraph\">Nos referimos a las zapatillas deportivas que se pusieron de moda en los a\u00f1os 60 y que Isabelle parece haber ca\u00eddo rendida de nuevo. Son las superconocidas <strong>Adidas Stan Smith <\/strong>que nacieron en 1965. Fueron casi las primeras zapatillas de la marca que se viralizaron.\n<\/p>\n<div class=\"voc-detail-photo-zoom\"><picture data-toggle=\"modal\" data-target=\"#photoZoomModal-646\" target=\"modal\">\n<div class=\"voc-img-icon-link\"><img loading=\"lazy\" data-original=\"\/\/static2.mujerhoy.com\/www\/multimedia\/202304\/13\/media\/cortadas\/adidas-stan-smith-zapatillas-k7bG--460x637@MujerHoy.jpg\" class=\"lazy\" alt=\"Zapatillas Adidas Stan Smith. Foto: Zalando.\"><noscript><img src=\"http:\/\/hoycordobaweb.com\/wp-content\/uploads\/2023\/04\/isabelle-junot-recupera-las-zapatillas-mas-famosas-de-los-anos-60-en-un-look-casual-y-canero-2.jpg\" alt=\"Zapatillas Adidas Stan Smith. Foto: Zalando.\"><\/noscript><i class=\"voc-icons zoom voc-multimedia-box voc-ico-l\"><\/i><\/div><figcaption class=\"figure-caption\">Zapatillas Adidas Stan Smith. Foto: Zalando.<\/figcaption><\/picture><\/div>\n<div id=\"photoZoomModal-646\" class=\"voc-lightbox modal fade voc-lightbox--photo-zoom\" role=\"dialog\" data-voc-photozoom-lightbox>\n<div class=\"voc-lightbox__dialog\" role=\"document\">\n<div class=\"voc-lightbox__content\"><!-- Modal header --><!-- Modal content --><\/p>\n<div class=\"voc-lightbox__photo-container\"><picture class><img loading=\"lazy\" data-original=\"\/\/static2.mujerhoy.com\/www\/multimedia\/202304\/13\/media\/cortadas\/adidas-stan-smith-zapatillas-k7bG--460x637@MujerHoy.jpg\" alt=\"Zapatillas Adidas Stan Smith. Foto: Zalando.\" class=\"lazy\"><noscript><img src=\"http:\/\/hoycordobaweb.com\/wp-content\/uploads\/2023\/04\/isabelle-junot-recupera-las-zapatillas-mas-famosas-de-los-anos-60-en-un-look-casual-y-canero-2.jpg\" alt=\"Zapatillas Adidas Stan Smith. Foto: Zalando.\"><\/noscript><\/picture><\/div>\n<\/div>\n<\/div>\n<\/div>\n<p class=\"voc-paragraph\">Ahora a\u00f1os m\u00e1s tarde, parece que damos un respiro a las Gazelle que todo el mundo (o casi) ya tiene, y volvemos a centrarnos en los cl\u00e1sicos de siempre. Una zapatilla todoterreno, de fondo de armario que gracias a su dise\u00f1o sencillo parece que nunca pasar\u00e1 de moda.\n<\/p>\n<p class=\"voc-paragraph\">La arist\u00f3crata luce uno de los modelos que m\u00e1s se agot\u00f3 en su momento. Se trata de las zapatillas que cuentan con una solapa trasera en color verde. Fueron una de las zapatillas m\u00e1s virales, c\u00f3modas y tendencia que parece que vuelven a estar en el foco del <i>street style<\/i>.\n<\/p>\n<p><!-- TOPICS --><\/p>\n","protected":false},"excerpt":{"rendered":"<p>Isabelle Junot est\u00e1 en uno de sus mejores momentos personales. La hija de Phillipe Junot y Nina Wendelboe-Larsen est\u00e1 esperando a su primer hija, junto a su marido Alvaro Falc\u00f3, primo de Tamara Falc\u00f3. No es la primera vez que vemos a la marquesa de Cubas radiante presumiendo de embarazo. Hace poco, ve\u00edamos a Isabelle [&hellip;]<\/p>\n","protected":false},"author":1,"featured_media":58357,"comment_status":"closed","ping_status":"closed","sticky":false,"template":"","format":"standard","meta":[],"categories":[1],"tags":[],"_links":{"self":[{"href":"http:\/\/hoycordobaweb.com\/index.php\/wp-json\/wp\/v2\/posts\/58356"}],"collection":[{"href":"http:\/\/hoycordobaweb.com\/index.php\/wp-json\/wp\/v2\/posts"}],"about":[{"href":"http:\/\/hoycordobaweb.com\/index.php\/wp-json\/wp\/v2\/types\/post"}],"author":[{"embeddable":true,"href":"http:\/\/hoycordobaweb.com\/index.php\/wp-json\/wp\/v2\/users\/1"}],"replies":[{"embeddable":true,"href":"http:\/\/hoycordobaweb.com\/index.php\/wp-json\/wp\/v2\/comments?post=58356"}],"version-history":[{"count":0,"href":"http:\/\/hoycordobaweb.com\/index.php\/wp-json\/wp\/v2\/posts\/58356\/revisions"}],"wp:featuredmedia":[{"embeddable":true,"href":"http:\/\/hoycordobaweb.com\/index.php\/wp-json\/wp\/v2\/media\/58357"}],"wp:attachment":[{"href":"http:\/\/hoycordobaweb.com\/index.php\/wp-json\/wp\/v2\/media?parent=58356"}],"wp:term":[{"taxonomy":"category","embeddable":true,"href":"http:\/\/hoycordobaweb.com\/index.php\/wp-json\/wp\/v2\/categories?post=58356"},{"taxonomy":"post_tag","embeddable":true,"href":"http:\/\/hoycordobaweb.com\/index.php\/wp-json\/wp\/v2\/tags?post=58356"}],"curies":[{"name":"wp","href":"https:\/\/api.w.org\/{rel}","templated":true}]}}