{"id":58304,"date":"2023-04-12T11:45:47","date_gmt":"2023-04-12T11:45:47","guid":{"rendered":"https:\/\/www.mujerhoy.com\/moda\/no-te-pierdas\/vestidos-monos-looks-turquesa-color-tendencia-rejuvenece-influencers-mas-cincuenta-mango-20230412134506-nt.html"},"modified":"2023-04-12T11:45:47","modified_gmt":"2023-04-12T11:45:47","slug":"looks-en-turquesa-el-color-de-moda-para-primavera-que-mas-rejuvenece-segun-las-influencers-de-mas-de-50","status":"publish","type":"post","link":"http:\/\/hoycordobaweb.com\/index.php\/2023\/04\/12\/looks-en-turquesa-el-color-de-moda-para-primavera-que-mas-rejuvenece-segun-las-influencers-de-mas-de-50\/","title":{"rendered":"Looks en turquesa, el color de moda para primavera que m\u00e1s rejuvenece seg\u00fan las influencers de m\u00e1s de 50"},"content":{"rendered":"<p><!-- AUTHOR --><\/p>\n<div class=\"voc-author-timesocial \"><!-- AUTHOR --><\/p>\n<div class=\"voc-author-timesocial__signature\"><!-- IMAGE AUTHOR --><picture class=\"voc-image-signature\"><img class=\"voc-image-signature__img\" src=\"http:\/\/hoycordobaweb.com\/wp-content\/uploads\/2023\/04\/looks-en-turquesa-el-color-de-moda-para-primavera-que-mas-rejuvenece-segun-las-influencers-de-mas-de-50.jpg\" alt=\"Elena Olivero\"><\/picture><!-- INFO AUTHOR --><\/div>\n<\/div>\n<p><!-- COMPONENTS --><\/p>\n<p class=\"voc-paragraph\">El armario primaveral se caracteriza, principalmente, por ser muy colorido. Estos <strong>tonos llamativos y brillantes<\/strong> inspiran alegr\u00eda y favorecen. Pero, a\u00fan tienen m\u00e1s ventajas porque, seg\u00fan las <strong>influencers de m\u00e1s de 50<\/strong>, son la clave para vernos del todo rejuvenecidas. As\u00ed que, si hasta ahora no te arriesgabas con estos <a data-voc-vtm-id=\"in-text-traffic\" href=\"https:\/\/www.mujerhoy.com\/moda\/no-te-pierdas\/cinco-basicos-azul-cobalto-nuevo-color-2023-favorece-todas-edades-20230210120850-nt.html\">pigmentos vibrantes<\/a>, ahora no vas a tener excusa porque dan muestra continua de lo bien que sientan y los a\u00f1os que quitan de encima. Por supuesto, tienes que apostar por la paleta que vaya m\u00e1s con tu tono de piel y pelo, como un <a data-voc-vtm-id=\"in-text-traffic\" href=\"https:\/\/www.mujerhoy.com\/moda\/no-te-pierdas\/vestidos-blusas-faldas-trajes-color-rojo-favorecedor-mango-zara-hym-20230310115315-ga.html\">rojo sensual<\/a> que queda ideal en todas o un <a data-voc-vtm-id=\"in-text-traffic\" href=\"https:\/\/www.mujerhoy.com\/moda\/no-te-pierdas\/purple-energy-prendas-basicas-color-lila-tendencia-primavera-2023-20230221132243-nt.html\">morado regio<\/a>.\n<\/p>\n<p class=\"voc-paragraph\">Aunque, si te tienes que decantar por solo un color, apuesta por la tendencia del turquesa esta temporada. La <strong>primavera 2023<\/strong> trae consigue el reinado de los azules. Como ya habr\u00e1s podido comprobar con el cobalto o el celeste. Sin embargo, para las mejor vestidas de Instagram over fifty, el color joya m\u00e1s luminoso ser\u00e1 el indicado para estar mucho m\u00e1s guapa y joven. Por eso, no te pierdas estas <strong>prendas en el tono turquesa de moda<\/strong> que tant\u00edsimo favorecen y fichar\u00e1s en Mango.\n<\/p>\n<div class=\"voc-detail-photo-zoom\"><picture data-toggle=\"modal\" data-target=\"#photoZoomModal-252\" target=\"modal\">\n<div class=\"voc-img-icon-link\"><img loading=\"lazy\" data-original=\"\/\/static1.mujerhoy.com\/www\/multimedia\/202303\/31\/media\/cortadas\/turquesa-1-vestido-campana-k8GB--460x637@MujerHoy.jpg\" class=\"lazy\" alt=\"Vestido midi satinado turquesa\"><noscript><img src=\"http:\/\/hoycordobaweb.com\/wp-content\/uploads\/2023\/04\/looks-en-turquesa-el-color-de-moda-para-primavera-que-mas-rejuvenece-segun-las-influencers-de-mas-de-50-1.jpg\" alt=\"Vestido midi satinado turquesa\"><\/noscript><i class=\"voc-icons zoom voc-multimedia-box voc-ico-l\"><\/i><\/div><figcaption class=\"figure-caption\">Vestido midi satinado turquesa<\/figcaption><\/picture><\/div>\n<div id=\"photoZoomModal-252\" class=\"voc-lightbox modal fade voc-lightbox--photo-zoom\" role=\"dialog\" data-voc-photozoom-lightbox>\n<div class=\"voc-lightbox__dialog\" role=\"document\">\n<div class=\"voc-lightbox__content\"><!-- Modal header --><!-- Modal content --><\/p>\n<div class=\"voc-lightbox__photo-container\"><picture class><img loading=\"lazy\" data-original=\"\/\/static1.mujerhoy.com\/www\/multimedia\/202303\/31\/media\/cortadas\/turquesa-1-vestido-campana-k8GB--460x637@MujerHoy.jpg\" alt=\"Vestido midi satinado turquesa\" class=\"lazy\"><noscript><img src=\"http:\/\/hoycordobaweb.com\/wp-content\/uploads\/2023\/04\/looks-en-turquesa-el-color-de-moda-para-primavera-que-mas-rejuvenece-segun-las-influencers-de-mas-de-50-1.jpg\" alt=\"Vestido midi satinado turquesa\"><\/noscript><\/picture><\/div>\n<\/div>\n<\/div>\n<\/div>\n<p class=\"voc-paragraph\">La primera opci\u00f3n es un superventas de la temporada. Se trata de un <strong>vestido midi en tejido satinado fluido, color turquesa<\/strong>. Tiene mangas largas acampanadas. El corte es acomodado al cuerpo. Cuenta con cuello redondo. Adem\u00e1s, el bajo est\u00e1 acabado en evas\u00e9. Puedes comprarlo por 59,99 euros, de la XS a la XL. Super ponible, perfecto para eventos o cuando te quieres ver m\u00e1s arreglada a diario.\n<\/p>\n<div class=\"voc-detail-photo-zoom\"><picture data-toggle=\"modal\" data-target=\"#photoZoomModal-129\" target=\"modal\">\n<div class=\"voc-img-icon-link\"><img loading=\"lazy\" data-original=\"\/\/static1.mujerhoy.com\/www\/multimedia\/202303\/31\/media\/cortadas\/turquesa-2-vestido-capa-k8GB--460x637@MujerHoy.jpg\" class=\"lazy\" alt=\"Vestido largo con capa en turquesa\"><noscript><img src=\"http:\/\/hoycordobaweb.com\/wp-content\/uploads\/2023\/04\/looks-en-turquesa-el-color-de-moda-para-primavera-que-mas-rejuvenece-segun-las-influencers-de-mas-de-50-2.jpg\" alt=\"Vestido largo con capa en turquesa\"><\/noscript><i class=\"voc-icons zoom voc-multimedia-box voc-ico-l\"><\/i><\/div><figcaption class=\"figure-caption\">Vestido largo con capa en turquesa<\/figcaption><\/picture><\/div>\n<div id=\"photoZoomModal-129\" class=\"voc-lightbox modal fade voc-lightbox--photo-zoom\" role=\"dialog\" data-voc-photozoom-lightbox>\n<div class=\"voc-lightbox__dialog\" role=\"document\">\n<div class=\"voc-lightbox__content\"><!-- Modal header --><!-- Modal content --><\/p>\n<div class=\"voc-lightbox__photo-container\"><picture class><img loading=\"lazy\" data-original=\"\/\/static1.mujerhoy.com\/www\/multimedia\/202303\/31\/media\/cortadas\/turquesa-2-vestido-capa-k8GB--460x637@MujerHoy.jpg\" alt=\"Vestido largo con capa en turquesa\" class=\"lazy\"><noscript><img src=\"http:\/\/hoycordobaweb.com\/wp-content\/uploads\/2023\/04\/looks-en-turquesa-el-color-de-moda-para-primavera-que-mas-rejuvenece-segun-las-influencers-de-mas-de-50-2.jpg\" alt=\"Vestido largo con capa en turquesa\"><\/noscript><\/picture><\/div>\n<\/div>\n<\/div>\n<\/div>\n<p class=\"voc-paragraph\">De todas formas, si estas buscando un <strong>look espectacular de invitada<\/strong> para ser la mejor vestida en ocasiones especiales, tienes que fichar este sofisticado y glamuroso <strong>vestido largo en tejido satinado, tono turquesa<\/strong>. Incorpora una capa de gasa a juego que puedes disponer tambi\u00e9n a modo de foulard. Las mangas son tipo sisa. Y, cuenta con detalle de abertura en la espalda. Te costar\u00e1 59,99 euros, entre la XS y la XL.\n<\/p>\n<div class=\"voc-detail-photo-zoom\"><picture data-toggle=\"modal\" data-target=\"#photoZoomModal-932\" target=\"modal\">\n<div class=\"voc-img-icon-link\"><img loading=\"lazy\" data-original=\"\/\/static3.mujerhoy.com\/www\/multimedia\/202303\/31\/media\/cortadas\/turquesa-3-mono-k8GB--460x637@MujerHoy.jpg\" class=\"lazy\" alt=\"Mono con volantes turquesa\"><noscript><img src=\"http:\/\/hoycordobaweb.com\/wp-content\/uploads\/2023\/04\/looks-en-turquesa-el-color-de-moda-para-primavera-que-mas-rejuvenece-segun-las-influencers-de-mas-de-50-3.jpg\" alt=\"Mono con volantes turquesa\"><\/noscript><i class=\"voc-icons zoom voc-multimedia-box voc-ico-l\"><\/i><\/div><figcaption class=\"figure-caption\">Mono con volantes turquesa<\/figcaption><\/picture><\/div>\n<div id=\"photoZoomModal-932\" class=\"voc-lightbox modal fade voc-lightbox--photo-zoom\" role=\"dialog\" data-voc-photozoom-lightbox>\n<div class=\"voc-lightbox__dialog\" role=\"document\">\n<div class=\"voc-lightbox__content\"><!-- Modal header --><!-- Modal content --><\/p>\n<div class=\"voc-lightbox__photo-container\"><picture class><img loading=\"lazy\" data-original=\"\/\/static3.mujerhoy.com\/www\/multimedia\/202303\/31\/media\/cortadas\/turquesa-3-mono-k8GB--460x637@MujerHoy.jpg\" alt=\"Mono con volantes turquesa\" class=\"lazy\"><noscript><img src=\"http:\/\/hoycordobaweb.com\/wp-content\/uploads\/2023\/04\/looks-en-turquesa-el-color-de-moda-para-primavera-que-mas-rejuvenece-segun-las-influencers-de-mas-de-50-3.jpg\" alt=\"Mono con volantes turquesa\"><\/noscript><\/picture><\/div>\n<\/div>\n<\/div>\n<\/div>\n<p class=\"voc-paragraph\">Ir\u00e1s del todo rejuvenecida, muy favorecida y moderna con este <strong>mono en tejido satinado fluido, turquesa<\/strong>. Tiene dise\u00f1o cruzado con detalle de volante. Cuenta con tirantes anchos. El escote es de pico, en la parte delantera y en la espalda. Adem\u00e1s, las perneras son rectas y anchas. Su precio es de 49,99 euros, de la XS a la XL.\n<\/p>\n<div class=\"voc-detail-photo-zoom\"><picture data-toggle=\"modal\" data-target=\"#photoZoomModal-539\" target=\"modal\">\n<div class=\"voc-img-icon-link\"><img loading=\"lazy\" data-original=\"\/\/static2.mujerhoy.com\/www\/multimedia\/202303\/31\/media\/cortadas\/turquesa-4-conjunto-corsetero-k8GB--460x637@MujerHoy.jpg\" class=\"lazy\" alt=\"Conjunto turquesa con top corsetero y falda midi\"><noscript><img src=\"http:\/\/hoycordobaweb.com\/wp-content\/uploads\/2023\/04\/looks-en-turquesa-el-color-de-moda-para-primavera-que-mas-rejuvenece-segun-las-influencers-de-mas-de-50-4.jpg\" alt=\"Conjunto turquesa con top corsetero y falda midi\"><\/noscript><i class=\"voc-icons zoom voc-multimedia-box voc-ico-l\"><\/i><\/div><figcaption class=\"figure-caption\">Conjunto turquesa con top corsetero y falda midi<\/figcaption><\/picture><\/div>\n<div id=\"photoZoomModal-539\" class=\"voc-lightbox modal fade voc-lightbox--photo-zoom\" role=\"dialog\" data-voc-photozoom-lightbox>\n<div class=\"voc-lightbox__dialog\" role=\"document\">\n<div class=\"voc-lightbox__content\"><!-- Modal header --><!-- Modal content --><\/p>\n<div class=\"voc-lightbox__photo-container\"><picture class><img loading=\"lazy\" data-original=\"\/\/static2.mujerhoy.com\/www\/multimedia\/202303\/31\/media\/cortadas\/turquesa-4-conjunto-corsetero-k8GB--460x637@MujerHoy.jpg\" alt=\"Conjunto turquesa con top corsetero y falda midi\" class=\"lazy\"><noscript><img src=\"http:\/\/hoycordobaweb.com\/wp-content\/uploads\/2023\/04\/looks-en-turquesa-el-color-de-moda-para-primavera-que-mas-rejuvenece-segun-las-influencers-de-mas-de-50-4.jpg\" alt=\"Conjunto turquesa con top corsetero y falda midi\"><\/noscript><\/picture><\/div>\n<\/div>\n<\/div>\n<\/div>\n<p class=\"voc-paragraph\">Si quieres algo pr\u00e1ctico que ponerte de mil maneras diferentes e ir de lo m\u00e1s sofisticada, apuesta por este <strong>conjunto color turquesa<\/strong>. La parte de arriba es un <strong>top tipo corsetero<\/strong>. Incorpora escote recto con hombros al descubierto. El dise\u00f1o es entallado en el cuerpo. Y, tiene mangas cortas abullonadas con mucho volumen.\n<\/p>\n<p class=\"voc-paragraph\">Para la parte de abajo, combina una <strong>falda midi<\/strong>. El modelo es de tiro alto, para estilizar m\u00e1s la figura. Tiene dise\u00f1o cruzado con abertura pronunciada en el bajo. Adem\u00e1s, est\u00e1 decorada con detalle de botones joya en el lateral. Encontrar\u00e1s estas piezas por 45,99 euros, cada una, y ambas entre la XS y la XL.\n<\/p>\n<div class=\"voc-detail-photo-zoom\"><picture data-toggle=\"modal\" data-target=\"#photoZoomModal-316\" target=\"modal\">\n<div class=\"voc-img-icon-link\"><img loading=\"lazy\" data-original=\"\/\/static2.mujerhoy.com\/www\/multimedia\/202303\/31\/media\/cortadas\/turquesa-5-conjunto-saten-k8GB--460x637@MujerHoy.jpg\" class=\"lazy\" alt=\"Total look turquesa con blusa y pantal\u00f3n de sat\u00e9n\"><noscript><img src=\"http:\/\/hoycordobaweb.com\/wp-content\/uploads\/2023\/04\/looks-en-turquesa-el-color-de-moda-para-primavera-que-mas-rejuvenece-segun-las-influencers-de-mas-de-50-5.jpg\" alt=\"Total look turquesa con blusa y pantal\u00f3n de sat\u00e9n\"><\/noscript><i class=\"voc-icons zoom voc-multimedia-box voc-ico-l\"><\/i><\/div><figcaption class=\"figure-caption\">Total look turquesa con blusa y pantal\u00f3n de sat\u00e9n<\/figcaption><\/picture><\/div>\n<div id=\"photoZoomModal-316\" class=\"voc-lightbox modal fade voc-lightbox--photo-zoom\" role=\"dialog\" data-voc-photozoom-lightbox>\n<div class=\"voc-lightbox__dialog\" role=\"document\">\n<div class=\"voc-lightbox__content\"><!-- Modal header --><!-- Modal content --><\/p>\n<div class=\"voc-lightbox__photo-container\"><picture class><img loading=\"lazy\" data-original=\"\/\/static2.mujerhoy.com\/www\/multimedia\/202303\/31\/media\/cortadas\/turquesa-5-conjunto-saten-k8GB--460x637@MujerHoy.jpg\" alt=\"Total look turquesa con blusa y pantal\u00f3n de sat\u00e9n\" class=\"lazy\"><noscript><img src=\"http:\/\/hoycordobaweb.com\/wp-content\/uploads\/2023\/04\/looks-en-turquesa-el-color-de-moda-para-primavera-que-mas-rejuvenece-segun-las-influencers-de-mas-de-50-5.jpg\" alt=\"Total look turquesa con blusa y pantal\u00f3n de sat\u00e9n\"><\/noscript><\/picture><\/div>\n<\/div>\n<\/div>\n<\/div>\n<p class=\"voc-paragraph\">Tambi\u00e9n muy ponible y sofisticado es este <strong>total look confeccionado en tejido satinado fluido, tono turquesa<\/strong>. Se compone, en la parte superior, de una blusa que combina lazada al cuello con espcote de pico. Las mangas son largas y acaban en pu\u00f1o. Mientras que, en la parte inferior aparece un pantal\u00f3n largo tipo palazzo con perneras rectas y tiro alto. Est\u00e1 disponible 35,99 euros y 39,99 euros, las dos de la XS a la XL.\n<\/p>\n<div class=\"voc-detail-photo-zoom\"><picture data-toggle=\"modal\" data-target=\"#photoZoomModal-524\" target=\"modal\">\n<div class=\"voc-img-icon-link\"><img loading=\"lazy\" data-original=\"\/\/static.mujerhoy.com\/www\/multimedia\/202303\/31\/media\/cortadas\/turquesa-6-conjunto-plisado-k8GB--460x637@MujerHoy.jpg\" class=\"lazy\" alt=\"Conjunto con blusa plisada y falda midi turquesa\"><noscript><img src=\"http:\/\/hoycordobaweb.com\/wp-content\/uploads\/2023\/04\/looks-en-turquesa-el-color-de-moda-para-primavera-que-mas-rejuvenece-segun-las-influencers-de-mas-de-50-6.jpg\" alt=\"Conjunto con blusa plisada y falda midi turquesa\"><\/noscript><i class=\"voc-icons zoom voc-multimedia-box voc-ico-l\"><\/i><\/div><figcaption class=\"figure-caption\">Conjunto con blusa plisada y falda midi turquesa<\/figcaption><\/picture><\/div>\n<div id=\"photoZoomModal-524\" class=\"voc-lightbox modal fade voc-lightbox--photo-zoom\" role=\"dialog\" data-voc-photozoom-lightbox>\n<div class=\"voc-lightbox__dialog\" role=\"document\">\n<div class=\"voc-lightbox__content\"><!-- Modal header --><!-- Modal content --><\/p>\n<div class=\"voc-lightbox__photo-container\"><picture class><img loading=\"lazy\" data-original=\"\/\/static.mujerhoy.com\/www\/multimedia\/202303\/31\/media\/cortadas\/turquesa-6-conjunto-plisado-k8GB--460x637@MujerHoy.jpg\" alt=\"Conjunto con blusa plisada y falda midi turquesa\" class=\"lazy\"><noscript><img src=\"http:\/\/hoycordobaweb.com\/wp-content\/uploads\/2023\/04\/looks-en-turquesa-el-color-de-moda-para-primavera-que-mas-rejuvenece-segun-las-influencers-de-mas-de-50-6.jpg\" alt=\"Conjunto con blusa plisada y falda midi turquesa\"><\/noscript><\/picture><\/div>\n<\/div>\n<\/div>\n<\/div>\n<p class=\"voc-paragraph\">Para terminar, las m\u00e1s elegantes se van a enamorar de este <strong>total look en tejido vaporoso ligero, en turquesa<\/strong>. Tiene una plisada plisada en la aprte de arriba. Cuenta con mangas largas abullonadas. El cuello es redondo. Adem\u00e1s, se adorna con detalles de aberturas en la parte frontal e incorpora lazada en la espalda.\n<\/p>\n<p class=\"voc-paragraph\">Para la parte de abajo, nos encontramos con una falda midi fluido. El tiro es alto y el bajo est\u00e1 acabado en evas\u00e9. Aunque, tambi\u00e9n puedes encontrar un pantal\u00f3n a juego, con perneras anchas y rectas, bolsillos, tiro alto y cintura el\u00e1stica. Hazte con estas prendas por 39,99 euros cada una (tanto el top como la falda y pantal\u00f3n), entre la XS y la XL.\n<\/p>\n<p><!-- TOPICS --><\/p>\n","protected":false},"excerpt":{"rendered":"<p>El armario primaveral se caracteriza, principalmente, por ser muy colorido. Estos tonos llamativos y brillantes inspiran alegr\u00eda y favorecen. Pero, a\u00fan tienen m\u00e1s ventajas porque, seg\u00fan las influencers de m\u00e1s de 50, son la clave para vernos del todo rejuvenecidas. As\u00ed que, si hasta ahora no te arriesgabas con estos pigmentos vibrantes, ahora no vas [&hellip;]<\/p>\n","protected":false},"author":1,"featured_media":58305,"comment_status":"closed","ping_status":"closed","sticky":false,"template":"","format":"standard","meta":[],"categories":[1],"tags":[],"_links":{"self":[{"href":"http:\/\/hoycordobaweb.com\/index.php\/wp-json\/wp\/v2\/posts\/58304"}],"collection":[{"href":"http:\/\/hoycordobaweb.com\/index.php\/wp-json\/wp\/v2\/posts"}],"about":[{"href":"http:\/\/hoycordobaweb.com\/index.php\/wp-json\/wp\/v2\/types\/post"}],"author":[{"embeddable":true,"href":"http:\/\/hoycordobaweb.com\/index.php\/wp-json\/wp\/v2\/users\/1"}],"replies":[{"embeddable":true,"href":"http:\/\/hoycordobaweb.com\/index.php\/wp-json\/wp\/v2\/comments?post=58304"}],"version-history":[{"count":0,"href":"http:\/\/hoycordobaweb.com\/index.php\/wp-json\/wp\/v2\/posts\/58304\/revisions"}],"wp:featuredmedia":[{"embeddable":true,"href":"http:\/\/hoycordobaweb.com\/index.php\/wp-json\/wp\/v2\/media\/58305"}],"wp:attachment":[{"href":"http:\/\/hoycordobaweb.com\/index.php\/wp-json\/wp\/v2\/media?parent=58304"}],"wp:term":[{"taxonomy":"category","embeddable":true,"href":"http:\/\/hoycordobaweb.com\/index.php\/wp-json\/wp\/v2\/categories?post=58304"},{"taxonomy":"post_tag","embeddable":true,"href":"http:\/\/hoycordobaweb.com\/index.php\/wp-json\/wp\/v2\/tags?post=58304"}],"curies":[{"name":"wp","href":"https:\/\/api.w.org\/{rel}","templated":true}]}}