{"id":58302,"date":"2023-04-12T12:00:26","date_gmt":"2023-04-12T12:00:26","guid":{"rendered":"https:\/\/www.mujerhoy.com\/moda\/no-te-pierdas\/andres-velencoso-nueva-coleccion-trucos-triunfar-basicos-cortefiel-sostenible-primavera-20230412135950-nt.html"},"modified":"2023-04-12T12:00:26","modified_gmt":"2023-04-12T12:00:26","slug":"basicos-y-sostenibiliad-por-que-la-coleccion-de-andres-velencoso-esta-llena-de-trucos-para-un-look-diario-triunfador","status":"publish","type":"post","link":"http:\/\/hoycordobaweb.com\/index.php\/2023\/04\/12\/basicos-y-sostenibiliad-por-que-la-coleccion-de-andres-velencoso-esta-llena-de-trucos-para-un-look-diario-triunfador\/","title":{"rendered":"B\u00e1sicos y sostenibiliad: por qu\u00e9 la colecci\u00f3n de Andr\u00e9s Velencoso est\u00e1 llena de trucos para un look diario triunfador"},"content":{"rendered":"<p><!-- AUTHOR --><!-- COMPONENTS --><\/p>\n<p class=\"voc-paragraph\">El modelo y actor espa\u00f1ol <a data-voc-vtm-id=\"in-text-traffic\" href=\"https:\/\/www.mujerhoy.com\/celebrities\/corazon\/202005\/02\/foto-cambio-look-andres-velencoso-bigote-20200502084423.html\">Andr\u00e9s Velencoso<\/a> se ha convertido en el director creativo, imagen y <strong>embajador de la firma OTOO<\/strong> (Out Of The Office), una marca de ra\u00edz mediterr\u00e1nea y sostenible que surge de la alianza entre el top model y Alex Miralles, director creativo de <a data-voc-vtm-id=\"in-text-traffic\" href=\"https:\/\/www.mujerhoy.com\/moda\/no-te-pierdas\/blusas-estampado-floral-rebajas-cortefiel-20220804132650-ga.html\">Cortefiel<\/a> y Pedro del Hierro hombre.\n<\/p>\n<p class=\"voc-paragraph\">La colecci\u00f3n que acaba de lanzar se desarrolla siguiendo el <strong>hilo del pacto con la naturaleza<\/strong>. \u00abTrabajamos con el programa Water Program, que es un compromiso que tenemos como marca, y es el empleo de menos agua para conseguir los lavados en las prendas\u00bb, nos explica Alex Miralles, que ha trabajado mano a mano junto a Velencoso.\n<\/p>\n<p class=\"voc-paragraph\">OOTO destaca adem\u00e1s por la <strong>fuerte esencia mediterr\u00e1nea<\/strong> en las prendas. \u00abCuando nos sentamos a hablar con Andr\u00e9s pensamos que hay una serie de colores que son b\u00e1sicos e indispensables en cualquier fondo de armario de hombre. La gama de los naturales, de los cuales tanto Andr\u00e9s como yo podr\u00edamos ser una extensi\u00f3n\u00bb, incide Miralles.\n<\/p>\n<p class=\"voc-paragraph\">Esta nueva apuesta nace para <strong>satisfacer las necesidades del hombre en el d\u00eda a d\u00eda<\/strong>. Las sudaderas con diferentes propuestas de cortes, el chino b\u00e1sico reinterpretado en bermuda, la parka de verano, la chaqueta abierta en un popel\u00edn extra ligero, las camisetas de estilo urbano\u2026 Son algunas de las prendas que el t\u00e1ndem formado por Velencoso y Miralles propone para esta temporada. \u00ab24 horas, 24 oportunidades, 24 maneras de hacer y de disfrutar bajo ese prisma\u00bb, manifiesta Alex Miralles.\n<\/p>\n<p><h3 class=\"voc-detail__title\"> Estos son los trucos de Velencoso y Miralles para un look de diario triunfador<br \/>\n<\/h3>\n<\/p>\n<p class=\"voc-paragraph\">\u00abC\u00f3mo te vistes es un reflejo de tu estado emocional m\u00e1s all\u00e1 de la personalidad de cada uno. Hay d\u00edas en los que te sientes mucho m\u00e1s rompedor y buscas salir de esa zona de confort. Para m\u00ed, <strong>c\u00f3mo salgo vestido cada d\u00eda es un ejercicio de comprobar mi estado emocional<\/strong>. Incluso a nivel de prendas y color\u00bb, nos explica Miralles sobre c\u00f3mo elegir el look a diario. \u00abTambi\u00e9n es ver a d\u00f3nde voy, qu\u00e9 es lo que quiero comunicar cuando voy a trabajar. Soy bastante casual y bastante OOTO, en el sentido de utilizar prendas c\u00f3modas con colores b\u00e1sicos, fondo de armario y que pueda viajar ligero cuando puedo. Yo siempre intento ver qu\u00e9 es lo que tengo en la semana y a partir de ah\u00ed hago un planning\u00bb, a\u00f1ade Velencoso.\n<\/p>\n<div class=\"voc-detail-photo-zoom\"><picture data-toggle=\"modal\" data-target=\"#photoZoomModal-162\" target=\"modal\">\n<div class=\"voc-img-icon-link\"><img loading=\"lazy\" data-original=\"\/\/static.mujerhoy.com\/www\/multimedia\/202304\/10\/media\/cortadas\/andres-velencoso-ooto2-kxqE--460x637@MujerHoy.jpg\" class=\"lazy\" alt=\"Andr\u00e9s Velencoso con ropa de la colecci\u00f3n de primavera de OOTO\/OOTO\"><noscript><img src=\"http:\/\/hoycordobaweb.com\/wp-content\/uploads\/2023\/04\/basicos-y-sostenibiliad-por-que-la-coleccion-de-andres-velencoso-esta-llena-de-trucos-para-un-look-diario-triunfador.jpg\" alt=\"Andr\u00e9s Velencoso con ropa de la colecci\u00f3n de primavera de OOTO\/OOTO\"><\/noscript><i class=\"voc-icons zoom voc-multimedia-box voc-ico-l\"><\/i><\/div><figcaption class=\"figure-caption\">Andr\u00e9s Velencoso con ropa de la colecci\u00f3n de primavera de OOTO\/OOTO<\/figcaption><\/picture><\/div>\n<div id=\"photoZoomModal-162\" class=\"voc-lightbox modal fade voc-lightbox--photo-zoom\" role=\"dialog\" data-voc-photozoom-lightbox>\n<div class=\"voc-lightbox__dialog\" role=\"document\">\n<div class=\"voc-lightbox__content\"><!-- Modal header --><!-- Modal content --><\/p>\n<div class=\"voc-lightbox__photo-container\"><picture class><img loading=\"lazy\" data-original=\"\/\/static.mujerhoy.com\/www\/multimedia\/202304\/10\/media\/cortadas\/andres-velencoso-ooto2-kxqE--460x637@MujerHoy.jpg\" alt=\"Andr\u00e9s Velencoso con ropa de la colecci\u00f3n de primavera de OOTO\/OOTO\" class=\"lazy\"><noscript><img src=\"http:\/\/hoycordobaweb.com\/wp-content\/uploads\/2023\/04\/basicos-y-sostenibiliad-por-que-la-coleccion-de-andres-velencoso-esta-llena-de-trucos-para-un-look-diario-triunfador.jpg\" alt=\"Andr\u00e9s Velencoso con ropa de la colecci\u00f3n de primavera de OOTO\/OOTO\"><\/noscript><\/picture><\/div>\n<\/div>\n<\/div>\n<\/div>\n<p class=\"voc-paragraph\">La nueva colecci\u00f3n de OOTO conecta los b\u00e1sicos esenciales que todo hombre debe tener en su armario en verano. Andr\u00e9s Velencoso nos cuenta cu\u00e1les son los suyos: \u00ab<br \/>\n<strong>Camiseta blanca, camiseta negra y un chino del color que quieras<\/strong>\u00bb. Y Alex Miralles lo secunda: \u00abDepende el destino. Pero estoy de acuerdo con una camiseta blanca impecable, unos jeans y una sudadera\u00bb.\n<\/p>\n<p class=\"voc-paragraph\">Sea cuales sean los planes, todos tenemos en nuestro armario una prenda todoterreno que combina con distintos looks y que se puede usar en diferentes momentos. Para Alex Miralles y Andr\u00e9s Velencoso esa prenda es \u00abuna <strong>cazadora acolchada<\/strong>\u00bb.\n<\/p>\n<p class=\"voc-paragraph\">Aunque las prendas compongan la parte principal del look, no hay que dejar de lado los accesorios. \u00ab<br \/>\n<strong>Los complementos a veces son importantes<\/strong>. Yo en mi d\u00eda a d\u00eda soy bastante sencillo\u00bb, explica Velencoso. \u00abPuedes ir muy neutro y le das un toque con la zapatilla o te cambias el reloj. Yo no soy una persona de mucho abalorio\u00bb, relata Miralles, que s\u00ed apuesta por lo vintage para levantar el look: \u00abTengo un reloj de mi abuelo que me encanta, pero tambi\u00e9n va un poco en funci\u00f3n de c\u00f3mo vaya a ir vestido\u00bb.\n<\/p>\n<p class=\"voc-paragraph\">Y, por supuesto, <strong>ojo al calzado<\/strong>. \u00abYo creo que refleja bastante la personalidad. A m\u00ed es algo que me suele generar quebraderos de cabeza\u00bb, se sincera Miralles. \u00abPor unas <a data-voc-vtm-id=\"in-text-traffic\" href=\"https:\/\/www.mujerhoy.com\/moda\/no-te-pierdas\/zapatillas-entretiempo-made-in-spain-favoritas-influencers-originales-20230410072341-nt.html\">zapatillas<\/a> puedo cambiar todo el look. Para m\u00ed el calzado es s\u00faper importante\u00bb, nos cuenta Velencoso.\n<\/p>\n<p><!-- TOPICS --><\/p>\n","protected":false},"excerpt":{"rendered":"<p>El modelo y actor espa\u00f1ol Andr\u00e9s Velencoso se ha convertido en el director creativo, imagen y embajador de la firma OTOO (Out Of The Office), una marca de ra\u00edz mediterr\u00e1nea y sostenible que surge de la alianza entre el top model y Alex Miralles, director creativo de Cortefiel y Pedro del Hierro hombre. La colecci\u00f3n [&hellip;]<\/p>\n","protected":false},"author":1,"featured_media":58303,"comment_status":"closed","ping_status":"closed","sticky":false,"template":"","format":"standard","meta":[],"categories":[1],"tags":[],"_links":{"self":[{"href":"http:\/\/hoycordobaweb.com\/index.php\/wp-json\/wp\/v2\/posts\/58302"}],"collection":[{"href":"http:\/\/hoycordobaweb.com\/index.php\/wp-json\/wp\/v2\/posts"}],"about":[{"href":"http:\/\/hoycordobaweb.com\/index.php\/wp-json\/wp\/v2\/types\/post"}],"author":[{"embeddable":true,"href":"http:\/\/hoycordobaweb.com\/index.php\/wp-json\/wp\/v2\/users\/1"}],"replies":[{"embeddable":true,"href":"http:\/\/hoycordobaweb.com\/index.php\/wp-json\/wp\/v2\/comments?post=58302"}],"version-history":[{"count":0,"href":"http:\/\/hoycordobaweb.com\/index.php\/wp-json\/wp\/v2\/posts\/58302\/revisions"}],"wp:featuredmedia":[{"embeddable":true,"href":"http:\/\/hoycordobaweb.com\/index.php\/wp-json\/wp\/v2\/media\/58303"}],"wp:attachment":[{"href":"http:\/\/hoycordobaweb.com\/index.php\/wp-json\/wp\/v2\/media?parent=58302"}],"wp:term":[{"taxonomy":"category","embeddable":true,"href":"http:\/\/hoycordobaweb.com\/index.php\/wp-json\/wp\/v2\/categories?post=58302"},{"taxonomy":"post_tag","embeddable":true,"href":"http:\/\/hoycordobaweb.com\/index.php\/wp-json\/wp\/v2\/tags?post=58302"}],"curies":[{"name":"wp","href":"https:\/\/api.w.org\/{rel}","templated":true}]}}