{"id":58271,"date":"2023-04-11T10:37:00","date_gmt":"2023-04-11T10:37:00","guid":{"rendered":"https:\/\/fm-comunicar.com.ar\/contenido\/20153\/sinsacate-sera-sede-la-primera-feria-de-sabores-y-saberes-del-monte"},"modified":"2023-04-11T10:37:00","modified_gmt":"2023-04-11T10:37:00","slug":"sinsacate-sera-sede-la-primera-feria-de-sabores-y-saberes-del-monte","status":"publish","type":"post","link":"http:\/\/hoycordobaweb.com\/index.php\/2023\/04\/11\/sinsacate-sera-sede-la-primera-feria-de-sabores-y-saberes-del-monte\/","title":{"rendered":"Sinsacate ser\u00e1 sede la primera Feria de Sabores y Saberes del Monte"},"content":{"rendered":"<p>El evento se realizar\u00e1 este s\u00e1bado en la Posta de Sinsacate. Se dictar\u00e1 un taller de arte textil, habr\u00e1 molienda de algarroba, proyecciones documentales y charlas con artesanas y artesanos que compartir\u00e1n sus t\u00e9cnicas.<img src=\"http:\/\/hoycordobaweb.com\/wp-content\/uploads\/2023\/04\/sinsacate-sera-sede-la-primera-feria-de-sabores-y-saberes-del-monte.jpg\"><\/p>\n","protected":false},"excerpt":{"rendered":"<p>El evento se realizar\u00e1 este s\u00e1bado en la Posta de Sinsacate. Se dictar\u00e1 un taller de arte textil, habr\u00e1 molienda de algarroba, proyecciones documentales y charlas con artesanas y artesanos que compartir\u00e1n sus t\u00e9cnicas.<\/p>\n","protected":false},"author":1,"featured_media":58272,"comment_status":"closed","ping_status":"closed","sticky":false,"template":"","format":"standard","meta":[],"categories":[18],"tags":[],"_links":{"self":[{"href":"http:\/\/hoycordobaweb.com\/index.php\/wp-json\/wp\/v2\/posts\/58271"}],"collection":[{"href":"http:\/\/hoycordobaweb.com\/index.php\/wp-json\/wp\/v2\/posts"}],"about":[{"href":"http:\/\/hoycordobaweb.com\/index.php\/wp-json\/wp\/v2\/types\/post"}],"author":[{"embeddable":true,"href":"http:\/\/hoycordobaweb.com\/index.php\/wp-json\/wp\/v2\/users\/1"}],"replies":[{"embeddable":true,"href":"http:\/\/hoycordobaweb.com\/index.php\/wp-json\/wp\/v2\/comments?post=58271"}],"version-history":[{"count":0,"href":"http:\/\/hoycordobaweb.com\/index.php\/wp-json\/wp\/v2\/posts\/58271\/revisions"}],"wp:featuredmedia":[{"embeddable":true,"href":"http:\/\/hoycordobaweb.com\/index.php\/wp-json\/wp\/v2\/media\/58272"}],"wp:attachment":[{"href":"http:\/\/hoycordobaweb.com\/index.php\/wp-json\/wp\/v2\/media?parent=58271"}],"wp:term":[{"taxonomy":"category","embeddable":true,"href":"http:\/\/hoycordobaweb.com\/index.php\/wp-json\/wp\/v2\/categories?post=58271"},{"taxonomy":"post_tag","embeddable":true,"href":"http:\/\/hoycordobaweb.com\/index.php\/wp-json\/wp\/v2\/tags?post=58271"}],"curies":[{"name":"wp","href":"https:\/\/api.w.org\/{rel}","templated":true}]}}