{"id":58204,"date":"2023-04-10T22:43:00","date_gmt":"2023-04-10T22:43:00","guid":{"rendered":"http:\/\/hoycordobaweb.com\/index.php\/2023\/04\/10\/rechazaron-un-amparo-presentado-por-diputados-opositores-para-frenar-el-canje-de-bonos\/"},"modified":"2023-04-10T22:43:00","modified_gmt":"2023-04-10T22:43:00","slug":"rechazaron-un-amparo-presentado-por-diputados-opositores-para-frenar-el-canje-de-bonos","status":"publish","type":"post","link":"http:\/\/hoycordobaweb.com\/index.php\/2023\/04\/10\/rechazaron-un-amparo-presentado-por-diputados-opositores-para-frenar-el-canje-de-bonos\/","title":{"rendered":"Rechazaron un amparo presentado por diputados opositores para frenar el canje de bonos"},"content":{"rendered":"<p><img src=\"http:\/\/hoycordobaweb.com\/wp-content\/uploads\/2023\/04\/rechazaron-un-amparo-presentado-por-diputados-opositores-para-frenar-el-canje-de-bonos.jpg\"><\/p>\n<figure class=\"mb-3\"><img loading=\"lazy\" data-src=\"http:\/\/hoycordobaweb.com\/wp-content\/uploads\/2023\/04\/rechazaron-un-amparo-presentado-por-diputados-opositores-para-frenar-el-canje-de-bonos-2.jpg\" src=\"https:\/\/www.telam.com.ar\/assets\/img\/not_image.png\" class=\" lazy \" width=\"100%\" height=\"100%\" alt=\"La Justicia rechaz un amparo de diputados de la oposicin que complicaba el canje de bonos en dlares del sector pblico\"><figcaption> La Justicia rechaz\u00f3 un amparo de diputados de la oposici\u00f3n que complicaba el canje de bonos en d\u00f3lares del sector p\u00fablico. <\/figcaption><\/figure>\n<p><strong>La Justicia rechaz\u00f3 este lunes el amparo que un grupo de diputados opositores -encabezados por Graciela Oca\u00f1a y Hern\u00e1n Lombardi- presentaron con el objetivo de suspender la aplicaci\u00f3n de los decretos que oficializaron el canje de bonos<\/strong> en el sector p\u00fablico.<\/p>\n<p>La medida oficial <strong>estableci\u00f3 el intercambio de los bonos en d\u00f3lares bajo ley extranjera (globales) <\/strong>que se encuentra en poder de organismos del sector p\u00fablico nacional por t\u00edtulos en pesos.<\/p>\n<p>En el marco del expediente 13681\/2023, la Justicia en lo Contencioso Administrativo Federal <strong>rechaz\u00f3 que los legisladores tengan legitimaci\u00f3n sustentada en la calidad de Diputadas y Diputados de la Naci\u00f3n,<\/strong> entendiendo que esa figura parlamentaria no los avala para actuar en resguardo de la divisi\u00f3n de poderes, se\u00f1alaron a T\u00e9lam fuentes judiciales.<\/p>\n<p>De la presentaci\u00f3n judicial tambi\u00e9n <strong>participaron los diputados de Juntos por el Cambio, Pablo Torello; Ana Clara Romero; Virginia Cornejo; Gabriel Mraida; Fernando Iglesias; Soher El Sukaria; Ingrid Jetter; Sabrina Ajmechet; Mar\u00eda In\u00e9s Quiroz; Jos\u00e9 N\u00fa\u00f1ez; Dina Rezinovsky; y Alejandro Finnocchiaro.<\/strong><\/p>\n<p>Tambi\u00e9n suscribieron el amparo<strong> los jubilados Jes\u00fas Mar\u00eda Silveyra, Nieves Irma N\u00fa\u00f1ez, Julio C\u00e9sar Marsano y Lidia Greco.<\/strong><\/p>\n<p>Respecto a estos \u00faltimos,<strong> la Justicia en los Contencioso Administrativo objet\u00f3 la intervenci\u00f3n de los jubilados y jubiladas entendiendo que este car\u00e1cter \u201cno confiere legitimaci\u00f3n suficiente para ocurrir a la jurisdicci\u00f3n,<\/strong> pues la invocaci\u00f3n de tal condici\u00f3n sin la demostraci\u00f3n de un perjuicio concreto, es insuficiente para sostener la legitimaci\u00f3n a los fines de impugnar la constitucionalidad de una norma (Fallos: 306:1125 \u00abBaeza\u00bb)\u00bb.<\/p>\n<figure class=\"mb-3\"><img loading=\"lazy\" data-src=\"http:\/\/hoycordobaweb.com\/wp-content\/uploads\/2023\/04\/rechazaron-un-amparo-presentado-por-diputados-opositores-para-frenar-el-canje-de-bonos-3.jpg\" src=\"https:\/\/www.telam.com.ar\/assets\/img\/not_image.png\" class=\" lazy \" width=\"100%\" height=\"100%\" alt=\"Hernn Lombardi encabez al grupo de diputados opositores que intent frenar el canje de bonos en dlares del sector pblico\"><figcaption> Hern\u00e1n Lombardi encabez\u00f3 al grupo de diputados opositores que intent\u00f3 frenar el canje de bonos en d\u00f3lares del sector p\u00fablico. <\/figcaption><\/figure>\n<p>Por \u00faltimo, la Justicia resalt\u00f3 que \u201cen la medida que la actora no demuestra la existencia de un inter\u00e9s concreto, inmediato y sustancial propio, <strong>corresponde rechazar in limine la acci\u00f3n intentada.<\/strong> No basta cualquier inter\u00e9s, sino que se torna indispensable un inter\u00e9s calificado\u201d para poder tomar cartas en el asunto.<\/p>\n<p>Por esta serie de motivos, <strong>el fallo resolvi\u00f3 \u201cRechazar in limine la demanda incoada<\/strong> (arts. 2\u00ba de la Ley 27, 3\u00b0 y 17 de la Ley 16.986 y art. 337 del C\u00f3digo Procesal Civil y Comercial de la Naci\u00f3n)\u201d.<\/p>\n<p>Los legisladores y los jubilados hab\u00edan solicitado que, <strong>con car\u00e1cter de medida cautelar urgente, se efectivizara la suspensi\u00f3n de lo dispuesto en el Decreto 163\/2023 y en los art\u00edculos 2 y 3 del Decreto 164\/2023.<\/strong><\/p>\n<p>El Gobierno oficializ\u00f3 a trav\u00e9s de esas normas <strong>la instrumentaci\u00f3n de un canje de US$ 4.000 millones en bonos bajo ley extranjera (globales) que se encuentran en poder de organismos del sector p\u00fablico nacional por t\u00edtulos en pesos ajustable por CER,<\/strong> d\u00f3lar o duales; y la incorporaci\u00f3n de los bonos en d\u00f3lares bajo ley local (bonares) en la operatoria de d\u00f3lar CCL.<\/p>\n<p>El objetivo de la medida, seg\u00fan indic\u00f3 el Palacio de Hacienda en su momento,<strong> fue darle mayor profundidad al mercado con el que se opera d\u00f3lar CCL y, al mismo tiempo, darle instrumentos al Tesoro y al Banco Central para actuar en el mercado de cambios financiero para evitar saltos en la brecha.<\/strong> <\/p>\n","protected":false},"excerpt":{"rendered":"<p>La Justicia rechaz\u00f3 un amparo de diputados de la oposici\u00f3n que complicaba el canje de bonos en d\u00f3lares del sector p\u00fablico. La Justicia rechaz\u00f3 este lunes el amparo que un grupo de diputados opositores -encabezados por Graciela Oca\u00f1a y Hern\u00e1n Lombardi- presentaron con el objetivo de suspender la aplicaci\u00f3n de los decretos que oficializaron el [&hellip;]<\/p>\n","protected":false},"author":1,"featured_media":58205,"comment_status":"open","ping_status":"closed","sticky":false,"template":"","format":"standard","meta":[],"categories":[19],"tags":[],"_links":{"self":[{"href":"http:\/\/hoycordobaweb.com\/index.php\/wp-json\/wp\/v2\/posts\/58204"}],"collection":[{"href":"http:\/\/hoycordobaweb.com\/index.php\/wp-json\/wp\/v2\/posts"}],"about":[{"href":"http:\/\/hoycordobaweb.com\/index.php\/wp-json\/wp\/v2\/types\/post"}],"author":[{"embeddable":true,"href":"http:\/\/hoycordobaweb.com\/index.php\/wp-json\/wp\/v2\/users\/1"}],"replies":[{"embeddable":true,"href":"http:\/\/hoycordobaweb.com\/index.php\/wp-json\/wp\/v2\/comments?post=58204"}],"version-history":[{"count":0,"href":"http:\/\/hoycordobaweb.com\/index.php\/wp-json\/wp\/v2\/posts\/58204\/revisions"}],"wp:featuredmedia":[{"embeddable":true,"href":"http:\/\/hoycordobaweb.com\/index.php\/wp-json\/wp\/v2\/media\/58205"}],"wp:attachment":[{"href":"http:\/\/hoycordobaweb.com\/index.php\/wp-json\/wp\/v2\/media?parent=58204"}],"wp:term":[{"taxonomy":"category","embeddable":true,"href":"http:\/\/hoycordobaweb.com\/index.php\/wp-json\/wp\/v2\/categories?post=58204"},{"taxonomy":"post_tag","embeddable":true,"href":"http:\/\/hoycordobaweb.com\/index.php\/wp-json\/wp\/v2\/tags?post=58204"}],"curies":[{"name":"wp","href":"https:\/\/api.w.org\/{rel}","templated":true}]}}