{"id":58174,"date":"2023-04-10T11:38:14","date_gmt":"2023-04-10T11:38:14","guid":{"rendered":"https:\/\/www.espinof.com\/trailers\/llega-dia-muerte-manifest-netflix-desvela-fecha-estreno-primer-trailer-episodios-finales-serie"},"modified":"2023-04-10T11:38:14","modified_gmt":"2023-04-10T11:38:14","slug":"llega-el-dia-de-la-muerte-en-manifest-netflix-desvela-la-fecha-de-estreno-y-un-primer-trailer-de-los-episodios-finales-de-la-serie","status":"publish","type":"post","link":"http:\/\/hoycordobaweb.com\/index.php\/2023\/04\/10\/llega-el-dia-de-la-muerte-en-manifest-netflix-desvela-la-fecha-de-estreno-y-un-primer-trailer-de-los-episodios-finales-de-la-serie\/","title":{"rendered":"Llega el d\u00eda de la muerte en &#8216;Manifest&#8217;: Netflix desvela la fecha de estreno y un primer tr\u00e1iler de los episodios finales de la serie"},"content":{"rendered":"<p>Seguidores del vuelo 828, llega el final de las aventuras de sus pasajeros y el misterio que les rodea. <a href=\"http:\/\/netflix.com\/\">Netflix <\/a>ha desvelado el primer tr\u00e1iler y la fecha de estreno de la <strong>segunda parte de la temporada 4<\/strong> de &#8216;<a href=\"https:\/\/www.espinof.com\/criticas\/a-manifest-le-falta-ambicion-necesaria-para-ser-nueva-gran-caja-misterios-que-promete\">Manifest<\/a>&#8216;. Y ojo, que el d\u00eda es uno que todos los fans tienen grabados en la cabeza.<\/p>\n<p><!-- BREAK 1 --><\/p>\n<p>Y es que la plataforma estrenar\u00e1 esta \u00faltima tanda de diez episodios <strong>el 2 de junio<\/strong>, el mism\u00edsimo \u00abd\u00eda de la muerte\u00bb. O, si hablamos correctamente, ser\u00eda justo un a\u00f1o antes de esa apocal\u00edptica y volc\u00e1nica fecha en 2024. El d\u00eda en que todos los pasajeros del vuelo mueren.<\/p>\n<p><!-- BREAK 2 --> <\/p>\n<div class=\"article-asset article-asset-normal article-asset-center\">\n<div class=\"desvio-container\">\n<div class=\"desvio\">\n<div class=\"desvio-figure js-desvio-figure\"> <a href=\"https:\/\/www.espinof.com\/listas\/que-ver-te-gusta-1899-tres-series-misterio-ciencia-ficcion-ambiciosas-complejas-como-ultimo-estreno-creadores-dark-netflix\"> <img alt=\"Qu\u00e9 ver si te gusta '1899': tres series de misterio y ciencia ficci\u00f3n tan ambiciosas y complejas como el \u00faltimo estreno de los creadores de 'Dark' en Netflix\" src=\"http:\/\/hoycordobaweb.com\/wp-content\/uploads\/2023\/04\/llega-el-dia-de-la-muerte-en-manifest-netflix-desvela-la-fecha-de-estreno-y-un-primer-trailer-de-los-episodios-finales-de-la-serie.jpg\"> <\/a> <\/div><\/div><\/div>\n<\/div>\n<h2>En busca de sobrevivir<\/h2>\n<p>Que sobrevivan o no al predicho desastre es algo que tendremos que ver en la \u00faltima tanda de episodios. En ellos<strong> veremos las consecuencias de la apertura de la fisura volc\u00e1nica por parte de Angelina<\/strong> y c\u00f3mo esto lleva a los pasajeros del 828 sin mucho margen de maniobra ante la severa supervisi\u00f3n y escrutinio a la que se enfrentar\u00e1n. Algo que cambiar\u00e1 tras un accidente misterioso.<\/p>\n<p><!-- BREAK 3 --><\/p>\n<p><strong>Melissa Roxburgh, Josh Dallas, J.R. Ramirez, Luna Blaise, Parveen Kaur, Matt Long, Holly Taylor, Daryl Edwards y Ty Doran<\/strong> son los miembros del reparto principal. Jeff Rake seguir\u00e1 en sus labores de showrunner para esta temporada final de &#8216;Manifest&#8217;.<\/p>\n<p><!-- BREAK 4 --><\/p>\n<p>En Espinof | <a href=\"https:\/\/www.espinof.com\/criticas\/yellowjackets-aumenta-su-dosis-macabra-su-soberbia-temporada-2-thriller-misterio-regresa-a-movistar-plus-plena-forma\">&#8216;Yellowjackets&#8217; aumenta su dosis macabra en una soberbia temporada 2: el esperad\u00edsimo thriller de misterio regresa en plena forma<\/a><\/p>\n<p><!-- BREAK 5 --> <\/p>\n","protected":false},"excerpt":{"rendered":"<p>Seguidores del vuelo 828, llega el final de las aventuras de sus pasajeros y el misterio que les rodea. Netflix ha desvelado el primer tr\u00e1iler y la fecha de estreno de la segunda parte de la temporada 4 de &#8216;Manifest&#8216;. Y ojo, que el d\u00eda es uno que todos los fans tienen grabados en la [&hellip;]<\/p>\n","protected":false},"author":1,"featured_media":58175,"comment_status":"open","ping_status":"closed","sticky":false,"template":"","format":"standard","meta":[],"categories":[10],"tags":[],"_links":{"self":[{"href":"http:\/\/hoycordobaweb.com\/index.php\/wp-json\/wp\/v2\/posts\/58174"}],"collection":[{"href":"http:\/\/hoycordobaweb.com\/index.php\/wp-json\/wp\/v2\/posts"}],"about":[{"href":"http:\/\/hoycordobaweb.com\/index.php\/wp-json\/wp\/v2\/types\/post"}],"author":[{"embeddable":true,"href":"http:\/\/hoycordobaweb.com\/index.php\/wp-json\/wp\/v2\/users\/1"}],"replies":[{"embeddable":true,"href":"http:\/\/hoycordobaweb.com\/index.php\/wp-json\/wp\/v2\/comments?post=58174"}],"version-history":[{"count":0,"href":"http:\/\/hoycordobaweb.com\/index.php\/wp-json\/wp\/v2\/posts\/58174\/revisions"}],"wp:featuredmedia":[{"embeddable":true,"href":"http:\/\/hoycordobaweb.com\/index.php\/wp-json\/wp\/v2\/media\/58175"}],"wp:attachment":[{"href":"http:\/\/hoycordobaweb.com\/index.php\/wp-json\/wp\/v2\/media?parent=58174"}],"wp:term":[{"taxonomy":"category","embeddable":true,"href":"http:\/\/hoycordobaweb.com\/index.php\/wp-json\/wp\/v2\/categories?post=58174"},{"taxonomy":"post_tag","embeddable":true,"href":"http:\/\/hoycordobaweb.com\/index.php\/wp-json\/wp\/v2\/tags?post=58174"}],"curies":[{"name":"wp","href":"https:\/\/api.w.org\/{rel}","templated":true}]}}