{"id":5815,"date":"2020-11-21T14:39:10","date_gmt":"2020-11-21T14:39:10","guid":{"rendered":"http:\/\/ladecimaweb.com\/?p=7403"},"modified":"2020-11-21T14:39:10","modified_gmt":"2020-11-21T14:39:10","slug":"info-coronavirus-murieron-69-ninos-en-el-pais-y-record-de-casos-en-ee-uu","status":"publish","type":"post","link":"http:\/\/hoycordobaweb.com\/index.php\/2020\/11\/21\/info-coronavirus-murieron-69-ninos-en-el-pais-y-record-de-casos-en-ee-uu\/","title":{"rendered":"Info coronavirus: murieron 69 ni\u00f1os en el pa\u00eds y r\u00e9cord de casos en EE.UU"},"content":{"rendered":"<p><strong>Contagios pa\u00eds<\/strong><\/p>\n<p>Otras 261 personas murieron y 9.608 fueron reportadas con coronavirus en las \u00faltimas 24 horas en la Argentina, mientras un estudio realizado por la Universidad de Oxford evidenci\u00f3 que las personas infectadas tienen pocas posibilidades de volver a contraer la enfermedad por lo menos en los siguientes seis meses. Con las cifras oficiales informadas el n\u00famero total de fallecidos desde el inicio de la pandemia se elev\u00f3 a 36.790, en tanto que los contagiados suman 1.359.042, de los cuales 1.177.819 ya recibi\u00f3 el alta.<\/p>\n<p><strong>Muertes de ni\u00f1os<\/strong><\/p>\n<p>Unos 8.080 menores de 18 a\u00f1os se infectaron con coronavirus, lo que representa el 6,6 por ciento del total de casos en el pa\u00eds, de los cuales 69 fallecieron y 285 requirieron internaci\u00f3n en terapia intensiva, seg\u00fan la informaci\u00f3n oficial. La media de edad de los chicos contagiados es de 14 a\u00f1os, y 5.357 pacientes fueron de menos de un a\u00f1o, lo que representa por debajo del 5 por ciento de los casos confirmados en la poblaci\u00f3n en general. En tanto, del total de los casos en menores de 18 a\u00f1os, 51 por ciento fueron en mujeres y 48,7% en varones. Los s\u00edntomas m\u00e1s frecuentes fueron los respiratorios (40%), respiratorios y neurol\u00f3gicos (23%), solo neurol\u00f3gicos (13%), respiratorios y gastroenterol\u00f3gicos (10%) y respiratorio, neurol\u00f3gico y gastroentorol\u00f3gico (6%)<strong>,<\/strong> mientas que el resto se dio con diferentes combinaciones.<\/p>\n<p><strong>Vacuna rusa<\/strong><\/p>\n<p>El jefe de Gabinete, Santiago Cafiero, revel\u00f3 que el Gobierno nacional tiene la &#8220;expectativa de estar firmando el contrato la semana que viene&#8221; para la provisi\u00f3n de la vacuna rusa contra el coronavirus. &#8220;Viene avanzando muy bien el tema y, en particular, desde la conversaci\u00f3n que mantuvo el presidente Alberto Fern\u00e1ndez con el presidente de Rusia&#8221; Vladimir Putin, dijo esta ma\u00f1ana Cafiero en declaraciones a Radio 10.<\/p>\n<p><strong>R\u00e9cord en EE.UU y Rusia<\/strong><\/p>\n<p>Estados Unidos registr\u00f3 195.542 nuevos casos de coronavirus en las \u00faltimas 24 horas y rompi\u00f3 su r\u00e9cord por segundo d\u00eda consecutivo en medio de su tercer y peor pico de la enfermedad, seg\u00fan datos de la Universidad Johns Hopkins. El pa\u00eds m\u00e1s afectado por la pandemia notific\u00f3 adem\u00e1s otras 1.878 muertes por el virus en el mismo periodo, agreg\u00f3 la universidad de Estados Unidos, cuya base de datos se actualiza permanentemente.<\/p>\n<p>Rusia report\u00f3 en las \u00faltimas 24 horas 24.318 nuevos casos y 461 muertos, lo que supone un nuevo r\u00e9cord en el balance diario de contagios, seg\u00fan los datos publicados hoy por el centro ruso responsable de la lucha local contra el virus. &#8220;En las \u00faltimas 24 horas en Rusia se confirmaron 24.318 casos de Covid-19 en las 85 regiones, incluidos 5.923 asintom\u00e1ticos&#8221;, afirm\u00f3 el organismo, en un comunicado reproducido por la agencia de noticias rusa Sputnik.<\/p>\n<p><strong>Pulgar para abajo<\/strong><\/p>\n<p>La Organizaci\u00f3n Mundial de la Salud (OMS) recomend\u00f3 este viernes que los pacientes con coronavirus hospitalizados no reciban tratamiento con remdesivir por considerar que este medicamento antiviral no evita las muertes ni las formas graves de la enfermedad. &#8220;El medicamento antiviral remdesivir no es aconsejable para los pacientes hospitalizados a causa de Covid-19, sea cual sea la gravedad de su enfermedad, ya que actualmente no hay ninguna prueba que demuestre que mejora la supervivencia ni permita evitar la respiraci\u00f3n asistida&#8221;, dijo la OMS en un comunicado.<\/p>\n<p><strong>Pfizer hace punta<\/strong><\/p>\n<p>El grupo farmac\u00e9utico estadounidense Pfizer y su socio alem\u00e1n BioNTech presentaron ante la agencia de medicamentos de ese pa\u00eds (FDA) una solicitud de autorizaci\u00f3n para la comercializaci\u00f3n de su vacuna contra el coronavirus, convirti\u00e9ndose en los primeros fabricantes en hacerlo en Estados Unidos y Europa. El anuncio era esperado desde hace varios d\u00edas, tras la publicaci\u00f3n de los resultados del ensayo cl\u00ednico en marcha desde julio con 44.000 voluntarios en varios pa\u00edses, seg\u00fan los cuales la vacuna tendr\u00eda una eficacia del 95%, sin efectos secundarios graves, seg\u00fan inform\u00f3 AFP.<\/p>\n<p><strong>Rendida ante la ciencia<\/strong><\/p>\n<p>La religi\u00f3n se rinde ante la contenci\u00f3n de la ciencia luego de que el papa Francisco agradeciera a los m\u00e9dicos y enfermeros por su trabajo durante la pandemia de coronavirus y por estar cerca de los enfermos con \u201cternura\u201d y \u201cprofesionalidad\u201d, en un mensaje difundido por la Comisi\u00f3n Episcopal para la Pastoral de la Salud con motivo de celebrarse los d\u00edas de la Enfermer\u00eda y del M\u00e9dico. \u201cQuiero estar cercano a todos los m\u00e9dicos y enfermeros y enfermeras especialmente en este momento en que la pandemia los llama a estar cerca de hombres y mujeres que sufren&#8221;, dijo el Papa.<\/p>\n<p><strong>Rebrote chino<\/strong><\/p>\n<p>Un corredor a\u00e9reo previsto entre Hong Kong y Singapur fue suspendido este s\u00e1bado, un d\u00eda antes de su lanzamiento, despu\u00e9s de que la ciudad semiaut\u00f3noma del sur de China anunciara un aumento repentino de casos de coronavirus. Esta &#8216;burbuja&#8217; a\u00e9rea iba a ser lanzada el domingo por la ma\u00f1ana, pero Hong Kong anunci\u00f3 que el proyecto ten\u00eda que ser aplazado dos semanas debido a un aumento de los contagios de coronavirus.<\/p>\n<p><strong>Segunda ola francesa<\/strong><\/p>\n<p>El organismo de Salud de Francia dijo hoy que el pa\u00eds parece haber superado el pico de la segunda ola de la pandemia de coronavirus, aunque advirti\u00f3 a los ciudadanos que la situaci\u00f3n sigue siendo delicada. &#8220;Pese a que los indicadores se mantienen en niveles altos, su observaci\u00f3n sugiere que el pico epid\u00e9mico de la segunda ola fue superado&#8221;, afirm\u00f3 la agencia en un comunicado, que atribuy\u00f3 la mejor\u00eda al confinamiento y el toque de queda que rigen en el pa\u00eds.<\/p>\n<div class=\"ubm_banner\"><a href=\"https:\/\/www.cba.gov.ar\/cordoba-rosa-2020\/%20\" target=\"_blank\" rel=\"dofollow noopener noreferrer\"><img src=\"http:\/\/hoycordobaweb.com\/wp-content\/uploads\/2020\/11\/info-coronavirus-murieron-69-ninos-en-el-pais-y-record-de-casos-en-ee-uu.gif\" alt=\"\"><\/a><\/div>\n<p>La entrada <a rel=\"nofollow\" href=\"https:\/\/ladecimaweb.com\/info-coronavirus-en-el-pais-y-el-mundo-murieron-69-ninos-en-el-pais-y-record-de-casos-en-ee-uu\/\">Info coronavirus: murieron 69 ni\u00f1os en el pa\u00eds y r\u00e9cord de casos en EE.UU<\/a> se public\u00f3 primero en <a rel=\"nofollow\" href=\"https:\/\/ladecimaweb.com\">LaDecima<\/a>.<\/p>\n","protected":false},"excerpt":{"rendered":"<p>Contagios pa\u00eds Otras 261 personas murieron y 9.608 fueron reportadas con coronavirus en las \u00faltimas 24 horas en la Argentina, mientras un estudio realizado por la Universidad de Oxford evidenci\u00f3 que las personas infectadas tienen pocas posibilidades de volver a contraer la enfermedad por lo menos en los siguientes seis meses. Con las cifras oficiales [&hellip;]<\/p>\n","protected":false},"author":1,"featured_media":5816,"comment_status":"closed","ping_status":"closed","sticky":false,"template":"","format":"standard","meta":[],"categories":[19],"tags":[],"_links":{"self":[{"href":"http:\/\/hoycordobaweb.com\/index.php\/wp-json\/wp\/v2\/posts\/5815"}],"collection":[{"href":"http:\/\/hoycordobaweb.com\/index.php\/wp-json\/wp\/v2\/posts"}],"about":[{"href":"http:\/\/hoycordobaweb.com\/index.php\/wp-json\/wp\/v2\/types\/post"}],"author":[{"embeddable":true,"href":"http:\/\/hoycordobaweb.com\/index.php\/wp-json\/wp\/v2\/users\/1"}],"replies":[{"embeddable":true,"href":"http:\/\/hoycordobaweb.com\/index.php\/wp-json\/wp\/v2\/comments?post=5815"}],"version-history":[{"count":0,"href":"http:\/\/hoycordobaweb.com\/index.php\/wp-json\/wp\/v2\/posts\/5815\/revisions"}],"wp:featuredmedia":[{"embeddable":true,"href":"http:\/\/hoycordobaweb.com\/index.php\/wp-json\/wp\/v2\/media\/5816"}],"wp:attachment":[{"href":"http:\/\/hoycordobaweb.com\/index.php\/wp-json\/wp\/v2\/media?parent=5815"}],"wp:term":[{"taxonomy":"category","embeddable":true,"href":"http:\/\/hoycordobaweb.com\/index.php\/wp-json\/wp\/v2\/categories?post=5815"},{"taxonomy":"post_tag","embeddable":true,"href":"http:\/\/hoycordobaweb.com\/index.php\/wp-json\/wp\/v2\/tags?post=5815"}],"curies":[{"name":"wp","href":"https:\/\/api.w.org\/{rel}","templated":true}]}}