{"id":58148,"date":"2023-04-09T16:30:44","date_gmt":"2023-04-09T16:30:44","guid":{"rendered":"https:\/\/www.ole.com.ar\/ecuador\/fuera-de-juego\/valladolid-ronaldo-nazario-canticos-contra-presidente-y-federacion_0_h4PMx6xC6j.html"},"modified":"2023-04-09T16:30:44","modified_gmt":"2023-04-09T16:30:44","slug":"ronaldo-vete-ya-valladolid-enfurecido-contra-la-federacion-y-nazario","status":"publish","type":"post","link":"http:\/\/hoycordobaweb.com\/index.php\/2023\/04\/09\/ronaldo-vete-ya-valladolid-enfurecido-contra-la-federacion-y-nazario\/","title":{"rendered":"\u00abRonaldo vete ya\u00bb: Valladolid enfurecido contra la Federaci\u00f3n y Nazario"},"content":{"rendered":"<p><img src=\"http:\/\/hoycordobaweb.com\/wp-content\/uploads\/2023\/04\/ronaldo-vete-ya-valladolid-enfurecido-contra-la-federacion-y-nazario.jpg\"><\/p>\n<p><time class=\"createDate\" datetime=\"2023-04-9T13:30:44-03:00\">9\/04\/2023 13:30hs.<\/time><time class=\"modificatedDate\" datetime=\"2023\/04\/9T13:30:44-03:00\"><\/time><\/p>\n<div id=\"storyBody\">\n<div class=\"custom-text \" readability=\"32.88654353562\">\n<p>Violeta, pero de rabia est\u00e1 el p\u00fablico del <a href=\"https:\/\/www.ole.com.ar\/tema\/real-valladolid.html\" title=\"Real Valladolid\" alt=\"Real Valladolid\" class=\"slug\">Valladolid<\/a>. Esto por la magra campa\u00f1a que atraviesa el equipo del ecuatoriano <a href=\"https:\/\/www.ole.com.ar\/tema\/gonzalo-plata.html\" title=\"Gonzalo Plata\" alt=\"Gonzalo Plata\" class=\"slug\">Gonzalo Plata<\/a>, que lo tiene en el puesto 16 de la tabla con apenas 29 unidades de 84 posibles. Y este domingo de Pascua no fue una Semana Santa para el Pucela, <a href=\"https:\/\/www.ole.com.ar\/ecuador\/internacional\/gonzalo-plata-valladolid-espana-mallorca-partido_0_x7l8569EHz.html\" target=\"_blank\" rel=\"noopener noreferrer\">que igual\u00f3 3-3 con Mallorca<\/a> y <strong>desde las tribunas hubo un clima tenso para con Ronaldo Nazario.<\/strong><\/p>\n<\/div>\n<div class=\"custom-text \" readability=\"41\">\n<p>El hist\u00f3rico brasile\u00f1o es el director deportivo y mandatario de la instituci\u00f3n de Castilla y Le\u00f3n. Todo comenz\u00f3 en agosto del 2018, cuando se transform\u00f3 en accionista mayoritario y presidente del club, tras la compra del 51% de las acciones. Un n\u00famero que se elev\u00f3 a 72,7% en diciembre de 2019. Si bien lo futbol\u00edstico todav\u00eda es una cuenta pendiente, desde su llegada, Ronaldo gener\u00f3 impactantes crecimientos en marketing e ingresos, que se vieron directamente reflejados en las arcas. Pero los hinchas piden m\u00e1s. <\/p>\n<\/div>\n<div class=\"sc-a7166897-0 fTvehT\" readability=\"6.5\">\n<section readability=\"3\"><picture><img alt=\"Pascua festiva para Neymar: qui\u00e9n es Bruna Biancardi, su novia influencer \" src=\"http:\/\/hoycordobaweb.com\/wp-content\/uploads\/2023\/04\/ronaldo-vete-ya-valladolid-enfurecido-contra-la-federacion-y-nazario-2.jpg\" width=\"29\" height=\"29\" decoding=\"async\" data-nimg=\"future\" loading=\"lazy\"><\/picture>\n<p><span>Mir\u00e1 tambi\u00e9n<\/span><\/p>\n<hr>\n<h3>Pascua festiva para Neymar: qui\u00e9n es Bruna Biancardi, su novia influencer <\/h3>\n<\/p>\n<\/section>\n<\/div>\n<div class=\"sc-a7166897-0 fTvehT\" readability=\"6.5\">\n<section readability=\"3\"><picture><img alt=\"Haaland, imparable: m\u00e1s letal que ocho equipos de la Premier\" src=\"http:\/\/hoycordobaweb.com\/wp-content\/uploads\/2023\/04\/ronaldo-vete-ya-valladolid-enfurecido-contra-la-federacion-y-nazario-3.jpg\" width=\"29\" height=\"29\" decoding=\"async\" data-nimg=\"future\" loading=\"lazy\"><\/picture>\n<p><span>Mir\u00e1 tambi\u00e9n<\/span><\/p>\n<hr>\n<h3>Haaland, imparable: m\u00e1s letal que ocho equipos de la Premier<\/h3>\n<\/p>\n<\/section>\n<\/div>\n<div class=\"sc-a7166897-0 fTvehT\" readability=\"6.5\">\n<section readability=\"3\"><picture><img alt=\"Lo pidieron nacionalizar para la selecci\u00f3n de Chile, \u00a1pero su hija no quiere!\" src=\"http:\/\/hoycordobaweb.com\/wp-content\/uploads\/2023\/04\/ronaldo-vete-ya-valladolid-enfurecido-contra-la-federacion-y-nazario-4.jpg\" width=\"29\" height=\"29\" decoding=\"async\" data-nimg=\"future\" loading=\"lazy\"><\/picture>\n<p><span>Mir\u00e1 tambi\u00e9n<\/span><\/p>\n<hr>\n<h3>Lo pidieron nacionalizar para la selecci\u00f3n de Chile, \u00a1pero su hija no quiere!<\/h3>\n<\/p>\n<\/section>\n<\/div>\n<div class=\"sc-996041c8-0 iUjELL\"><img alt=\"Mallorca se lo empat\u00f3 en la \u00faltima.\" src=\"http:\/\/hoycordobaweb.com\/wp-content\/uploads\/2023\/04\/ronaldo-vete-ya-valladolid-enfurecido-contra-la-federacion-y-nazario-5.jpg\" width=\"72\" height=\"10\" decoding=\"async\" data-nimg=\"future\" loading=\"lazy\"><span>Mallorca se lo empat\u00f3 en la \u00faltima.<\/span><\/div>\n<div class=\"custom-text \" readability=\"36\">\n<p>Durante el encuentro en el Estadio Jos\u00e9 Zorrilla, se escucharon en varios tramos del partido el c\u00e1ntico <strong>\u00ab\u00a1Ronaldo vete ya!\u00bb<\/strong>, acompa\u00f1ado de pancartas que dieron vuelta en las \u00faltimas semanas las instalaciones del club. <\/p>\n<\/div>\n<div class=\"sc-a7166897-0 fTvehT\" readability=\"6\">\n<section readability=\"2\"><picture><img alt=\"Videos: del cruce entre hinchadas con botes en el T\u00e1mesis al nocaut en el tren\" src=\"http:\/\/hoycordobaweb.com\/wp-content\/uploads\/2023\/04\/ronaldo-vete-ya-valladolid-enfurecido-contra-la-federacion-y-nazario-6.jpg\" width=\"29\" height=\"29\" decoding=\"async\" data-nimg=\"future\" loading=\"lazy\"><\/picture>\n<p><span>Mir\u00e1 tambi\u00e9n<\/span><\/p>\n<hr>\n<h3>Videos: del cruce entre hinchadas con botes en el T\u00e1mesis al nocaut en el tren<\/h3>\n<\/p>\n<\/section>\n<\/div>\n<div class=\"sc-996041c8-0 iUjELL\"><img alt=\"Lo tiene cortito a Ronaldo. (Foto: @DiarioAS).\" src=\"http:\/\/hoycordobaweb.com\/wp-content\/uploads\/2023\/04\/ronaldo-vete-ya-valladolid-enfurecido-contra-la-federacion-y-nazario-7.jpg\" width=\"72\" height=\"10\" decoding=\"async\" data-nimg=\"future\" loading=\"lazy\"><span>Lo tiene cortito a Ronaldo. (Foto: @DiarioAS).<\/span><\/div>\n<div class=\"sc-996041c8-0 iUjELL\"><img alt=\"El enojo de los hinchas. (Foto: @Valladolid1984)\" src=\"http:\/\/hoycordobaweb.com\/wp-content\/uploads\/2023\/04\/ronaldo-vete-ya-valladolid-enfurecido-contra-la-federacion-y-nazario-8.jpg\" width=\"72\" height=\"10\" decoding=\"async\" data-nimg=\"future\" loading=\"lazy\"><span>El enojo de los hinchas. (Foto: @Valladolid1984)<\/span><\/div>\n<div class=\"sc-996041c8-0 iUjELL\"><img alt=\"El enojo de los hinchas. (Foto: @Valladolid1984)\" src=\"http:\/\/hoycordobaweb.com\/wp-content\/uploads\/2023\/04\/ronaldo-vete-ya-valladolid-enfurecido-contra-la-federacion-y-nazario-9.jpg\" width=\"72\" height=\"10\" decoding=\"async\" data-nimg=\"future\" loading=\"lazy\"><span>El enojo de los hinchas. (Foto: @Valladolid1984)<\/span><\/div>\n<div class=\"sc-a7166897-0 fTvehT\" readability=\"6\">\n<section readability=\"2\"><picture><img alt=\"Esc\u00e1ndalo en Turqu\u00eda: un entrenador intent\u00f3 ahorcar a un rival\" src=\"http:\/\/hoycordobaweb.com\/wp-content\/uploads\/2023\/04\/ronaldo-vete-ya-valladolid-enfurecido-contra-la-federacion-y-nazario-10.jpg\" width=\"29\" height=\"29\" decoding=\"async\" data-nimg=\"future\" loading=\"lazy\"><\/picture>\n<p><span>Mir\u00e1 tambi\u00e9n<\/span><\/p>\n<hr>\n<h3>Esc\u00e1ndalo en Turqu\u00eda: un entrenador intent\u00f3 ahorcar a un rival<\/h3>\n<\/p>\n<\/section>\n<\/div>\n<div class=\"custom-text \" readability=\"38\">\n<p><strong> \u00abQueridos Reyes Magos: \u00a1Devolvednos el escudo!\u00bb<\/strong>, se vio escrito, haciendo referencia al cambio de escudo que realiz\u00f3 el club en el mes de junio cuando decidi\u00f3 modernizar la identificaci\u00f3n del conjunto espa\u00f1ol.<strong> \u00abRonaldo defiende al Real \u00bfMadrid? \u00a1Valladolid! 84\u2033<\/strong>, fue otra de las pintadas. El enojo se debe a que el crack brasile\u00f1o no alza la voz p\u00fablicamente para defender los intereses de la instituci\u00f3n sino que lo hace con los jugadores del Real Madrid. \u00bfEl \u00faltimo caso? Sus declaraciones en contra del racismo que sufri\u00f3 Vin\u00edcius Junior.<\/p>\n<\/div>\n<div class=\"sc-996041c8-0 iUjELL\"><img alt=\"Compa\u00f1eros de plata fueron silbados en los cambios.\" src=\"http:\/\/hoycordobaweb.com\/wp-content\/uploads\/2023\/04\/ronaldo-vete-ya-valladolid-enfurecido-contra-la-federacion-y-nazario-11.jpg\" width=\"72\" height=\"10\" decoding=\"async\" data-nimg=\"future\" loading=\"lazy\"><span>Compa\u00f1eros de plata fueron silbados en los cambios.<\/span><\/div>\n<div class=\"custom-text \" readability=\"34\">\n<p>No es la primera vez que pasa algo as\u00ed. Hace dos temporadas aparecieron carteles en donde le reclamaban al presidente que dejara de jugar al tenis y se concentrar\u00e1 en el club espa\u00f1ol: <strong>\u00abRonaldo- tenis+ trabajo. Sergio fuera ya\u00bb.<\/strong><\/p>\n<\/div>\n<div class=\"sc-996041c8-0 iUjELL\"><img alt=\"Ronaldo, el principal apuntado.\" src=\"http:\/\/hoycordobaweb.com\/wp-content\/uploads\/2023\/04\/ronaldo-vete-ya-valladolid-enfurecido-contra-la-federacion-y-nazario-12.jpg\" width=\"72\" height=\"10\" decoding=\"async\" data-nimg=\"future\" loading=\"lazy\"><span>Ronaldo, el principal apuntado.<\/span><\/div>\n<div class=\"custom-text \" readability=\"34\">\n<p>Claro est\u00e1 que el clima no es el mejor dentro del Viola y encima los hinchas se la agarraron contra la Real Federaci\u00f3n Espa\u00f1ola de F\u00fatbol: \u201cCorrupci\u00f3n en la federaci\u00f3n\u201d. Esto contra el tiempo a\u00f1adido y el pol\u00e9mico penal cobrado a favor de Mallorca. <\/p>\n<\/div>\n<div class=\"custom-embedhtml\" readability=\"5.8672199170124\">\n<blockquote class=\"twitter-tweet\" readability=\"5.8672199170124\">\n<p lang=\"es\" dir=\"ltr\">\ud83d\udca5Tremendo enfado al finalizar el partido en el Jos\u00e9 Zorrilla a grito de \u201cCorrupci\u00f3n en la federaci\u00f3n\u201d tras el penalti pitado y el problema con el tiempo de descuento. <a href=\"https:\/\/t.co\/mtYe5Yhlhp\">pic.twitter.com\/mtYe5Yhlhp<\/a><\/p>\n<p>\u2014 Borja (@borjaperezp) <a href=\"https:\/\/twitter.com\/borjaperezp\/status\/1645065135835213825?ref_src=twsrc%5Etfw\">April 9, 2023<\/a><\/p><\/blockquote><\/div>\n<div class=\"sc-a7166897-0 fTvehT\" readability=\"7\">\n<section readability=\"4\"><picture><img alt=\"Testigo en la discoteca: qui\u00e9n es el chef, la \u00fanica persona que visita semanalmente a Dani Alves\" src=\"http:\/\/hoycordobaweb.com\/wp-content\/uploads\/2023\/04\/ronaldo-vete-ya-valladolid-enfurecido-contra-la-federacion-y-nazario-13.jpg\" width=\"29\" height=\"29\" decoding=\"async\" data-nimg=\"future\" loading=\"lazy\"><\/picture>\n<p><span>Mir\u00e1 tambi\u00e9n<\/span><\/p>\n<hr>\n<h3>Testigo en la discoteca: qui\u00e9n es el chef, la \u00fanica persona que visita semanalmente a Dani Alves<\/h3>\n<\/p>\n<\/section>\n<\/div>\n<div class=\"custom-embedhtml\" readability=\"5.093023255814\">\n<blockquote class=\"twitter-tweet\" readability=\"4.2441860465116\">\n<p lang=\"es\" dir=\"ltr\">Zorrilla grita Ronaldo VETE YA<\/p>\n<p>\u2014 Pasi\u00f3n Violeta \ud83e\udd8a (@Pasion_Violeta) <a href=\"https:\/\/twitter.com\/Pasion_Violeta\/status\/1645053259105681410?ref_src=twsrc%5Etfw\">April 9, 2023<\/a><\/p><\/blockquote><\/div>\n<p><h2>Debut\u00f3 el DT, sin triunfo<\/h2>\n<\/p>\n<div class=\"custom-text \" readability=\"38\">\n<p>Tras la goleada sufrida por 6-0 ante Real Madrid el \u00faltimo fin de semana, Valladolid despdi\u00f3 a Pacheta, entrenador con el que hab\u00eda logrado el regreso a Primera Divisi\u00f3n, y el Fen\u00f3meno se la jug\u00f3 por un conocido en el Cruzeiro de Brasil:<strong> el uruguayo Paulo Pezzolano. <\/strong>Para \u00e9l no fue un estreno feliz porque lo ganaba 3-2 y se lo empataron en el cuarto minuto a\u00f1adido a trav\u00e9s de un pol\u00e9mico penal. <\/p>\n<\/div>\n<div class=\"custom-text \" readability=\"41\">\n<p>\u00abSe dio as\u00ed. Fue un partido diferente al que se esperaba, pero estoy tranquilo, porque me deja cosas buenas, como esa capacidad para rebelarse que ha tenido el equipo, superando ese 1-2, que ha sido incre\u00edble que pasara y que es lo que hay que mejorar\u00bb, explic\u00f3 el nacido en Montevideo en conferencia.<\/p>\n<\/div>\n<div class=\"sc-996041c8-0 iUjELL\"><img alt=\"Javier Aguirre y el entrenador Paulo Pezzolano, del Valladolid.\" src=\"http:\/\/hoycordobaweb.com\/wp-content\/uploads\/2023\/04\/ronaldo-vete-ya-valladolid-enfurecido-contra-la-federacion-y-nazario-14.jpg\" width=\"72\" height=\"10\" decoding=\"async\" data-nimg=\"future\" loading=\"lazy\"><span>Javier Aguirre y el entrenador Paulo Pezzolano, del Valladolid.<\/span><\/div>\n<div class=\"sc-a7166897-0 fTvehT\" readability=\"7\">\n<section readability=\"4\"><picture><img alt=\"Flamengo preocupado por Vidal: operado por una infecci\u00f3n, se pierde la final del Carioca\" src=\"http:\/\/hoycordobaweb.com\/wp-content\/uploads\/2023\/04\/ronaldo-vete-ya-valladolid-enfurecido-contra-la-federacion-y-nazario-15.jpg\" width=\"29\" height=\"29\" decoding=\"async\" data-nimg=\"future\" loading=\"lazy\"><\/picture>\n<p><span>Mir\u00e1 tambi\u00e9n<\/span><\/p>\n<hr>\n<h3>Flamengo preocupado por Vidal: operado por una infecci\u00f3n, se pierde la final del Carioca<\/h3>\n<\/p>\n<\/section>\n<\/div>\n<div class=\"custom-text \" readability=\"39\">\n<p>Tambi\u00e9n destac\u00f3 \u00ablos cambios, c\u00f3mo entraron, a darlo todo, porque en un equipo todos son importantes, los que est\u00e1n dentro y los que est\u00e1n en el banco\u00bb. y advirti\u00f3: <strong>\u00abUna cosa es que pegue en la mano, y otra que sea penal\u00bb.<\/strong><\/p>\n<\/div>\n<div class=\"custom-text \" readability=\"41\">\n<p>Al hilo del tiempo a\u00f1adido, el entrenador uruguayo indic\u00f3 que \u00abel \u00e1rbitro tambi\u00e9n es un ser humano y se equivoca, no dejando m\u00e1s minutos, y con el penal, porque la pelota peg\u00f3 en la mano de Larin, pero el VAR se sale del contexto y no se fija en el movimiento del jugador, en que no es un acto voluntario\u00bb.<\/p>\n<\/div>\n<div class=\"sc-a7166897-0 fTvehT\" readability=\"6\">\n<section readability=\"2\"><picture><img alt=\"Neymar se recupera: charla con el espejo y mucha onda en Brasil\" src=\"http:\/\/hoycordobaweb.com\/wp-content\/uploads\/2023\/04\/ronaldo-vete-ya-valladolid-enfurecido-contra-la-federacion-y-nazario-16.jpg\" width=\"29\" height=\"29\" decoding=\"async\" data-nimg=\"future\" loading=\"lazy\"><\/picture>\n<p><span>Mir\u00e1 tambi\u00e9n<\/span><\/p>\n<hr>\n<h3>Neymar se recupera: charla con el espejo y mucha onda en Brasil<\/h3>\n<\/p>\n<\/section>\n<\/div>\n<\/div>\n","protected":false},"excerpt":{"rendered":"<p>9\/04\/2023 13:30hs. Violeta, pero de rabia est\u00e1 el p\u00fablico del Valladolid. Esto por la magra campa\u00f1a que atraviesa el equipo del ecuatoriano Gonzalo Plata, que lo tiene en el puesto 16 de la tabla con apenas 29 unidades de 84 posibles. Y este domingo de Pascua no fue una Semana Santa para el Pucela, que [&hellip;]<\/p>\n","protected":false},"author":1,"featured_media":58149,"comment_status":"open","ping_status":"closed","sticky":false,"template":"","format":"standard","meta":[],"categories":[16],"tags":[],"_links":{"self":[{"href":"http:\/\/hoycordobaweb.com\/index.php\/wp-json\/wp\/v2\/posts\/58148"}],"collection":[{"href":"http:\/\/hoycordobaweb.com\/index.php\/wp-json\/wp\/v2\/posts"}],"about":[{"href":"http:\/\/hoycordobaweb.com\/index.php\/wp-json\/wp\/v2\/types\/post"}],"author":[{"embeddable":true,"href":"http:\/\/hoycordobaweb.com\/index.php\/wp-json\/wp\/v2\/users\/1"}],"replies":[{"embeddable":true,"href":"http:\/\/hoycordobaweb.com\/index.php\/wp-json\/wp\/v2\/comments?post=58148"}],"version-history":[{"count":0,"href":"http:\/\/hoycordobaweb.com\/index.php\/wp-json\/wp\/v2\/posts\/58148\/revisions"}],"wp:featuredmedia":[{"embeddable":true,"href":"http:\/\/hoycordobaweb.com\/index.php\/wp-json\/wp\/v2\/media\/58149"}],"wp:attachment":[{"href":"http:\/\/hoycordobaweb.com\/index.php\/wp-json\/wp\/v2\/media?parent=58148"}],"wp:term":[{"taxonomy":"category","embeddable":true,"href":"http:\/\/hoycordobaweb.com\/index.php\/wp-json\/wp\/v2\/categories?post=58148"},{"taxonomy":"post_tag","embeddable":true,"href":"http:\/\/hoycordobaweb.com\/index.php\/wp-json\/wp\/v2\/tags?post=58148"}],"curies":[{"name":"wp","href":"https:\/\/api.w.org\/{rel}","templated":true}]}}