{"id":58103,"date":"2023-04-08T12:27:30","date_gmt":"2023-04-08T12:27:30","guid":{"rendered":"https:\/\/www.mujerhoy.com\/moda\/no-te-pierdas\/paula-echevarria-mejores-looks-primark-instagram-actriz-mejor-vestida-20230407005323-nt.html"},"modified":"2023-04-08T12:27:30","modified_gmt":"2023-04-08T12:27:30","slug":"los-siete-looks-de-paula-echevarria-para-cada-dia-de-la-semana-espectaculares-vestidos-pantalones-masculinos-y-muchos-accesorios-estrenar-la-nueva-temporada","status":"publish","type":"post","link":"http:\/\/hoycordobaweb.com\/index.php\/2023\/04\/08\/los-siete-looks-de-paula-echevarria-para-cada-dia-de-la-semana-espectaculares-vestidos-pantalones-masculinos-y-muchos-accesorios-estrenar-la-nueva-temporada\/","title":{"rendered":"Los siete looks de Paula Echevarr\u00eda para cada d\u00eda de la semana: espectaculares vestidos, pantalones masculinos y muchos accesorios estrenar la nueva temporada"},"content":{"rendered":"<p><!-- AUTHOR --><\/p>\n<div class=\"voc-author-timesocial \"><!-- AUTHOR --><\/p>\n<div class=\"voc-author-timesocial__signature\"><!-- IMAGE AUTHOR --><picture class=\"voc-image-signature\"><img class=\"voc-image-signature__img\" src=\"http:\/\/hoycordobaweb.com\/wp-content\/uploads\/2023\/04\/los-siete-looks-de-paula-echevarria-para-cada-dia-de-la-semana-espectaculares-vestidos-pantalones-masculinos-y-muchos-accesorios-estrenar-la-nueva-temporada.jpg\" alt=\"Gemma Cano\"><\/picture><!-- INFO AUTHOR --><\/div>\n<\/div>\n<p><!-- COMPONENTS --><\/p>\n<p class=\"voc-paragraph\">El estilo de Paula Echevarr\u00eda es uno de los m\u00e1s aplaudidos e imitados desde hace a\u00f1os. Aunque en su d\u00eda a d\u00eda, le encanta llevar <strong>combinaciones b\u00e1sicas<\/strong>, como la de camiseta y vaqueros, todos sus looks tienen un punto de <a data-voc-vtm-id=\"in-text-traffic\" href=\"https:\/\/www.mujerhoy.com\/moda\/no-te-pierdas\/carmen-gimeno-vestidos-midi-zara-nueva-coleccion-favoritos-look-secretos-estilo-famosas-modelos-20230228102732-nt.html\">tendencia<\/a>. Para las <strong>ocasiones especiales<\/strong>, la actriz se atreve con todo tipo de prendas y accesorios, que siempre van acompa\u00f1ados por impecables looks beauty. Aqu\u00ed est\u00e1n algunas de <a data-voc-vtm-id=\"in-text-traffic\" href=\"https:\/\/www.mujerhoy.com\/moda\/no-te-pierdas\/sassa-osma-vestidos-camisas-zara-massimo-dutti-secretos-estilo-famosas-modelos-novedades-primavera-20230306015605-nt.html\">las mejores propuestas de entretiempo<\/a> de Paula Echevarr\u00eda.\n<\/p>\n<div class=\"voc-detail-photo-zoom\"><picture data-toggle=\"modal\" data-target=\"#photoZoomModal-112\" target=\"modal\">\n<div class=\"voc-img-icon-link\"><img loading=\"lazy\" data-original=\"\/\/static1.mujerhoy.com\/www\/multimedia\/202304\/07\/media\/cortadas\/chaqueta-paula-echevarria-zara-primark-kE6H--460x637@MujerHoy.jpg\" class=\"lazy\" alt=\"Lunes: El traje masculino\"><noscript><img src=\"http:\/\/hoycordobaweb.com\/wp-content\/uploads\/2023\/04\/los-siete-looks-de-paula-echevarria-para-cada-dia-de-la-semana-espectaculares-vestidos-pantalones-masculinos-y-muchos-accesorios-estrenar-la-nueva-temporada-1.jpg\" alt=\"Lunes: El traje masculino\"><\/noscript><i class=\"voc-icons zoom voc-multimedia-box voc-ico-l\"><\/i><\/div><figcaption class=\"figure-caption\">Lunes: El traje masculino<\/figcaption><\/picture><\/div>\n<div id=\"photoZoomModal-112\" class=\"voc-lightbox modal fade voc-lightbox--photo-zoom\" role=\"dialog\" data-voc-photozoom-lightbox>\n<div class=\"voc-lightbox__dialog\" role=\"document\">\n<div class=\"voc-lightbox__content\"><!-- Modal header --><!-- Modal content --><\/p>\n<div class=\"voc-lightbox__photo-container\"><picture class><img loading=\"lazy\" data-original=\"\/\/static1.mujerhoy.com\/www\/multimedia\/202304\/07\/media\/cortadas\/chaqueta-paula-echevarria-zara-primark-kE6H--460x637@MujerHoy.jpg\" alt=\"Lunes: El traje masculino\" class=\"lazy\"><noscript><img src=\"http:\/\/hoycordobaweb.com\/wp-content\/uploads\/2023\/04\/los-siete-looks-de-paula-echevarria-para-cada-dia-de-la-semana-espectaculares-vestidos-pantalones-masculinos-y-muchos-accesorios-estrenar-la-nueva-temporada-1.jpg\" alt=\"Lunes: El traje masculino\"><\/noscript><\/picture><\/div>\n<\/div>\n<\/div>\n<\/div>\n<p><h3 class=\"voc-detail__title\"> Lunes: El traje masculino<br \/>\n<\/h3>\n<\/p>\n<p class=\"voc-paragraph\">Como embajadora de Primark, Paula Echevarr\u00eda acaba de lanzar una colecci\u00f3n c\u00e1psula de primavera. <\/p>\n<p class=\"voc-paragraph\">Truco de estilo: tener un buen fondo de armario es la base para conseguir un look de nota. Si est\u00e1s buscando un traje sastre, pero tienes un presupuesto reducido, busca una alternativa m\u00e1s econ\u00f3mica en la nueva colecci\u00f3n de Primark.\n<\/p>\n<div class=\"voc-detail-photo-zoom\"><picture data-toggle=\"modal\" data-target=\"#photoZoomModal-876\" target=\"modal\">\n<div class=\"voc-img-icon-link\"><img loading=\"lazy\" data-original=\"\/\/static3.mujerhoy.com\/www\/multimedia\/202304\/07\/media\/cortadas\/vaqueros-paula-echevarria-zara-primark-kE6H--460x637@MujerHoy.jpg\" class=\"lazy\" alt=\"Martes: La chaqueta estampada\"><noscript><img src=\"http:\/\/hoycordobaweb.com\/wp-content\/uploads\/2023\/04\/los-siete-looks-de-paula-echevarria-para-cada-dia-de-la-semana-espectaculares-vestidos-pantalones-masculinos-y-muchos-accesorios-estrenar-la-nueva-temporada-2.jpg\" alt=\"Martes: La chaqueta estampada\"><\/noscript><i class=\"voc-icons zoom voc-multimedia-box voc-ico-l\"><\/i><\/div><figcaption class=\"figure-caption\">Martes: La chaqueta estampada<\/figcaption><\/picture><\/div>\n<div id=\"photoZoomModal-876\" class=\"voc-lightbox modal fade voc-lightbox--photo-zoom\" role=\"dialog\" data-voc-photozoom-lightbox>\n<div class=\"voc-lightbox__dialog\" role=\"document\">\n<div class=\"voc-lightbox__content\"><!-- Modal header --><!-- Modal content --><\/p>\n<div class=\"voc-lightbox__photo-container\"><picture class><img loading=\"lazy\" data-original=\"\/\/static3.mujerhoy.com\/www\/multimedia\/202304\/07\/media\/cortadas\/vaqueros-paula-echevarria-zara-primark-kE6H--460x637@MujerHoy.jpg\" alt=\"Martes: La chaqueta estampada\" class=\"lazy\"><noscript><img src=\"http:\/\/hoycordobaweb.com\/wp-content\/uploads\/2023\/04\/los-siete-looks-de-paula-echevarria-para-cada-dia-de-la-semana-espectaculares-vestidos-pantalones-masculinos-y-muchos-accesorios-estrenar-la-nueva-temporada-2.jpg\" alt=\"Martes: La chaqueta estampada\"><\/noscript><\/picture><\/div>\n<\/div>\n<\/div>\n<\/div>\n<p><h3 class=\"voc-detail__title\"> Martes: La chaqueta estampada<br \/>\n<\/h3>\n<\/p>\n<p class=\"voc-paragraph\">Paula Echevarr\u00eda tiene una gran colecci\u00f3n de chaquetas estampadas de aires \u00e9tnicos. Las de color rosa son sus favoritas. <\/p>\n<p class=\"voc-paragraph\">Truco de estilo: este tipo de chaquetas son perfectas para lucir con vaqueros. Elige un dise\u00f1o flare y olv\u00eddate de los pitillos.\n<\/p>\n<div class=\"voc-detail-photo-zoom\"><picture data-toggle=\"modal\" data-target=\"#photoZoomModal-33\" target=\"modal\">\n<div class=\"voc-img-icon-link\"><img loading=\"lazy\" data-original=\"\/\/static.mujerhoy.com\/www\/multimedia\/202304\/07\/media\/cortadas\/jersey-paula-echevarria-zara-primark-kE6H--460x637@MujerHoy.jpg\" class=\"lazy\" alt=\"Mi\u00e9rcoles: Crochet de primavera\"><noscript><img src=\"http:\/\/hoycordobaweb.com\/wp-content\/uploads\/2023\/04\/los-siete-looks-de-paula-echevarria-para-cada-dia-de-la-semana-espectaculares-vestidos-pantalones-masculinos-y-muchos-accesorios-estrenar-la-nueva-temporada-3.jpg\" alt=\"Mi\u00e9rcoles: Crochet de primavera\"><\/noscript><i class=\"voc-icons zoom voc-multimedia-box voc-ico-l\"><\/i><\/div><figcaption class=\"figure-caption\">Mi\u00e9rcoles: Crochet de primavera<\/figcaption><\/picture><\/div>\n<div id=\"photoZoomModal-33\" class=\"voc-lightbox modal fade voc-lightbox--photo-zoom\" role=\"dialog\" data-voc-photozoom-lightbox>\n<div class=\"voc-lightbox__dialog\" role=\"document\">\n<div class=\"voc-lightbox__content\"><!-- Modal header --><!-- Modal content --><\/p>\n<div class=\"voc-lightbox__photo-container\"><picture class><img loading=\"lazy\" data-original=\"\/\/static.mujerhoy.com\/www\/multimedia\/202304\/07\/media\/cortadas\/jersey-paula-echevarria-zara-primark-kE6H--460x637@MujerHoy.jpg\" alt=\"Mi\u00e9rcoles: Crochet de primavera\" class=\"lazy\"><noscript><img src=\"http:\/\/hoycordobaweb.com\/wp-content\/uploads\/2023\/04\/los-siete-looks-de-paula-echevarria-para-cada-dia-de-la-semana-espectaculares-vestidos-pantalones-masculinos-y-muchos-accesorios-estrenar-la-nueva-temporada-3.jpg\" alt=\"Mi\u00e9rcoles: Crochet de primavera\"><\/noscript><\/picture><\/div>\n<\/div>\n<\/div>\n<\/div>\n<p><h3 class=\"voc-detail__title\"> Mi\u00e9rcoles: Crochet de primavera<br \/>\n<\/h3>\n<\/p>\n<p class=\"voc-paragraph\">En su d\u00eda a d\u00eda, Paula suele llevar estilismos muy sencillos, con vaqueros y prendas de punto caladas. La clave de su \u00e9xito est\u00e1 en elegir piezas originales. <\/p>\n<p class=\"voc-paragraph\">Truco de estilo: la combinaci\u00f3n de blanco y negro es siempre infalible. Busca un jersey de crochet y ll\u00e9valo con tus vaqueros favoritos.\n<\/p>\n<div class=\"voc-detail-photo-zoom\"><picture data-toggle=\"modal\" data-target=\"#photoZoomModal-826\" target=\"modal\">\n<div class=\"voc-img-icon-link\"><img loading=\"lazy\" data-original=\"\/\/static1.mujerhoy.com\/www\/multimedia\/202304\/07\/media\/cortadas\/sandalias-paula-echevarria-zara-primark-kE6H--460x637@MujerHoy.jpg\" class=\"lazy\" alt=\"Jueves: Nuevas reglas\"><noscript><img src=\"http:\/\/hoycordobaweb.com\/wp-content\/uploads\/2023\/04\/los-siete-looks-de-paula-echevarria-para-cada-dia-de-la-semana-espectaculares-vestidos-pantalones-masculinos-y-muchos-accesorios-estrenar-la-nueva-temporada-4.jpg\" alt=\"Jueves: Nuevas reglas\"><\/noscript><i class=\"voc-icons zoom voc-multimedia-box voc-ico-l\"><\/i><\/div><figcaption class=\"figure-caption\">Jueves: Nuevas reglas<\/figcaption><\/picture><\/div>\n<div id=\"photoZoomModal-826\" class=\"voc-lightbox modal fade voc-lightbox--photo-zoom\" role=\"dialog\" data-voc-photozoom-lightbox>\n<div class=\"voc-lightbox__dialog\" role=\"document\">\n<div class=\"voc-lightbox__content\"><!-- Modal header --><!-- Modal content --><\/p>\n<div class=\"voc-lightbox__photo-container\"><picture class><img loading=\"lazy\" data-original=\"\/\/static1.mujerhoy.com\/www\/multimedia\/202304\/07\/media\/cortadas\/sandalias-paula-echevarria-zara-primark-kE6H--460x637@MujerHoy.jpg\" alt=\"Jueves: Nuevas reglas\" class=\"lazy\"><noscript><img src=\"http:\/\/hoycordobaweb.com\/wp-content\/uploads\/2023\/04\/los-siete-looks-de-paula-echevarria-para-cada-dia-de-la-semana-espectaculares-vestidos-pantalones-masculinos-y-muchos-accesorios-estrenar-la-nueva-temporada-4.jpg\" alt=\"Jueves: Nuevas reglas\"><\/noscript><\/picture><\/div>\n<\/div>\n<\/div>\n<\/div>\n<p><h3 class=\"voc-detail__title\"> Jueves: Nuevas reglas<br \/>\n<\/h3>\n<\/p>\n<p class=\"voc-paragraph\">Aunque poco a poco los term\u00f3metros ir\u00e1n subiendo, todav\u00eda quedan d\u00edas de entretiempo por delante. Toma nota de la propuesta de Paula Echevarr\u00eda. <\/p>\n<p class=\"voc-paragraph\">Truco de estilo: si quieres lucir un estilismo a medio camino entre las dos estaciones, sigue los pasos de la propuesta de Paula Echevarr\u00eda. Chaqueta de tweed, pantalones vaqueros y accesorios b\u00e1sicos de color negro.\n<\/p>\n<div class=\"voc-detail-photo-zoom\"><picture data-toggle=\"modal\" data-target=\"#photoZoomModal-158\" target=\"modal\">\n<div class=\"voc-img-icon-link\"><img loading=\"lazy\" data-original=\"\/\/static2.mujerhoy.com\/www\/multimedia\/202304\/07\/media\/cortadas\/vestido-paula-echevarria-zara-primark-kE6H--460x637@MujerHoy.jpg\" class=\"lazy\" alt=\"Viernes: El poder del rosa\"><noscript><img src=\"http:\/\/hoycordobaweb.com\/wp-content\/uploads\/2023\/04\/los-siete-looks-de-paula-echevarria-para-cada-dia-de-la-semana-espectaculares-vestidos-pantalones-masculinos-y-muchos-accesorios-estrenar-la-nueva-temporada-5.jpg\" alt=\"Viernes: El poder del rosa\"><\/noscript><i class=\"voc-icons zoom voc-multimedia-box voc-ico-l\"><\/i><\/div><figcaption class=\"figure-caption\">Viernes: El poder del rosa<\/figcaption><\/picture><\/div>\n<div id=\"photoZoomModal-158\" class=\"voc-lightbox modal fade voc-lightbox--photo-zoom\" role=\"dialog\" data-voc-photozoom-lightbox>\n<div class=\"voc-lightbox__dialog\" role=\"document\">\n<div class=\"voc-lightbox__content\"><!-- Modal header --><!-- Modal content --><\/p>\n<div class=\"voc-lightbox__photo-container\"><picture class><img loading=\"lazy\" data-original=\"\/\/static2.mujerhoy.com\/www\/multimedia\/202304\/07\/media\/cortadas\/vestido-paula-echevarria-zara-primark-kE6H--460x637@MujerHoy.jpg\" alt=\"Viernes: El poder del rosa\" class=\"lazy\"><noscript><img src=\"http:\/\/hoycordobaweb.com\/wp-content\/uploads\/2023\/04\/los-siete-looks-de-paula-echevarria-para-cada-dia-de-la-semana-espectaculares-vestidos-pantalones-masculinos-y-muchos-accesorios-estrenar-la-nueva-temporada-5.jpg\" alt=\"Viernes: El poder del rosa\"><\/noscript><\/picture><\/div>\n<\/div>\n<\/div>\n<\/div>\n<p><h3 class=\"voc-detail__title\"> Viernes: El poder del rosa<br \/>\n<\/h3>\n<\/p>\n<p class=\"voc-paragraph\">Con el buen tiempo, llegan las primeras fiestas al aire libre. Apuesta por un look de entretiempo en rosa fucsia. <\/p>\n<p class=\"voc-paragraph\">Truco de estilo: Un mini vestido drapeado y de manga larga ser\u00e1 tu mejor compa\u00f1ero para los d\u00edas de primavera.\n<\/p>\n<div class=\"voc-detail-photo-zoom\"><picture data-toggle=\"modal\" data-target=\"#photoZoomModal-810\" target=\"modal\">\n<div class=\"voc-img-icon-link\"><img loading=\"lazy\" data-original=\"\/\/static2.mujerhoy.com\/www\/multimedia\/202304\/07\/media\/cortadas\/vestidos-paula-echevarria-zara-primark-kE6H--460x637@MujerHoy.jpg\" class=\"lazy\" alt=\"S\u00e1bado: El vestido satinado\"><noscript><img src=\"http:\/\/hoycordobaweb.com\/wp-content\/uploads\/2023\/04\/los-siete-looks-de-paula-echevarria-para-cada-dia-de-la-semana-espectaculares-vestidos-pantalones-masculinos-y-muchos-accesorios-estrenar-la-nueva-temporada-6.jpg\" alt=\"S\u00e1bado: El vestido satinado\"><\/noscript><i class=\"voc-icons zoom voc-multimedia-box voc-ico-l\"><\/i><\/div><figcaption class=\"figure-caption\">S\u00e1bado: El vestido satinado<\/figcaption><\/picture><\/div>\n<div id=\"photoZoomModal-810\" class=\"voc-lightbox modal fade voc-lightbox--photo-zoom\" role=\"dialog\" data-voc-photozoom-lightbox>\n<div class=\"voc-lightbox__dialog\" role=\"document\">\n<div class=\"voc-lightbox__content\"><!-- Modal header --><!-- Modal content --><\/p>\n<div class=\"voc-lightbox__photo-container\"><picture class><img loading=\"lazy\" data-original=\"\/\/static2.mujerhoy.com\/www\/multimedia\/202304\/07\/media\/cortadas\/vestidos-paula-echevarria-zara-primark-kE6H--460x637@MujerHoy.jpg\" alt=\"S\u00e1bado: El vestido satinado\" class=\"lazy\"><noscript><img src=\"http:\/\/hoycordobaweb.com\/wp-content\/uploads\/2023\/04\/los-siete-looks-de-paula-echevarria-para-cada-dia-de-la-semana-espectaculares-vestidos-pantalones-masculinos-y-muchos-accesorios-estrenar-la-nueva-temporada-6.jpg\" alt=\"S\u00e1bado: El vestido satinado\"><\/noscript><\/picture><\/div>\n<\/div>\n<\/div>\n<\/div>\n<p><h3 class=\"voc-detail__title\"> S\u00e1bado: El vestido satinado<br \/>\n<\/h3>\n<\/p>\n<p class=\"voc-paragraph\">Si tienes alg\u00fan evento especial durante el fin de semana, copia sin miedo la propuesta de Paula Echevarr\u00eda <\/p>\n<p class=\"voc-paragraph\">Truco de estilo: Un vestido midi, en beige satinado, es todo lo que necesitas para triunfar esta temporada.\n<\/p>\n<div class=\"voc-detail-photo-zoom\"><picture data-toggle=\"modal\" data-target=\"#photoZoomModal-484\" target=\"modal\">\n<div class=\"voc-img-icon-link\"><img loading=\"lazy\" data-original=\"\/\/static2.mujerhoy.com\/www\/multimedia\/202304\/07\/media\/cortadas\/pantalones-paula-echevarria-zara-primark-kE6H--460x637@MujerHoy.jpg\" class=\"lazy\" alt=\"Domingo: C\u00f3modo y sofisticado\"><noscript><img src=\"http:\/\/hoycordobaweb.com\/wp-content\/uploads\/2023\/04\/los-siete-looks-de-paula-echevarria-para-cada-dia-de-la-semana-espectaculares-vestidos-pantalones-masculinos-y-muchos-accesorios-estrenar-la-nueva-temporada-7.jpg\" alt=\"Domingo: C\u00f3modo y sofisticado\"><\/noscript><i class=\"voc-icons zoom voc-multimedia-box voc-ico-l\"><\/i><\/div><figcaption class=\"figure-caption\">Domingo: C\u00f3modo y sofisticado<\/figcaption><\/picture><\/div>\n<div id=\"photoZoomModal-484\" class=\"voc-lightbox modal fade voc-lightbox--photo-zoom\" role=\"dialog\" data-voc-photozoom-lightbox>\n<div class=\"voc-lightbox__dialog\" role=\"document\">\n<div class=\"voc-lightbox__content\"><!-- Modal header --><!-- Modal content --><\/p>\n<div class=\"voc-lightbox__photo-container\"><picture class><img loading=\"lazy\" data-original=\"\/\/static2.mujerhoy.com\/www\/multimedia\/202304\/07\/media\/cortadas\/pantalones-paula-echevarria-zara-primark-kE6H--460x637@MujerHoy.jpg\" alt=\"Domingo: C\u00f3modo y sofisticado\" class=\"lazy\"><noscript><img src=\"http:\/\/hoycordobaweb.com\/wp-content\/uploads\/2023\/04\/los-siete-looks-de-paula-echevarria-para-cada-dia-de-la-semana-espectaculares-vestidos-pantalones-masculinos-y-muchos-accesorios-estrenar-la-nueva-temporada-7.jpg\" alt=\"Domingo: C\u00f3modo y sofisticado\"><\/noscript><\/picture><\/div>\n<\/div>\n<\/div>\n<\/div>\n<p><h3 class=\"voc-detail__title\"> Domingo: C\u00f3modo y sofisticado<br \/>\n<\/h3>\n<\/p>\n<p class=\"voc-paragraph\">La primavera es tiempo de planes m\u00e1s relajados. Copia el look b\u00e1sico pero efectivo de Paula Echevarr\u00eda. <\/p>\n<p class=\"voc-paragraph\">Truco de estilo: aunque puede parecer un look aparentemente f\u00e1cil de copiar, hay que cuidar los detalles para que el resultado sea bueno. La clave est\u00e1 en elegir prendas de corte impecable.\n<\/p>\n<p><!-- TOPICS --><\/p>\n","protected":false},"excerpt":{"rendered":"<p>El estilo de Paula Echevarr\u00eda es uno de los m\u00e1s aplaudidos e imitados desde hace a\u00f1os. Aunque en su d\u00eda a d\u00eda, le encanta llevar combinaciones b\u00e1sicas, como la de camiseta y vaqueros, todos sus looks tienen un punto de tendencia. Para las ocasiones especiales, la actriz se atreve con todo tipo de prendas y [&hellip;]<\/p>\n","protected":false},"author":1,"featured_media":58104,"comment_status":"closed","ping_status":"closed","sticky":false,"template":"","format":"standard","meta":[],"categories":[1],"tags":[],"_links":{"self":[{"href":"http:\/\/hoycordobaweb.com\/index.php\/wp-json\/wp\/v2\/posts\/58103"}],"collection":[{"href":"http:\/\/hoycordobaweb.com\/index.php\/wp-json\/wp\/v2\/posts"}],"about":[{"href":"http:\/\/hoycordobaweb.com\/index.php\/wp-json\/wp\/v2\/types\/post"}],"author":[{"embeddable":true,"href":"http:\/\/hoycordobaweb.com\/index.php\/wp-json\/wp\/v2\/users\/1"}],"replies":[{"embeddable":true,"href":"http:\/\/hoycordobaweb.com\/index.php\/wp-json\/wp\/v2\/comments?post=58103"}],"version-history":[{"count":0,"href":"http:\/\/hoycordobaweb.com\/index.php\/wp-json\/wp\/v2\/posts\/58103\/revisions"}],"wp:featuredmedia":[{"embeddable":true,"href":"http:\/\/hoycordobaweb.com\/index.php\/wp-json\/wp\/v2\/media\/58104"}],"wp:attachment":[{"href":"http:\/\/hoycordobaweb.com\/index.php\/wp-json\/wp\/v2\/media?parent=58103"}],"wp:term":[{"taxonomy":"category","embeddable":true,"href":"http:\/\/hoycordobaweb.com\/index.php\/wp-json\/wp\/v2\/categories?post=58103"},{"taxonomy":"post_tag","embeddable":true,"href":"http:\/\/hoycordobaweb.com\/index.php\/wp-json\/wp\/v2\/tags?post=58103"}],"curies":[{"name":"wp","href":"https:\/\/api.w.org\/{rel}","templated":true}]}}