{"id":58067,"date":"2023-04-08T00:46:10","date_gmt":"2023-04-08T00:46:10","guid":{"rendered":"https:\/\/fono.fcm.unc.edu.ar\/?p=10605"},"modified":"2023-04-08T00:46:10","modified_gmt":"2023-04-08T00:46:10","slug":"60-aniversario-7-de-abril-dia-mundial-de-la-salud-2023-salud-para-tods","status":"publish","type":"post","link":"http:\/\/hoycordobaweb.com\/index.php\/2023\/04\/08\/60-aniversario-7-de-abril-dia-mundial-de-la-salud-2023-salud-para-tods\/","title":{"rendered":"60\u00b0 Aniversario \u2013 7 de abril: D\u00eda Mundial de la Salud 2023, Salud para tod@s"},"content":{"rendered":"<h2 class=\"fusion-post-title\">60\u00b0 Aniversario \u2013 7 de abril: D\u00eda Mundial de la Salud 2023, Salud para tod@s<\/h2>\n<div class=\"post-content\" readability=\"44\">\n<p><img loading=\"lazy\" class=\"alignright size-fusion-400 wp-image-10607\" src=\"https:\/\/fono.fcm.unc.edu.ar\/wp-content\/uploads\/sites\/14\/2023\/04\/IMG-20230407-WA0004-400x400.jpg\" alt width=\"400\" height=\"400\" srcset=\"https:\/\/fono.fcm.unc.edu.ar\/wp-content\/uploads\/sites\/14\/2023\/04\/IMG-20230407-WA0004-66x66.jpg 66w, https:\/\/fono.fcm.unc.edu.ar\/wp-content\/uploads\/sites\/14\/2023\/04\/IMG-20230407-WA0004-150x150.jpg 150w, https:\/\/fono.fcm.unc.edu.ar\/wp-content\/uploads\/sites\/14\/2023\/04\/IMG-20230407-WA0004-200x200.jpg 200w, https:\/\/fono.fcm.unc.edu.ar\/wp-content\/uploads\/sites\/14\/2023\/04\/IMG-20230407-WA0004-300x300.jpg 300w, https:\/\/fono.fcm.unc.edu.ar\/wp-content\/uploads\/sites\/14\/2023\/04\/IMG-20230407-WA0004-400x400.jpg 400w, https:\/\/fono.fcm.unc.edu.ar\/wp-content\/uploads\/sites\/14\/2023\/04\/IMG-20230407-WA0004-600x600.jpg 600w, https:\/\/fono.fcm.unc.edu.ar\/wp-content\/uploads\/sites\/14\/2023\/04\/IMG-20230407-WA0004-768x768.jpg 768w, https:\/\/fono.fcm.unc.edu.ar\/wp-content\/uploads\/sites\/14\/2023\/04\/IMG-20230407-WA0004-800x800.jpg 800w, https:\/\/fono.fcm.unc.edu.ar\/wp-content\/uploads\/sites\/14\/2023\/04\/IMG-20230407-WA0004-1024x1024.jpg 1024w, https:\/\/fono.fcm.unc.edu.ar\/wp-content\/uploads\/sites\/14\/2023\/04\/IMG-20230407-WA0004.jpg 1080w\" sizes=\"(max-width: 400px) 100vw, 400px\">El D\u00eda Mundial de la Salud (DMS) que se celebra todos los a\u00f1os el 7 de abril, marca el aniversario de la fundaci\u00f3n de la Organizaci\u00f3n Mundial de la Salud (OMS)&nbsp; en 1948 y cada a\u00f1o se centra en un problema de la salud p\u00fablica espec\u00edfico. Adem\u00e1s de centrarse en el camino hacia el logro de la Salud para tod@s que es el lema de este a\u00f1o, la OMS celebrar\u00e1 este a\u00f1o su 75\u00b0 Aniversario bajo el lema \u00ab75 a\u00f1os mejorando la salud p\u00fablica\u00bb.<\/p>\n<p>El ingreso de la Fonoaudiolog\u00eda a las profesiones incluidas en el art\u00edculo 43 de la Ley de Educaci\u00f3n Superior, el marco legal que regula nuestro ejercicio profesional en el \u00e1mbito nacional y provincial y las propuestas de modificaci\u00f3n en curso cuentan de un crecimiento estructural y sostenido. La relaci\u00f3n salud y derechos resulta necesaria para el crecimiento profesional tanto en la formaci\u00f3n como en el trabajo en salud generando aportes en espacios interdisciplinarios, como integrantes del.equipo de salud y aportando a la atenci\u00f3n en salud de las personas en clave de equidad.<\/p>\n<\/p><\/div>\n","protected":false},"excerpt":{"rendered":"<p>60\u00b0 Aniversario \u2013 7 de abril: D\u00eda Mundial de la Salud 2023, Salud para tod@s El D\u00eda Mundial de la Salud (DMS) que se celebra todos los a\u00f1os el 7 de abril, marca el aniversario de la fundaci\u00f3n de la Organizaci\u00f3n Mundial de la Salud (OMS)&nbsp; en 1948 y cada a\u00f1o se centra en un [&hellip;]<\/p>\n","protected":false},"author":1,"featured_media":0,"comment_status":"closed","ping_status":"closed","sticky":false,"template":"","format":"standard","meta":[],"categories":[1],"tags":[],"_links":{"self":[{"href":"http:\/\/hoycordobaweb.com\/index.php\/wp-json\/wp\/v2\/posts\/58067"}],"collection":[{"href":"http:\/\/hoycordobaweb.com\/index.php\/wp-json\/wp\/v2\/posts"}],"about":[{"href":"http:\/\/hoycordobaweb.com\/index.php\/wp-json\/wp\/v2\/types\/post"}],"author":[{"embeddable":true,"href":"http:\/\/hoycordobaweb.com\/index.php\/wp-json\/wp\/v2\/users\/1"}],"replies":[{"embeddable":true,"href":"http:\/\/hoycordobaweb.com\/index.php\/wp-json\/wp\/v2\/comments?post=58067"}],"version-history":[{"count":0,"href":"http:\/\/hoycordobaweb.com\/index.php\/wp-json\/wp\/v2\/posts\/58067\/revisions"}],"wp:attachment":[{"href":"http:\/\/hoycordobaweb.com\/index.php\/wp-json\/wp\/v2\/media?parent=58067"}],"wp:term":[{"taxonomy":"category","embeddable":true,"href":"http:\/\/hoycordobaweb.com\/index.php\/wp-json\/wp\/v2\/categories?post=58067"},{"taxonomy":"post_tag","embeddable":true,"href":"http:\/\/hoycordobaweb.com\/index.php\/wp-json\/wp\/v2\/tags?post=58067"}],"curies":[{"name":"wp","href":"https:\/\/api.w.org\/{rel}","templated":true}]}}