{"id":58055,"date":"2023-04-07T17:00:45","date_gmt":"2023-04-07T17:00:45","guid":{"rendered":"https:\/\/www.trendencias.com\/diseno\/pepco-tiene-a-5-euros-alfombra-exterior-que-marcara-antes-despues-decoracion-tu-patio-terraza"},"modified":"2023-04-07T17:00:45","modified_gmt":"2023-04-07T17:00:45","slug":"pepco-tiene-a-5-euros-la-alfombra-de-exterior-que-marcara-un-antes-y-un-despues-en-la-decoracion-de-tu-patio-o-terraza","status":"publish","type":"post","link":"http:\/\/hoycordobaweb.com\/index.php\/2023\/04\/07\/pepco-tiene-a-5-euros-la-alfombra-de-exterior-que-marcara-un-antes-y-un-despues-en-la-decoracion-de-tu-patio-o-terraza\/","title":{"rendered":"Pepco tiene a 5 euros la alfombra de exterior que marcar\u00e1 un antes y un despu\u00e9s en la decoraci\u00f3n de tu patio o terraza"},"content":{"rendered":"<p>Tenemos comprobado que las zonas de exterior del hogar son el nuevo sal\u00f3n y la prueba es este accesorio que hemos encontrado <a href=\"https:\/\/www.trendencias.com\/diseno\/aldi-tiene-accesorio-coste-que-eleva-cualquier-patio-terraza-al-nivel-salon\">en Aldi<\/a> y, en esta ocasi\u00f3n, en Pepco. Y es que, habiendo entrado en la pimavera y el verano acechando, no solo necesitamos que nuestras terrazas y patios est\u00e9n <a href=\"https:\/\/www.trendencias.com\/diseno\/lidl-tiene-lampara-pie-inalambrica-que-convierte-tu-terraza-jardin-extension-tu-salon-tiene-efectos-luminosos\">bien iluminados<\/a>, <a href=\"https:\/\/www.trendencias.com\/diseno\/lidl-tiene-estanteria-plegable-que-redecorar-tu-terraza-esta-primavera-13-euros\">llenos de flores y plantas (en orden y armon\u00eda)<\/a>, <a href=\"https:\/\/www.trendencias.com\/diseno\/kave-home-tiene-a-muy-buen-precio-hamaca-plegable-yminimalista-que-envidian-todas-terrazas\">sean c\u00f3modos<\/a> y queden bien <a href=\"https:\/\/www.trendencias.com\/diseno\/aldi-tiene-protector-vallas-balcones-verjas-barato-facil-instalar-para-ganar-intimidad-tus-zonas-exterior\">protegidos de miradas indiscretas<\/a>&#8230;<strong> No obstante, tambi\u00e9n hay que cuidar la est\u00e9tica y la decoraci\u00f3n.<\/strong><\/p>\n<p><!-- BREAK 1 --><\/p>\n<div class=\"article-asset article-asset-normal article-asset-center\">\n<div class=\"desvio-container\">\n<div class=\"desvio\">\n<div class=\"desvio-figure js-desvio-figure\"> <a href=\"https:\/\/www.trendencias.com\/ecommerce\/nos-montamos-rincon-romantico-terraza-digno-bistro-paris-este-set-muebles-exterior-rebajados-outlet-corte-ingles\"> <img alt=\"Nos montamos un rinc\u00f3n rom\u00e1ntico en la terraza digno de un bistr\u00f3 de Par\u00eds con este set de muebles de exterior rebajados en el outlet de El Corte Ingl\u00e9s \" src=\"http:\/\/hoycordobaweb.com\/wp-content\/uploads\/2023\/04\/pepco-tiene-a-5-euros-la-alfombra-de-exterior-que-marcara-un-antes-y-un-despues-en-la-decoracion-de-tu-patio-o-terraza.jpg\"> <\/a> <\/div><\/div><\/div>\n<\/div>\n<p>Para ello, en Pepco, <a href=\"https:\/\/www.trendencias.com\/marcas\/asi-primark-polaco-que-tiene-70-tiendas-espana-barato-que-cadera-irlandesa\">el llamado \u00abPrimark polaco\u00bb<\/a>, cadena famosa por sus productos de calidad a bajo coste, hemos encontrado <strong>una alfombra de<\/strong> <strong>exterior a un precio imbatible.<\/strong><\/p>\n<p><!-- BREAK 2 --> <\/p>\n<p>Disponible en <strong>varios dise\u00f1os y colores<\/strong>, son alfombras estampadas de estilo portugu\u00e9s, el accesorio ideal para exteriores boho. Un estilo que destaca por su calidez, autenticidad y porque crea espacios muy acogedores.&nbsp;<\/p>\n<p><!-- BREAK 3 --><\/p>\n<div class=\"article-asset-image article-asset-normal article-asset-center\">\n<div class=\"asset-content\">\n<div class=\"caption-img \">\n<div class=\"base-wrapper-image\"> <img class=\"sf-lazy centro_sinmarco\" data-sf-srcset=\"http:\/\/hoycordobaweb.com\/wp-content\/uploads\/2023\/04\/pepco-tiene-a-5-euros-la-alfombra-de-exterior-que-marcara-un-antes-y-un-despues-en-la-decoracion-de-tu-patio-o-terraza-1.jpg 450w, http:\/\/hoycordobaweb.com\/wp-content\/uploads\/2023\/04\/pepco-tiene-a-5-euros-la-alfombra-de-exterior-que-marcara-un-antes-y-un-despues-en-la-decoracion-de-tu-patio-o-terraza-3.jpg 681w,http:\/\/hoycordobaweb.com\/wp-content\/uploads\/2023\/04\/pepco-tiene-a-5-euros-la-alfombra-de-exterior-que-marcara-un-antes-y-un-despues-en-la-decoracion-de-tu-patio-o-terraza-4.jpg 1024w, http:\/\/hoycordobaweb.com\/wp-content\/uploads\/2023\/04\/pepco-tiene-a-5-euros-la-alfombra-de-exterior-que-marcara-un-antes-y-un-despues-en-la-decoracion-de-tu-patio-o-terraza-5.jpg 1366w,\" data-sf-src=\"http:\/\/hoycordobaweb.com\/wp-content\/uploads\/2023\/04\/pepco-tiene-a-5-euros-la-alfombra-de-exterior-que-marcara-un-antes-y-un-despues-en-la-decoracion-de-tu-patio-o-terraza-1.jpg\" alt=\"Productcardpack 32 1 2328x2829\"> <noscript><img alt=\"Productcardpack 32 1 2328x2829\" class=\"centro_sinmarco\" src=\"http:\/\/hoycordobaweb.com\/wp-content\/uploads\/2023\/04\/pepco-tiene-a-5-euros-la-alfombra-de-exterior-que-marcara-un-antes-y-un-despues-en-la-decoracion-de-tu-patio-o-terraza-1.jpg\"><\/noscript> <\/div>\n<p> <span>Pepco<\/span> <\/div><\/div>\n<\/div>\n<p>La alfombra tiene unas dimensiones de 90 x 150 cm y no solo nos permiten darle un toque de confort a nuestras zonas de exterior, tambi\u00e9n son una buena opci\u00f3n para disimular <strong>los desperfectos que pueda tener el pavimento<\/strong> de la terraza, el balc\u00f3n o el patio a causa del paso de los a\u00f1os.<\/p>\n<p><!-- BREAK 4 --><\/p>\n<p>Adem\u00e1s, su precio es de lo m\u00e1s atractivo porque las alfombras de exterior de Pepco <a href=\"https:\/\/pepco.es\/productos\/alfombra-de-balcon-333680\/\">cuestan solo 5 euros<\/a>.<\/p>\n<p><!-- BREAK 5 --><\/p>\n<p>Foto de portada | <a href=\"https:\/\/unsplash.com\/es\/@steveungermann\">Steven Ungermann<\/a><\/p>\n<p>En Trendencias | <a href=\"https:\/\/www.trendencias.com\/propuestas-y-consejos\/estos-vestidos-tendencia-esta-temporada-primavera-verano-2023-vamos-todo\">Estos son los vestidos tendencia de esta temporada primavera-verano 2023: vamos con todo<\/a><\/p>\n<p><!-- BREAK 6 --> <\/p>\n","protected":false},"excerpt":{"rendered":"<p>Tenemos comprobado que las zonas de exterior del hogar son el nuevo sal\u00f3n y la prueba es este accesorio que hemos encontrado en Aldi y, en esta ocasi\u00f3n, en Pepco. Y es que, habiendo entrado en la pimavera y el verano acechando, no solo necesitamos que nuestras terrazas y patios est\u00e9n bien iluminados, llenos de [&hellip;]<\/p>\n","protected":false},"author":1,"featured_media":58056,"comment_status":"closed","ping_status":"closed","sticky":false,"template":"","format":"standard","meta":[],"categories":[1],"tags":[],"_links":{"self":[{"href":"http:\/\/hoycordobaweb.com\/index.php\/wp-json\/wp\/v2\/posts\/58055"}],"collection":[{"href":"http:\/\/hoycordobaweb.com\/index.php\/wp-json\/wp\/v2\/posts"}],"about":[{"href":"http:\/\/hoycordobaweb.com\/index.php\/wp-json\/wp\/v2\/types\/post"}],"author":[{"embeddable":true,"href":"http:\/\/hoycordobaweb.com\/index.php\/wp-json\/wp\/v2\/users\/1"}],"replies":[{"embeddable":true,"href":"http:\/\/hoycordobaweb.com\/index.php\/wp-json\/wp\/v2\/comments?post=58055"}],"version-history":[{"count":0,"href":"http:\/\/hoycordobaweb.com\/index.php\/wp-json\/wp\/v2\/posts\/58055\/revisions"}],"wp:featuredmedia":[{"embeddable":true,"href":"http:\/\/hoycordobaweb.com\/index.php\/wp-json\/wp\/v2\/media\/58056"}],"wp:attachment":[{"href":"http:\/\/hoycordobaweb.com\/index.php\/wp-json\/wp\/v2\/media?parent=58055"}],"wp:term":[{"taxonomy":"category","embeddable":true,"href":"http:\/\/hoycordobaweb.com\/index.php\/wp-json\/wp\/v2\/categories?post=58055"},{"taxonomy":"post_tag","embeddable":true,"href":"http:\/\/hoycordobaweb.com\/index.php\/wp-json\/wp\/v2\/tags?post=58055"}],"curies":[{"name":"wp","href":"https:\/\/api.w.org\/{rel}","templated":true}]}}