{"id":58031,"date":"2023-04-07T19:37:56","date_gmt":"2023-04-07T19:37:56","guid":{"rendered":"https:\/\/www.ole.com.ar\/tenis\/sebastian-baez-casper-ruud-estoril_0_tZMbQlkjYn.html"},"modified":"2023-04-07T19:37:56","modified_gmt":"2023-04-07T19:37:56","slug":"baez-no-podra-repetir-el-titulo-en-estoril","status":"publish","type":"post","link":"http:\/\/hoycordobaweb.com\/index.php\/2023\/04\/07\/baez-no-podra-repetir-el-titulo-en-estoril\/","title":{"rendered":"B\u00e1ez no podr\u00e1 repetir el t\u00edtulo en Estoril"},"content":{"rendered":"<p><img src=\"http:\/\/hoycordobaweb.com\/wp-content\/uploads\/2023\/04\/baez-no-podra-repetir-el-titulo-en-estoril.jpg\"><\/p>\n<p><time class=\"createDate\" datetime=\"2023-04-07T16:37:56-03:00\">07\/04\/2023 16:37hs.<\/time><time class=\"modificatedDate\" datetime=\"2023\/04\/07T16:37:55-03:00\"><\/time><\/p>\n<div id=\"storyBody\">\n<div class=\"custom-text \" readability=\"38\">\n<p>Punto final para el paso de Sebasti\u00e1n B\u00e1ez (32\u00ba) en el ATP 250 de Estoril: cay\u00f3 ante Casper Ruud (5\u00ba) por 6-3 y 6-0 en 1h18m en los cuartos de final y, de ese modo, no podr\u00e1 defender el t\u00edtulo ganado el a\u00f1o pasado. Si bien hab\u00eda comenzado muy activo y jugando a un alto nivel, el argentino se fue desinflando poco a poco y se termin\u00f3 viendo neutralizado por uno de los mejores jugadores del circuito.<\/p>\n<\/div>\n<div class=\"sc-996041c8-0 iUjELL\"><img alt=\"B\u00e1ez luch\u00f3, pero no pudo seguir avanzando. (EFE)\" src=\"http:\/\/hoycordobaweb.com\/wp-content\/uploads\/2023\/04\/baez-no-podra-repetir-el-titulo-en-estoril-2.jpg\" width=\"72\" height=\"10\" decoding=\"async\" data-nimg=\"future\" loading=\"lazy\"><span>B\u00e1ez luch\u00f3, pero no pudo seguir avanzando. (EFE)<\/span><\/div>\n<div class=\"custom-text \" readability=\"43\">\n<p>El bonaerense de 22 a\u00f1os, entrenado por Sebasti\u00e1n Guti\u00e9rrez, meti\u00f3 un r\u00e1pido quiebre en el set inicial y dobleg\u00f3 a un Ruud impreciso, que no pod\u00eda imponerse en la cancha. De hecho, el argentino sac\u00f3 a relucir una bater\u00eda de recursos para dejar sin respuestas a su rival. Sin embargo, hilvan\u00f3 algunos errores, cometi\u00f3 unas dobles faltas y el noruego, que por primera vez en el a\u00f1o gan\u00f3 dos partidos al hilo, se empez\u00f3 a meter en el juego. <\/p>\n<\/div>\n<div class=\"sc-a7166897-0 fTvehT\" readability=\"6\">\n<section readability=\"2\"><picture><img alt=\"Hist\u00f3rico: un torneo de tenis podr\u00eda no completarse por la lluvia\" src=\"http:\/\/hoycordobaweb.com\/wp-content\/uploads\/2023\/04\/baez-no-podra-repetir-el-titulo-en-estoril-3.jpg\" width=\"29\" height=\"29\" decoding=\"async\" data-nimg=\"future\" loading=\"lazy\"><\/picture>\n<p><span>Mir\u00e1 tambi\u00e9n<\/span><\/p>\n<hr>\n<h3>Hist\u00f3rico: un torneo de tenis podr\u00eda no completarse por la lluvia<\/h3>\n<\/p>\n<\/section>\n<\/div>\n<div class=\"custom-text \" readability=\"38\">\n<p>De todos modos, el punto de inflexi\u00f3n estuvo en el octavo game del primer set, momento en el que el argentino fall\u00f3 m\u00e1s de lo habitual y perdi\u00f3 su saque. Desde entonces, a pesar de que tuvo sus oportunidades para volver al marcador, no logr\u00f3 ganar ninguno de los siguientes siete juegos.<\/p>\n<\/div>\n<div class=\"custom-text \" readability=\"34\">\n<p>Ruud disputar\u00e1 las semifinales ante el franc\u00e9s Quentin Halys (80\u00ba), que viene de eliminar a Dominic Thiem (111\u00ba) por 6-1 y 6-4 en 1h17m.<\/p>\n<\/div>\n<div class=\"sc-996041c8-0 iUjELL\"><img alt=\"Ruud fue demasiado para B\u00e1ez. (EFE)\" src=\"http:\/\/hoycordobaweb.com\/wp-content\/uploads\/2023\/04\/baez-no-podra-repetir-el-titulo-en-estoril-4.jpg\" width=\"72\" height=\"10\" decoding=\"async\" data-nimg=\"future\" loading=\"lazy\"><span>Ruud fue demasiado para B\u00e1ez. (EFE)<\/span><\/div>\n<p><h2><strong>Lo que sigue para B\u00e1ez<\/strong><\/h2>\n<\/p>\n<div class=\"custom-text \" readability=\"34\">\n<p>El argentino viajar\u00e1 en las pr\u00f3ximas horas rumbo a M\u00f3naco para disputar el Masters 1000 de Montecarlo, donde debutar\u00e1 en la primera ronda ante el brit\u00e1nico Jack Draper. <\/p>\n<\/div>\n<div class=\"sc-a7166897-0 fTvehT\" readability=\"7\">\n<section readability=\"4\"><picture><img alt=\"Swiatek, la 1 del tenis, en contra de los rusos en el circuito\" src=\"http:\/\/hoycordobaweb.com\/wp-content\/uploads\/2023\/04\/baez-no-podra-repetir-el-titulo-en-estoril-5.jpg\" width=\"29\" height=\"29\" decoding=\"async\" data-nimg=\"future\" loading=\"lazy\"><\/picture>\n<p><span>Mir\u00e1 tambi\u00e9n<\/span><\/p>\n<hr>\n<h3>Swiatek, la 1 del tenis, en contra de los rusos en el circuito<\/h3>\n<\/p>\n<\/section>\n<\/div>\n<\/div>\n","protected":false},"excerpt":{"rendered":"<p>07\/04\/2023 16:37hs. Punto final para el paso de Sebasti\u00e1n B\u00e1ez (32\u00ba) en el ATP 250 de Estoril: cay\u00f3 ante Casper Ruud (5\u00ba) por 6-3 y 6-0 en 1h18m en los cuartos de final y, de ese modo, no podr\u00e1 defender el t\u00edtulo ganado el a\u00f1o pasado. Si bien hab\u00eda comenzado muy activo y jugando a [&hellip;]<\/p>\n","protected":false},"author":1,"featured_media":58032,"comment_status":"open","ping_status":"closed","sticky":false,"template":"","format":"standard","meta":[],"categories":[16],"tags":[],"_links":{"self":[{"href":"http:\/\/hoycordobaweb.com\/index.php\/wp-json\/wp\/v2\/posts\/58031"}],"collection":[{"href":"http:\/\/hoycordobaweb.com\/index.php\/wp-json\/wp\/v2\/posts"}],"about":[{"href":"http:\/\/hoycordobaweb.com\/index.php\/wp-json\/wp\/v2\/types\/post"}],"author":[{"embeddable":true,"href":"http:\/\/hoycordobaweb.com\/index.php\/wp-json\/wp\/v2\/users\/1"}],"replies":[{"embeddable":true,"href":"http:\/\/hoycordobaweb.com\/index.php\/wp-json\/wp\/v2\/comments?post=58031"}],"version-history":[{"count":0,"href":"http:\/\/hoycordobaweb.com\/index.php\/wp-json\/wp\/v2\/posts\/58031\/revisions"}],"wp:featuredmedia":[{"embeddable":true,"href":"http:\/\/hoycordobaweb.com\/index.php\/wp-json\/wp\/v2\/media\/58032"}],"wp:attachment":[{"href":"http:\/\/hoycordobaweb.com\/index.php\/wp-json\/wp\/v2\/media?parent=58031"}],"wp:term":[{"taxonomy":"category","embeddable":true,"href":"http:\/\/hoycordobaweb.com\/index.php\/wp-json\/wp\/v2\/categories?post=58031"},{"taxonomy":"post_tag","embeddable":true,"href":"http:\/\/hoycordobaweb.com\/index.php\/wp-json\/wp\/v2\/tags?post=58031"}],"curies":[{"name":"wp","href":"https:\/\/api.w.org\/{rel}","templated":true}]}}