{"id":57946,"date":"2023-04-05T22:24:00","date_gmt":"2023-04-05T22:24:00","guid":{"rendered":"http:\/\/hoycordobaweb.com\/index.php\/2023\/04\/05\/crean-una-organizacion-para-difundir-el-legado-del-cuchi-leguizamon\/"},"modified":"2023-04-05T22:24:00","modified_gmt":"2023-04-05T22:24:00","slug":"crean-una-organizacion-para-difundir-el-legado-del-cuchi-leguizamon","status":"publish","type":"post","link":"http:\/\/hoycordobaweb.com\/index.php\/2023\/04\/05\/crean-una-organizacion-para-difundir-el-legado-del-cuchi-leguizamon\/","title":{"rendered":"Crean una organizaci\u00f3n para difundir el legado del Cuchi Leguizam\u00f3n"},"content":{"rendered":"<p><img src=\"http:\/\/hoycordobaweb.com\/wp-content\/uploads\/2023\/04\/crean-una-organizacion-para-difundir-el-legado-del-cuchi-leguizamon.jpg\"><\/p>\n<figure class=\"mb-3\"><img loading=\"lazy\" data-src=\"http:\/\/hoycordobaweb.com\/wp-content\/uploads\/2023\/04\/crean-una-organizacion-para-difundir-el-legado-del-cuchi-leguizamon-2.jpg\" src=\"https:\/\/www.telam.com.ar\/assets\/img\/not_image.png\" class=\" lazy \" width=\"100%\" height=\"100%\" alt=\"Cuchi Leguizamn con Luis Alberto Spinetta\"><figcaption> Cuchi Leguizam\u00f3n con Luis Alberto Spinetta. <\/figcaption><\/figure>\n<p>La <strong>Fundaci\u00f3n Legado Cultural Cuchi Leguizam\u00f3n<\/strong> realizar\u00e1 el viernes 21 a las 19, en el Sal\u00f3n Blanco del Centro Cultural Am\u00e9rica de la ciudad de Salta, el lanzamiento oficial de su organizaci\u00f3n sin fines de lucro, que busca honrar la memoria del destacado compositor y pianista, y continuar su legado en la difusi\u00f3n de la m\u00fasica y la cultura popular argentina.<\/p>\n<p>El encuentro s<strong>e transmitir\u00e1 v\u00eda streaming desde la p\u00e1gina de Facebook del Archivo Cuchi Leguizam\u00f3n<\/strong> (www.facebook.com\/archivocuchi.leguizamon), y apunta a dar a conocer, con el mayor alcance posible, la creaci\u00f3n de la Fundaci\u00f3n Legado Cultural Cuchi Leguizam\u00f3n y su plan anual de trabajo.<\/p>\n<p>El mismo propone la edici\u00f3n y publicaci\u00f3n de libros, discos, la creaci\u00f3n de un sitio web, la producci\u00f3n de material audiovisual, la presentaci\u00f3n de convenios con Secretar\u00eda de Cultura de Salta, Universidad Nacional de Salta, Biblioteca y Archivo de la Provincia de Salta.<\/p>\n<p>Adem\u00e1s, s<strong>e realizar\u00e1 la presentaci\u00f3n y convocatoria a participar del proyecto Archivo Cuchi Leguizam\u00f3n<\/strong>.<\/p>\n<p>El acto se concretar\u00e1 en la ciudad de Salta y contar\u00e1 con la presencia de tres de los hijos del gran \u201cCuchi\u201d como disertantes: <strong>Juan Mart\u00edn Leguizam\u00f3n<\/strong> (Presidente de la Fundaci\u00f3n), <strong>Delf\u00edn Leguizam\u00f3n<\/strong> (Secretario) y <strong>Luis Leguizam\u00f3n<\/strong> (Tesorero), as\u00ed como del <strong>Ensamble Da Capo<\/strong> (cuatro guitarras), conformado por <strong>Mariana M\u00e1rquez, Nicol\u00e1s Tolaba, Guillermo Rubelt<\/strong> y <strong>Oscar Sarapura<\/strong>, quienes interpretar\u00e1n dos temas del repertorio de Leguizam\u00f3n.<\/p>\n<p>Gustavo \u201cCuchi\u201d Leguizam\u00f3n es uno de los m\u00e1ximos exponentes de la m\u00fasica popular argentina y sus canciones -entre las que se cuentan cl\u00e1sicos como <strong>\u201cBalderrama\u201d, \u201cZamba de Lozano\u201d <\/strong>y<strong> \u201cLa arenosa\u201d<\/strong>&#8211; resuenan hasta hoy y siguen siendo fuente de inspiraci\u00f3n.<\/p>\n<p>Nacido el 29 de setiembre de 1917, el \u201cCuchi\u201d, apodo con el que lo rebautiz\u00f3 su madre y que en quechua significa \u00abchancho\u00bb, fue un hombre talentoso y prol\u00edfico: compuso 800 obras a lo largo de sus 83 a\u00f1os de vida.<\/p>\n<p>Su m\u00fasica logr\u00f3 romper prejuicios y ser interpretada por referentes de todos los g\u00e9neros; adem\u00e1s gan\u00f3 numerosos premios, entre los principales se cuentan el Premio Fondo Nacional de las Artes y Premio Sadaic.<\/p>\n<p>Sin haber estudiado m\u00fasica formalmente fue un gran maestro, y cont\u00f3 en entrevistas period\u00edsticas c\u00f3mo comenz\u00f3 en la m\u00fasica: <strong>\u201cCuando era chico -evoc\u00f3- me agarr\u00f3 el sarampi\u00f3n y para que me quedara quieto mi pap\u00e1 me regal\u00f3 una arm\u00f3nica. En casa ten\u00edamos una vitrola y con ella escuch\u00e1bamos m\u00fasica de Rossini, Wagner y otros cl\u00e1sicos. Yo distraje mi sarampi\u00f3n tocando esas m\u00fasicas en mi arm\u00f3nica y as\u00ed soplando, es como me met\u00ed en la m\u00fasica seria\u201d<\/strong>.<\/p>\n<p>Fue abogado, jugador de rugby, profesor de historia y literatura y diputado provincial por el Movimiento Popular Salte\u00f1o, durante la presidencia de Illia.<\/p>\n<p>Al \u201cCuchi\u201d, muchas veces con letra de su entra\u00f1able amigo el poeta, Manuel J. Castilla y tambi\u00e9n junto a Jaime D\u00e1valos, Antonio Nella Castro, Armando Tejada G\u00f3mez, C\u00e9sar Perdiguero y Miguel \u00c1ngel P\u00e9rez, la m\u00fasica argentina y universal le debe zambas, chacareras, bagualas, carnavalitos y vidalas. <\/p>\n","protected":false},"excerpt":{"rendered":"<p>Cuchi Leguizam\u00f3n con Luis Alberto Spinetta. La Fundaci\u00f3n Legado Cultural Cuchi Leguizam\u00f3n realizar\u00e1 el viernes 21 a las 19, en el Sal\u00f3n Blanco del Centro Cultural Am\u00e9rica de la ciudad de Salta, el lanzamiento oficial de su organizaci\u00f3n sin fines de lucro, que busca honrar la memoria del destacado compositor y pianista, y continuar su [&hellip;]<\/p>\n","protected":false},"author":1,"featured_media":57947,"comment_status":"open","ping_status":"closed","sticky":false,"template":"","format":"standard","meta":[],"categories":[19],"tags":[],"_links":{"self":[{"href":"http:\/\/hoycordobaweb.com\/index.php\/wp-json\/wp\/v2\/posts\/57946"}],"collection":[{"href":"http:\/\/hoycordobaweb.com\/index.php\/wp-json\/wp\/v2\/posts"}],"about":[{"href":"http:\/\/hoycordobaweb.com\/index.php\/wp-json\/wp\/v2\/types\/post"}],"author":[{"embeddable":true,"href":"http:\/\/hoycordobaweb.com\/index.php\/wp-json\/wp\/v2\/users\/1"}],"replies":[{"embeddable":true,"href":"http:\/\/hoycordobaweb.com\/index.php\/wp-json\/wp\/v2\/comments?post=57946"}],"version-history":[{"count":0,"href":"http:\/\/hoycordobaweb.com\/index.php\/wp-json\/wp\/v2\/posts\/57946\/revisions"}],"wp:featuredmedia":[{"embeddable":true,"href":"http:\/\/hoycordobaweb.com\/index.php\/wp-json\/wp\/v2\/media\/57947"}],"wp:attachment":[{"href":"http:\/\/hoycordobaweb.com\/index.php\/wp-json\/wp\/v2\/media?parent=57946"}],"wp:term":[{"taxonomy":"category","embeddable":true,"href":"http:\/\/hoycordobaweb.com\/index.php\/wp-json\/wp\/v2\/categories?post=57946"},{"taxonomy":"post_tag","embeddable":true,"href":"http:\/\/hoycordobaweb.com\/index.php\/wp-json\/wp\/v2\/tags?post=57946"}],"curies":[{"name":"wp","href":"https:\/\/api.w.org\/{rel}","templated":true}]}}