{"id":57816,"date":"2023-04-03T18:38:02","date_gmt":"2023-04-03T18:38:02","guid":{"rendered":"https:\/\/www.ole.com.ar\/futbol-internacional\/libertadores\/formaciones-river-argentinos-libertadores-sudamericana_0_3GNKC2enVR.html"},"modified":"2023-04-03T18:38:02","modified_gmt":"2023-04-03T18:38:02","slug":"las-formaciones-de-los-11-partidos-del-martes-por-copas","status":"publish","type":"post","link":"http:\/\/hoycordobaweb.com\/index.php\/2023\/04\/03\/las-formaciones-de-los-11-partidos-del-martes-por-copas\/","title":{"rendered":"Las formaciones de los 11 partidos del martes por copas"},"content":{"rendered":"<p><img src=\"http:\/\/hoycordobaweb.com\/wp-content\/uploads\/2023\/04\/las-formaciones-de-los-11-partidos-del-martes-por-copas.jpg\"><\/p>\n<p><time class=\"createDate\" datetime=\"2023-04-03T15:38:02-03:00\">03\/04\/2023 15:38hs.<\/time><time class=\"modificatedDate\" datetime=\"2023\/04\/03T15:39:13-03:00\"> Actualizado al 03\/04\/2023 15:39hs.<\/time><\/p>\n<div id=\"storyBody\">\n<div class=\"custom-text \" readability=\"36.4\">\n<p>Con 11 partidos, este martes comienzan las fases de grupos de la Libertadores y la <a href=\"https:\/\/www.ole.com.ar\/tema\/copa-sudamericana.html\" title=\"Copa Sudamericana\" alt=\"Copa Sudamericana\" class=\"slug\">Sudamericana<\/a>. Y habr\u00e1 cinco equipos argentinos que empiezan su participaci\u00f3n: <strong>River en La Paz, Argentinos en Buenos Aires, Newell&#8217;s en Rancagua, San Lorenzo en M\u00e9rida y Defensa y Justicia en Bogot\u00e1<\/strong>.<\/p>\n<\/div>\n<p><h2><strong>COPA LIBERTADORES<\/strong><\/h2>\n<\/p>\n<p><h2><strong>The Strongest-River<\/strong><\/h2>\n<\/p>\n<div class=\"custom-text \" readability=\"40\">\n<p><strong>The Strongest:<\/strong> Guillermo Viscarra; Sa\u00fal Torres, Gonzalo Castillo, Adri\u00e1n Jusino, Carlos Roca; Jaime Arrascaita, Luciano Ursino, Michael Ortega, Jeyson Chura; Enrique Triverio y Junior Arias. DT: Ismael Rescalvo<\/p>\n<\/div>\n<div class=\"sc-996041c8-0 iUjELL\"><img alt=\"Las fotograf\u00edas que comparti\u00f3 la Copa Libertadores de Enzo P\u00e9rez, de River. (@Libertadores)\" src=\"http:\/\/hoycordobaweb.com\/wp-content\/uploads\/2023\/04\/las-formaciones-de-los-11-partidos-del-martes-por-copas-2.jpg\" width=\"72\" height=\"10\" decoding=\"async\" data-nimg=\"future\" loading=\"lazy\"><span>Las fotograf\u00edas que comparti\u00f3 la Copa Libertadores de Enzo P\u00e9rez, de River. (@Libertadores)<\/span><\/div>\n<div class=\"custom-text \" readability=\"40\">\n<p><strong>River: <\/strong>Franco Armani; Milton Casco, Gonz\u00e1lez Pirez, Paulo D\u00edaz, Enzo D\u00edaz; Rodrigo Aliendro, Enzo P\u00e9rez, Agust\u00edn Palavecino o Esequiel Barco; Jos\u00e9 Paradela, Ignacio Fern\u00e1ndez; y Lucas Beltr\u00e1n. DT: Mart\u00edn Demichelis.<\/p>\n<\/div>\n<div class=\"custom-text \" readability=\"32\">\n<p><strong>Estadio<\/strong>: Hernando Siles (La Paz).<\/p>\n<\/div>\n<div class=\"custom-text \" readability=\"32\">\n<p><strong>Arbitro:<\/strong> Jes\u00fas Valenzuela (Venezuela). <strong>VAR: <\/strong>Juan Soto (Venezuela).<\/p>\n<\/div>\n<div class=\"custom-text \">\n<p><strong>TV: <\/strong>Fox Sports y Star +.<\/p>\n<\/div>\n<p><h2><strong>Argentinos-Independiente del Valle<\/strong><\/h2>\n<\/p>\n<div class=\"custom-text \" readability=\"40\">\n<p><strong>Argentinos:<\/strong> Federico Lanzillota; Kevin Mac Allister, Marco di C\u00e9sare, Lucas Villalba; Javier Cabrera, Franco Moyano, Federico Redondo,Santiago Montiel; Francisco Gonz\u00e1lez Metilli, Thiago Nuss y Gabriel \u00c1valos. DT: Gabriel Milito<\/p>\n<\/div>\n<div class=\"sc-996041c8-0 iUjELL\"><img alt=\"\u00c1valos, el goleador de Argentinos.\" src=\"http:\/\/hoycordobaweb.com\/wp-content\/uploads\/2023\/04\/las-formaciones-de-los-11-partidos-del-martes-por-copas-3.jpg\" width=\"72\" height=\"10\" decoding=\"async\" data-nimg=\"future\" loading=\"lazy\"><span>\u00c1valos, el goleador de Argentinos.<\/span><\/div>\n<div class=\"custom-text \" readability=\"40\">\n<p><strong>Independiente del Valle: <\/strong>Mois\u00e9s Ram\u00edrez; Mateo Carabajal, Richard Schunke, Agust\u00edn Garc\u00eda Basso; Mat\u00edas Fern\u00e1ndez, Joao Ortiz, Cristian Pellerano, Lorenzo Faravelli, Beder Caicedo o Gustavo Cortez; J\u00fanior Soronoza y Lautaro D\u00edaz. DT: Mart\u00edn Anselmi<\/p>\n<\/div>\n<div class=\"custom-text \">\n<p><strong>Estadio:<\/strong> Argentinos.<\/p>\n<\/div>\n<div class=\"custom-text \" readability=\"32\">\n<p><strong>Arbitro:<\/strong> Diego Haro (Per\u00fa). <strong>VAR<\/strong>: Angelo Hermosilla (Chile).<\/p>\n<\/div>\n<div class=\"custom-text \" readability=\"32\">\n<p><strong>TV:<\/strong> Fox Sports 2 y Star +.<\/p>\n<\/div>\n<p><h2><strong>Alianza Lima-Athletico Paranaense<\/strong><\/h2>\n<\/p>\n<div class=\"custom-text \" readability=\"40\">\n<p><strong>Alianza Lima:<\/strong> \u00c1ngelo Campos; Gino Peruzzi, Carlos Zambrano, Santiago Garc\u00eda, Ricardo Lagos; Josepmir Ball\u00f3n, Jairo Concha, Pablo Lavandeira, Gabriel Costa; Bryan Reyna y Pablo Sabbag. DT: Guillermo Salas<\/p>\n<\/div>\n<div class=\"sc-996041c8-0 iUjELL\"><img alt=\"Carlos Zambrano, ex Boca en Alianza Lima. Instagram Alianza Lima\" src=\"http:\/\/hoycordobaweb.com\/wp-content\/uploads\/2023\/04\/las-formaciones-de-los-11-partidos-del-martes-por-copas-4.jpg\" width=\"72\" height=\"10\" decoding=\"async\" data-nimg=\"future\" loading=\"lazy\"><span>Carlos Zambrano, ex Boca en Alianza Lima. Instagram Alianza Lima<\/span><\/div>\n<div class=\"custom-text \" readability=\"40\">\n<p><strong>Athletico Paranaense: <\/strong>Bento; Khellve, Z\u00e9 Ivaldo, Thiago Heleno, Pedrinho; Erick, Fernandinho, Vitor Bueno, David Terans, Agust\u00edn Canobbio y Pablo. DT: Paulo Turra<\/p>\n<\/div>\n<div class=\"custom-text \" readability=\"32\">\n<p><strong>Estadio<\/strong>: Alejandro Villanueva (Lima).<\/p>\n<\/div>\n<div class=\"custom-text \" readability=\"32\">\n<p><strong>Arbitro: <\/strong>Carlos Ortega (Colombia). <strong>VAR: <\/strong>Jhon Perdomo (Colombia).<\/p>\n<\/div>\n<div class=\"custom-text \" readability=\"32\">\n<p><strong>TV:<\/strong> Fox Sports 3 y Star +.<\/p>\n<\/div>\n<p><h2><strong>Independiente Medell\u00edn-Inter<\/strong><\/h2>\n<\/p>\n<div class=\"custom-text \" readability=\"40\">\n<p><strong>Independiente Medell\u00edn:<\/strong> Luis Erney V\u00e1squez; Jordy Monroy, V\u00edctor Moreno, Andr\u00e9s Cadavid, Daniel Londo\u00f1o; Daniel Torres, Jaime Alvarado; Edwuin Cetr\u00e9, Felipe Pardo, \u00c9merson Batalla; yLuciano Pons. DT: David Gonz\u00e1lez.<\/p>\n<\/div>\n<div class=\"sc-996041c8-0 iUjELL\"><img alt=\"Gabriel Mercado, titular en Inter.\" src=\"http:\/\/hoycordobaweb.com\/wp-content\/uploads\/2023\/04\/las-formaciones-de-los-11-partidos-del-martes-por-copas-5.jpg\" width=\"72\" height=\"10\" decoding=\"async\" data-nimg=\"future\" loading=\"lazy\"><span>Gabriel Mercado, titular en Inter.<\/span><\/div>\n<div class=\"custom-text \" readability=\"39\">\n<p><strong>Internacional<\/strong>: Keiller; Fabricio Bustos, Gabriel Mercado, Vitao, Thauan Lara; Gabriel Baralhas, Alan Patrick, Carlos De Pena; Mauicio, Luiz Adriano y Wanderson. DT: Mano Menezes<\/p>\n<\/div>\n<div class=\"custom-text \" readability=\"32\">\n<p><strong>Estadio<\/strong>: Atanasio Girardot (Medell\u00edn).<\/p>\n<\/div>\n<div class=\"custom-text \" readability=\"32\">\n<p><strong>Arbitro<\/strong>: Facundo Tello (Argentina). <strong>VAR:<\/strong> Silvio Trucco (Argentina).<\/p>\n<\/div>\n<div class=\"custom-text \">\n<p><strong>TV:<\/strong> Fox Sports y Star +.<\/p>\n<\/div>\n<p><h2><strong>Metropolitanos-Nacional<\/strong><\/h2>\n<\/p>\n<div class=\"custom-text \" readability=\"40\">\n<p><strong>Metropolitanos:<\/strong> Giancarlo Schiavone; Christian Camarillo, Freddy Vargas, Robinson Flores; Christian Larotonda, Andr\u00e9s Ferro, Edwin Laszo; Jefre Vargas, Jhon March\u00e1n; Charlis Ortiz, N\u00e9stor Cova. DT: Jos\u00e9 Mar\u00eda Morr.<\/p>\n<\/div>\n<div class=\"custom-text \" readability=\"40\">\n<p><strong>Nacional<\/strong>: Sergio Rochet; Fabi\u00e1n Noguera, Maximiliano Perg, Leandro Lozano, Camilo C\u00e1ndido; Diego Zabala, Manuel Monzeglio, Francisco Ginella, Alfonso Trezza; Franco Fag\u00fandez y Bruno Damiani. DT: \u00c1lvaro Guti\u00e9rrez.<\/p>\n<\/div>\n<div class=\"custom-text \" readability=\"32\">\n<p><strong>Arbitro:<\/strong> Fernando Rapallini (Argentina). <strong>VAR:<\/strong> Jorge Bali\u00f1o (Argentina).<\/p>\n<\/div>\n<div class=\"custom-text \" readability=\"32\">\n<p><strong>Estadio: <\/strong>Ol\u00edmpico de la Universidad Central de Venezuela (Caracas).<\/p>\n<\/div>\n<div class=\"custom-text \">\n<p><strong>TV: <\/strong>Star +.<\/p>\n<\/div>\n<p><h2><strong>COPA SUDAMERICANA<\/strong><\/h2>\n<\/p>\n<p><h2><strong>Audax Italiano-Newell&#8217;s<\/strong><\/h2>\n<\/p>\n<div class=\"custom-text \" readability=\"41\">\n<p><strong>Audax Italiano: <\/strong>Tom\u00e1s Ahumada; Nicol\u00e1s Fern\u00e1ndez, Carlos Labr\u00edn, Osvaldo Bosso,bEsteban Matus; Fernando Ju\u00e1rez, Marcelo D\u00edaz, Mat\u00edas Sep\u00falveda, Gonzalo R\u00edos, Gonzalo Sosa y Luis Riveros. DT: Manuel Fern\u00e1ndez.<\/p>\n<\/div>\n<div class=\"sc-996041c8-0 iUjELL\"><img alt=\"Gabriel Heinze.\nPRENSA NEWELLS\" src=\"http:\/\/hoycordobaweb.com\/wp-content\/uploads\/2023\/04\/las-formaciones-de-los-11-partidos-del-martes-por-copas-6.jpg\" width=\"72\" height=\"10\" decoding=\"async\" data-nimg=\"future\" loading=\"lazy\"><span>Gabriel Heinze.<br \/>\nPRENSA NEWELLS<\/span><\/div>\n<div class=\"custom-text \" readability=\"40\">\n<p><strong>Newell&#8217;s:<\/strong> Lucas Hoyos; Jherson Mosquera, Willer Ditta, Facundo Mansilla, \u00c1ngelo Martino o Bruno Pitt\u00f3n; Iv\u00e1n G\u00f3mez, Marcelo Esponda o Pablo P\u00e9rez, Cristian Ferreira; Brian Aguirre, Jorge Recalde y Ramiro Sordo. DT: Gabriel Heinze.<\/p>\n<\/div>\n<div class=\"custom-text \" readability=\"32\">\n<p><strong>Estadio:<\/strong> El Teniente (Rancagua).<\/p>\n<\/div>\n<div class=\"custom-text \" readability=\"32\">\n<p><strong>Arbitro: <\/strong>Gustavo Tejera (Uruguay). <strong>VAR:<\/strong> Andr\u00e9s Cunha (Uruguay).<\/p>\n<\/div>\n<div class=\"custom-text \" readability=\"32\">\n<p><strong>TV: <\/strong>Star + y DirecTV Sports<\/p>\n<\/div>\n<p><h2><strong>Goias-Independiente Santa Fe<\/strong><\/h2>\n<\/p>\n<div class=\"custom-text \" readability=\"39\">\n<p><strong>Goias: <\/strong>Tadeu; Apodi, Lucas Halter, Bruno Melo, Sander; Z\u00e9 Ricardo o Felipe, Felipe Bastos, Willian Oliveira o Diego, Juli\u00e1n Palacios; Vinicius o Alesson y Nicol\u00e1s.<\/p>\n<\/div>\n<div class=\"sc-996041c8-0 iUjELL\"><img alt=\"Juli\u00e1n Palacios en Goias.\" src=\"http:\/\/hoycordobaweb.com\/wp-content\/uploads\/2023\/04\/las-formaciones-de-los-11-partidos-del-martes-por-copas-7.jpg\" width=\"72\" height=\"10\" decoding=\"async\" data-nimg=\"future\" loading=\"lazy\"><span>Juli\u00e1n Palacios en Goias.<\/span><\/div>\n<div class=\"custom-text \" readability=\"40\">\n<p><strong>Independiente Santa Fe:<\/strong> Juan Espitia; Carlos Moreno, Juli\u00e1n Mill\u00e1n, David Ramirez, Dairon Mosquera; Iv\u00e1n Rojas, Harold Rivera, Christian Marrugo; Jos\u00e9 Enamorado, Wilfrido De La Rosa y Hugo Rodallega. DT: Harnold Rivera.<\/p>\n<\/div>\n<div class=\"custom-text \" readability=\"32\">\n<p><strong>Arbitro: <\/strong>Jos\u00e9 Cabero (Chile). <strong>VAR: <\/strong>Francisco Gilabert (Chile).<\/p>\n<\/div>\n<div class=\"custom-text \">\n<p><strong>TV: <\/strong>DirecTV Sports.<\/p>\n<\/div>\n<p><h2><strong>Estudiantes de M\u00e9rida-San Lorenzo<\/strong><\/h2>\n<\/p>\n<div class=\"custom-text \" readability=\"39\">\n<p><strong>Estudiantes:<\/strong> Beycker Vel\u00e1squez; Marcel Guaramato, Juan Medina, Alexis Dold\u00e1n, Germ\u00e1n Contreras; Aaron Rodr\u00edguez, Christian Flores; N\u00e9stor Canel\u00f3n, Jes\u00fas G\u00f3mez y Jorge P\u00e1ez; Luis Arenas. DT: Al\u00ed Ca\u00f1as.<\/p>\n<\/div>\n<div class=\"sc-996041c8-0 iUjELL\"><img alt=\"San Lorenzo, rumbo a Venezuela.\" src=\"http:\/\/hoycordobaweb.com\/wp-content\/uploads\/2023\/04\/las-formaciones-de-los-11-partidos-del-martes-por-copas-8.jpg\" width=\"72\" height=\"10\" decoding=\"async\" data-nimg=\"future\" loading=\"lazy\"><span>San Lorenzo, rumbo a Venezuela.<\/span><\/div>\n<div class=\"custom-text \" readability=\"40\">\n<p><strong>San Lorenzo:<\/strong> Augusto Batalla; Rafael P\u00e9rez, Federico Gattoni, Gast\u00f3n Hern\u00e1ndez; Agust\u00edn Giay o Gonzalo Luj\u00e1n, Jalil El\u00edas, Agust\u00edn Martegani,Malcom Braida; Andr\u00e9s Vombergar o Iv\u00e1n Leguizam\u00f3n, Nicol\u00e1s Blandi o Vombergar y Nahuel Barrios. DT: Rub\u00e9n Ins\u00faa.<\/p>\n<\/div>\n<div class=\"custom-text \" readability=\"32\">\n<p><strong>Arbitro: <\/strong>Roberto S\u00e1nchez (Ecuador). VAR: Leod\u00e1n Gonz\u00e1lez (Uruguay).<\/p>\n<\/div>\n<div class=\"custom-text \" readability=\"32\">\n<p><strong>Estadio:<\/strong> Ol\u00edmpico Metropolitano (M\u00e9rida).<\/p>\n<\/div>\n<div class=\"custom-text \" readability=\"33\">\n<p><strong>TV:<\/strong> ESPN, Star + y DirecTV Sports.<\/p>\n<\/div>\n<p><h2><strong>C\u00e9sar Vallejo-Liga de Quito:<\/strong><\/h2>\n<\/p>\n<div class=\"custom-text \" readability=\"42\">\n<p><strong>C\u00e9sar Vallejo:<\/strong> Carlos Grados; Carlos Cabello, Anderson Villarcorta, Renzo Garc\u00e9s, Jersson V\u00e1squez, Aldair Fuentes, Frank Ysique, Jairo V\u00e9lez, Stefano Olaya, Alejandro Ram\u00edrez y Yorleys Mena. DT: Sebasti\u00e1n Abreu.<\/p>\n<\/div>\n<div class=\"sc-996041c8-0 iUjELL\"><img alt=\"Zubeld\u00eda en conferencia.\" src=\"http:\/\/hoycordobaweb.com\/wp-content\/uploads\/2023\/04\/las-formaciones-de-los-11-partidos-del-martes-por-copas-9.jpg\" width=\"72\" height=\"10\" decoding=\"async\" data-nimg=\"future\" loading=\"lazy\"><span>Zubeld\u00eda en conferencia.<\/span><\/div>\n<div class=\"custom-text \" readability=\"40\">\n<p><strong>Liga de Quito:<\/strong> Alexander Dom\u00ednguez; Jos\u00e9 Quintero, Ricardo Ad\u00e9, Facundo Rodr\u00edguez, Leonel Qui\u00f1\u00f3nez, Lucas Piovi; Oscar Zambrano, Lizandro Alzugaray, Renato Ibarra; Alexander Alvarado y Jos\u00e9 Angulo. DT: Luis Zubeld\u00eda<\/p>\n<\/div>\n<div class=\"custom-text \" readability=\"32\">\n<p><strong>Arbitro:<\/strong> Fernando Espinoza (Argentina). <strong>VAR<\/strong>: Pablo Echavarr\u00eda (Argentina).<\/p>\n<\/div>\n<div class=\"custom-text \" readability=\"32\">\n<p><strong>Estadio<\/strong>: Mansiche (Trujillo).<\/p>\n<\/div>\n<div class=\"custom-text \">\n<p><strong>TV:<\/strong> DirecTV Sports.<\/p>\n<\/div>\n<p><h2><strong>Blooming-Santos<\/strong><\/h2>\n<\/p>\n<div class=\"custom-text \" readability=\"40\">\n<p><strong>Blooming:<\/strong> Braulio Uraeza\u00f1a; C\u00e9sar Romero, Gabriel Valverde, Jonathan Lacerda, Jaime Villamil; Fernando Arismendi, Richard Spenhay, Rafinha, Arqu\u00edmedes Figuera; Jos\u00e9 Luis Sinisterra y Gast\u00f3n Rodr\u00edguez. DT: Carlos Bustos.<\/p>\n<\/div>\n<div class=\"sc-996041c8-0 iUjELL\"><img alt=\"Carlos Bustos, DT de Blooming. (Photo by AIZAR RALDES \/ AFP)\" src=\"http:\/\/hoycordobaweb.com\/wp-content\/uploads\/2023\/04\/las-formaciones-de-los-11-partidos-del-martes-por-copas-10.jpg\" width=\"72\" height=\"10\" decoding=\"async\" data-nimg=\"future\" loading=\"lazy\"><span>Carlos Bustos, DT de Blooming. (Photo by AIZAR RALDES \/ AFP)<\/span><\/div>\n<div class=\"custom-text \" readability=\"39\">\n<p>Santos: Jo\u00e3o Paulo; Jo\u00e3o Lucas, Messias, Eduardo Bauermann, Felipe Jonatan; Dodi, Camacho, Ivonei, Lucas Lima; Lucas Barbosa y Marcos Leonardo. DT: Odair Hellmann.<\/p>\n<\/div>\n<div class=\"custom-text \">\n<p>Hora: 21.30.<\/p>\n<\/div>\n<div class=\"custom-text \" readability=\"32\">\n<p><strong>Arbitro:<\/strong> Luis Quiroz (Ecuador). <strong>VAR:<\/strong> Carlos Orbe (Ecuador).<\/p>\n<\/div>\n<div class=\"custom-text \" readability=\"32\">\n<p><strong>Estadio:<\/strong> Ram\u00f3n Tahuichi Aguilera (Santa Cruz de la Sierra).<\/p>\n<\/div>\n<div class=\"custom-text \">\n<p><strong>TV:<\/strong> ESPN 3 y Star +.<\/p>\n<\/div>\n<p><h2><strong>Millonarios-Defensa y Justicia<\/strong><\/h2>\n<\/p>\n<div class=\"custom-text \" readability=\"40\">\n<p><strong>Millonarios:<\/strong> \u00c1lvaro Montero; Elvis Perlaza, \u00d3scar Vanegas, Juan Pablo Vargas, Jorge Arias; Larry V\u00e1squez, Daniel Giraldo; Daniel Catano, David Silva, Oscar Cortes; y Leonardo Castro. DT: Alberto Gamero.<\/p>\n<\/div>\n<div class=\"sc-996041c8-0 iUjELL\"><img alt=\"Uvita Fern\u00e1ndez en la pr\u00e1ctica.\" src=\"http:\/\/hoycordobaweb.com\/wp-content\/uploads\/2023\/04\/las-formaciones-de-los-11-partidos-del-martes-por-copas-11.jpg\" width=\"72\" height=\"10\" decoding=\"async\" data-nimg=\"future\" loading=\"lazy\"><span>Uvita Fern\u00e1ndez en la pr\u00e1ctica.<\/span><\/div>\n<div class=\"custom-text \" readability=\"38\">\n<p><strong>Defensa y Justicia: <\/strong>Ezequiel Unsain; Agust\u00edn Sant&#8217;Anna; Nazareno Colombo, Tom\u00e1s Cardona, Alexis Soto; Juli\u00e1n L\u00f3pez. Kevin Guti\u00e9rrez; Gabriel Alanis, David Barbona, Santiago Solari; y Nicol\u00e1s Fern\u00e1ndez. DT: Julio Vaccari.<\/p>\n<\/div>\n<div class=\"custom-text \" readability=\"32\">\n<p><strong>Arbitro:<\/strong> Piero Maza (Chile). VAR: Fernando Vejar (Chile).<\/p>\n<\/div>\n<div class=\"custom-text \" readability=\"32\">\n<p><strong>Estadio: <\/strong>El Camp\u00edn (Bogot\u00e1).<\/p>\n<\/div>\n<div class=\"custom-text \">\n<p><strong>TV:<\/strong> DirecTV Sports.<\/p>\n<\/div>\n<\/div>\n","protected":false},"excerpt":{"rendered":"<p>03\/04\/2023 15:38hs. Actualizado al 03\/04\/2023 15:39hs. Con 11 partidos, este martes comienzan las fases de grupos de la Libertadores y la Sudamericana. Y habr\u00e1 cinco equipos argentinos que empiezan su participaci\u00f3n: River en La Paz, Argentinos en Buenos Aires, Newell&#8217;s en Rancagua, San Lorenzo en M\u00e9rida y Defensa y Justicia en Bogot\u00e1. COPA LIBERTADORES The [&hellip;]<\/p>\n","protected":false},"author":1,"featured_media":57817,"comment_status":"open","ping_status":"closed","sticky":false,"template":"","format":"standard","meta":[],"categories":[16],"tags":[],"_links":{"self":[{"href":"http:\/\/hoycordobaweb.com\/index.php\/wp-json\/wp\/v2\/posts\/57816"}],"collection":[{"href":"http:\/\/hoycordobaweb.com\/index.php\/wp-json\/wp\/v2\/posts"}],"about":[{"href":"http:\/\/hoycordobaweb.com\/index.php\/wp-json\/wp\/v2\/types\/post"}],"author":[{"embeddable":true,"href":"http:\/\/hoycordobaweb.com\/index.php\/wp-json\/wp\/v2\/users\/1"}],"replies":[{"embeddable":true,"href":"http:\/\/hoycordobaweb.com\/index.php\/wp-json\/wp\/v2\/comments?post=57816"}],"version-history":[{"count":0,"href":"http:\/\/hoycordobaweb.com\/index.php\/wp-json\/wp\/v2\/posts\/57816\/revisions"}],"wp:featuredmedia":[{"embeddable":true,"href":"http:\/\/hoycordobaweb.com\/index.php\/wp-json\/wp\/v2\/media\/57817"}],"wp:attachment":[{"href":"http:\/\/hoycordobaweb.com\/index.php\/wp-json\/wp\/v2\/media?parent=57816"}],"wp:term":[{"taxonomy":"category","embeddable":true,"href":"http:\/\/hoycordobaweb.com\/index.php\/wp-json\/wp\/v2\/categories?post=57816"},{"taxonomy":"post_tag","embeddable":true,"href":"http:\/\/hoycordobaweb.com\/index.php\/wp-json\/wp\/v2\/tags?post=57816"}],"curies":[{"name":"wp","href":"https:\/\/api.w.org\/{rel}","templated":true}]}}