{"id":57804,"date":"2023-04-03T16:18:45","date_gmt":"2023-04-03T16:18:45","guid":{"rendered":"https:\/\/ladecimaweb.com\/?p=16377"},"modified":"2023-04-03T16:18:45","modified_gmt":"2023-04-03T16:18:45","slug":"brecha-digital-la-gente-no-sabe-lo-que-es-el-ciudadano-digital","status":"publish","type":"post","link":"http:\/\/hoycordobaweb.com\/index.php\/2023\/04\/03\/brecha-digital-la-gente-no-sabe-lo-que-es-el-ciudadano-digital\/","title":{"rendered":"Brecha digital: \u201cLa gente no sabe lo que es el Ciudadano Digital\u201d"},"content":{"rendered":"<div class=\"boldgrid-section\">\n<div class=\"container\">\n<div class=\"row\">\n<div class=\"col-md-12 col-xs-12 col-sm-12\">\n<p>La Defensor\u00eda del Pueblo de la Provincia llev\u00f3 a cabo hoy un operativo en Villa El Libertador.&nbsp;<\/p>\n<p class=\"\" dir=\"auto\">Es para que los vecinos gestionen el Ciudadano Digital 1 y 2, y a partir de all\u00ed, acceder al resto de los otros beneficios estatales como los boletos gratuitos BEG, BOS, BAM y BSC. Acceder a la Tarifa Social en luz, agua y Rentas. Gestionar la Conexi\u00f3n a Internet Estudiantil Gratuita (Cieg). Apross. Y pases&nbsp; libres por discapacidad y enfermedades cr\u00f3nicas.<\/p>\n<div class=\"x11i5rnm xat24cr x1mh8g0r x1vvkbs xtlvy1s x126k92a\">\n<p dir=\"auto\">Raquel Romero, ex concejal y empleada de la Defensor\u00eda, dijo que &#8220;este es el tercer operativo en la Capital, vamos a ir recorriendo los distintos barrios&#8221;.<\/p>\n<p dir=\"auto\">Al ser consultada sobre la brecha digital, afirm\u00f3 que &#8220;es abismal&#8221;. Y aclar\u00f3: &#8220;La gente no sabe lo que es el Ciudadano Digital y muchas personas pierden la contrase\u00f1a, le preguntas si se lo hicieron para las vacunas y no saben&#8221;.<\/p>\n<div dir=\"auto\"><\/div>\n<div dir=\"auto\">\n<p class=\"mod-reset\"><img loading=\"lazy\" class=\"alignnone wp-image-16378\" src=\"http:\/\/hoycordobaweb.com\/wp-content\/uploads\/2023\/04\/brecha-digital-la-gente-no-sabe-lo-que-es-el-ciudadano-digital.jpg\" alt=\"\" width=\"434\" height=\"245\" srcset=\"http:\/\/hoycordobaweb.com\/wp-content\/uploads\/2023\/04\/brecha-digital-la-gente-no-sabe-lo-que-es-el-ciudadano-digital.jpg 1600w, http:\/\/hoycordobaweb.com\/wp-content\/uploads\/2023\/04\/brecha-digital-la-gente-no-sabe-lo-que-es-el-ciudadano-digital-2.jpg 788w, http:\/\/hoycordobaweb.com\/wp-content\/uploads\/2023\/04\/brecha-digital-la-gente-no-sabe-lo-que-es-el-ciudadano-digital-3.jpg 768w, http:\/\/hoycordobaweb.com\/wp-content\/uploads\/2023\/04\/brecha-digital-la-gente-no-sabe-lo-que-es-el-ciudadano-digital-4.jpg 1536w\" sizes=\"(max-width: 434px) 100vw, 434px\" \/><\/p>\n<p class=\"\"><img loading=\"lazy\" class=\"alignnone wp-image-16379\" src=\"http:\/\/hoycordobaweb.com\/wp-content\/uploads\/2023\/04\/brecha-digital-la-gente-no-sabe-lo-que-es-el-ciudadano-digital-1.jpg\" alt=\"\" width=\"538\" height=\"302\" srcset=\"http:\/\/hoycordobaweb.com\/wp-content\/uploads\/2023\/04\/brecha-digital-la-gente-no-sabe-lo-que-es-el-ciudadano-digital-5.jpg 1600w, http:\/\/hoycordobaweb.com\/wp-content\/uploads\/2023\/04\/brecha-digital-la-gente-no-sabe-lo-que-es-el-ciudadano-digital-6.jpg 788w, http:\/\/hoycordobaweb.com\/wp-content\/uploads\/2023\/04\/brecha-digital-la-gente-no-sabe-lo-que-es-el-ciudadano-digital-7.jpg 768w, http:\/\/hoycordobaweb.com\/wp-content\/uploads\/2023\/04\/brecha-digital-la-gente-no-sabe-lo-que-es-el-ciudadano-digital-8.jpg 1536w\" sizes=\"(max-width: 538px) 100vw, 538px\" \/><\/p>\n<\/div>\n<\/div>\n<p class=\"\">&#8220;Las personas preguntan qu\u00e9 es el Cidi, lo vemos en los adultos mayores: no lo saben, no lo entienden y les cuesta entenderlo&#8221;, dijo Romero.&nbsp;<\/p>\n<p class=\"\">El objetivo del operativo es explicarle que el Cidi es un requisito inform\u00e1tico para acceder, por ejemplo, a los programas y beneficios del Estado.&nbsp;<\/p>\n<p class=\"\">&#8220;Estamos haciendo el ciudadano digital para los que no tienen y estamos haciendo el nivel 2&#8221;, dijo. A partir de all\u00ed puede realizar los siguientes tr\u00e1mites como los boletos de pasajeros gratuitos.<\/p>\n<p>&#8220;Es en los adultos mayores donde la brecha es m\u00e1s amplia ya que hay muy poca alfabetizaci\u00f3n inform\u00e1tica&#8221; en esa franja etaria.&nbsp;<\/p>\n<p class=\"\">\n<div class=\"ubm_banner\"><a href=\"https:\/\/www.cba.gov.ar\" target=\"_blank\" rel=\"dofollow noopener noreferrer\"><img src=\"http:\/\/hoycordobaweb.com\/wp-content\/uploads\/2023\/04\/brecha-digital-la-gente-no-sabe-lo-que-es-el-ciudadano-digital.gif\" alt=\"\"><\/a><\/div>\n<\/div>\n<\/div>\n<\/div>\n<\/div>\n<p>La entrada <a rel=\"nofollow\" href=\"https:\/\/ladecimaweb.com\/brecha-digital-la-gente-no-sabe-lo-que-es-el-ciudadano-digital\/\">Brecha digital: &#8220;La gente no sabe lo que es el Ciudadano Digital&#8221;<\/a> se public\u00f3 primero en <a rel=\"nofollow\" href=\"https:\/\/ladecimaweb.com\">LaDecima<\/a>.<\/p>\n","protected":false},"excerpt":{"rendered":"<p>La Defensor\u00eda del Pueblo de la Provincia llev\u00f3 a cabo hoy un operativo en Villa El Libertador.&nbsp; Es para que los vecinos gestionen el Ciudadano Digital 1 y 2, y a partir de all\u00ed, acceder al resto de los otros beneficios estatales como los boletos gratuitos BEG, BOS, BAM y BSC. Acceder a la Tarifa [&hellip;]<\/p>\n","protected":false},"author":1,"featured_media":57805,"comment_status":"closed","ping_status":"closed","sticky":false,"template":"","format":"standard","meta":[],"categories":[19],"tags":[],"_links":{"self":[{"href":"http:\/\/hoycordobaweb.com\/index.php\/wp-json\/wp\/v2\/posts\/57804"}],"collection":[{"href":"http:\/\/hoycordobaweb.com\/index.php\/wp-json\/wp\/v2\/posts"}],"about":[{"href":"http:\/\/hoycordobaweb.com\/index.php\/wp-json\/wp\/v2\/types\/post"}],"author":[{"embeddable":true,"href":"http:\/\/hoycordobaweb.com\/index.php\/wp-json\/wp\/v2\/users\/1"}],"replies":[{"embeddable":true,"href":"http:\/\/hoycordobaweb.com\/index.php\/wp-json\/wp\/v2\/comments?post=57804"}],"version-history":[{"count":0,"href":"http:\/\/hoycordobaweb.com\/index.php\/wp-json\/wp\/v2\/posts\/57804\/revisions"}],"wp:featuredmedia":[{"embeddable":true,"href":"http:\/\/hoycordobaweb.com\/index.php\/wp-json\/wp\/v2\/media\/57805"}],"wp:attachment":[{"href":"http:\/\/hoycordobaweb.com\/index.php\/wp-json\/wp\/v2\/media?parent=57804"}],"wp:term":[{"taxonomy":"category","embeddable":true,"href":"http:\/\/hoycordobaweb.com\/index.php\/wp-json\/wp\/v2\/categories?post=57804"},{"taxonomy":"post_tag","embeddable":true,"href":"http:\/\/hoycordobaweb.com\/index.php\/wp-json\/wp\/v2\/tags?post=57804"}],"curies":[{"name":"wp","href":"https:\/\/api.w.org\/{rel}","templated":true}]}}