{"id":57789,"date":"2023-04-03T12:16:00","date_gmt":"2023-04-03T12:16:00","guid":{"rendered":"https:\/\/www.espinof.com\/trailers\/maria-leon-madre-cabeza-rapada-trailer-hijo-zurdo-nueva-miniserie-cocreador-peste-para-movistar-plus"},"modified":"2023-04-03T12:16:00","modified_gmt":"2023-04-03T12:16:00","slug":"maria-leon-es-madre-de-un-cabeza-rapada-en-el-trailer-de-el-hijo-zurdo-la-nueva-miniserie-del-cocreador-de-la-peste-para-movistar-plus","status":"publish","type":"post","link":"http:\/\/hoycordobaweb.com\/index.php\/2023\/04\/03\/maria-leon-es-madre-de-un-cabeza-rapada-en-el-trailer-de-el-hijo-zurdo-la-nueva-miniserie-del-cocreador-de-la-peste-para-movistar-plus\/","title":{"rendered":"Mar\u00eda Le\u00f3n es madre de un cabeza rapada en el tr\u00e1iler de &#8216;El hijo zurdo&#8217;, la nueva miniserie del cocreador de &#8216;La peste&#8217; para Movistar Plus+"},"content":{"rendered":"<p>Probablemente uno de los proyectos m\u00e1s notorios de Movistar Plus para este 2023 es &#8216;El hijo zurdo&#8217;, <strong>la nueva miniserie de Rafael Cobos<\/strong> (cocreador de &#8216;<a href=\"https:\/\/www.espinof.com\/criticas\/peste-mano-garduna-apuesta-accion-solvente-temporada-2-serie-movistar\">La peste<\/a>&#8216;) y que se estrena el 27 de abril en la plataforma tras competir en la secci\u00f3n de formato corto del Festival Canneseries.<\/p>\n<p><!-- BREAK 1 --><\/p>\n<p>De esta manera, <strong>ya tenemos un tr\u00e1iler completo<\/strong> para esta ficci\u00f3n protagonizada por <strong>Mar\u00eda Le\u00f3n<\/strong> como Lola, una mujer zurda cuyo hijo menor Lorenzo (Hugo Welzel) empieza una peligrosa deriva al convertirse, como se puede escuchar en el tr\u00e1iler, en un cabeza rapada.<\/p>\n<p><!-- BREAK 2 --> <\/p>\n<div class=\"article-asset article-asset-normal article-asset-center\">\n<div class=\"desvio-container\">\n<div class=\"desvio\">\n<div class=\"desvio-figure js-desvio-figure\"> <a href=\"https:\/\/www.espinof.com\/criticas\/la-isla-minima-la-nueva-joya-del-cine-espanol\"> <img alt=\"'La isla m\u00ednima', la nueva joya del cine espa\u00f1ol\" src=\"http:\/\/hoycordobaweb.com\/wp-content\/uploads\/2023\/04\/maria-leon-es-madre-de-un-cabeza-rapada-en-el-trailer-de-el-hijo-zurdo-la-nueva-miniserie-del-cocreador-de-la-peste-para-movistar-plus.jpg\"> <\/a> <\/div><\/div><\/div>\n<\/div>\n<p>Junto a Le\u00f3n (a la que hemos visto hace nada en &#8216;<a href=\"https:\/\/www.espinof.com\/criticas\/heridas-abraza-melodrama-puro-remake-espanol-madre-aspira-a-replicar-exito-telenovela-que-arraso-japon-turquia\">Heridas<\/a>&#8216;) y Welzel, el reparto est\u00e1 formado por <strong>Tamara Casellas<\/strong> como Maru, <strong>Alberto Ruano<\/strong> como Rodrigo, <strong>Marisol Membrillo<\/strong> como Pilar, <strong>Numa Paredes<\/strong> como In\u00e9s y <strong>Germ\u00e1n Rueda<\/strong> como &#8216;Loco&#8217;.<\/p>\n<p><!-- BREAK 3 --><\/p>\n<p>Rafael Cobos guioniza y crea esta miniserie que adapta la novela hom\u00f3nima de Rosario Izquierdo. En la direcci\u00f3n le acompa\u00f1a Paco R. Ba\u00f1os, que dirige cuatro de los seis episodios de media hora cada uno que componen la ficci\u00f3n.<\/p>\n<p><!-- BREAK 4 --><\/p>\n<h2>Sinopsis y cartel de &#8216;El hijo zurdo&#8217;<\/h2>\n<div class=\"article-asset-image article-asset-large\">\n<div class=\"asset-content\">\n<div class=\"base-wrapper-image\"> <img class=\"sf-lazy \" src=\"http:\/\/hoycordobaweb.com\/wp-content\/uploads\/2023\/04\/maria-leon-es-madre-de-un-cabeza-rapada-en-el-trailer-de-el-hijo-zurdo-la-nueva-miniserie-del-cocreador-de-la-peste-para-movistar-plus.gif\" data-sf-srcset=\"http:\/\/hoycordobaweb.com\/wp-content\/uploads\/2023\/04\/maria-leon-es-madre-de-un-cabeza-rapada-en-el-trailer-de-el-hijo-zurdo-la-nueva-miniserie-del-cocreador-de-la-peste-para-movistar-plus-1.jpg 450w, http:\/\/hoycordobaweb.com\/wp-content\/uploads\/2023\/04\/maria-leon-es-madre-de-un-cabeza-rapada-en-el-trailer-de-el-hijo-zurdo-la-nueva-miniserie-del-cocreador-de-la-peste-para-movistar-plus-2.jpg 681w,http:\/\/hoycordobaweb.com\/wp-content\/uploads\/2023\/04\/maria-leon-es-madre-de-un-cabeza-rapada-en-el-trailer-de-el-hijo-zurdo-la-nueva-miniserie-del-cocreador-de-la-peste-para-movistar-plus-3.jpg 1024w, http:\/\/hoycordobaweb.com\/wp-content\/uploads\/2023\/04\/maria-leon-es-madre-de-un-cabeza-rapada-en-el-trailer-de-el-hijo-zurdo-la-nueva-miniserie-del-cocreador-de-la-peste-para-movistar-plus-4.jpg 1366w,\" data-sf-src=\"http:\/\/hoycordobaweb.com\/wp-content\/uploads\/2023\/04\/maria-leon-es-madre-de-un-cabeza-rapada-en-el-trailer-de-el-hijo-zurdo-la-nueva-miniserie-del-cocreador-de-la-peste-para-movistar-plus-1.jpg\" alt=\"El Hijo Zurdo 03 1 1 Scaled\"> <noscript><img alt=\"El Hijo Zurdo 03 1 1 Scaled\" class src=\"http:\/\/hoycordobaweb.com\/wp-content\/uploads\/2023\/04\/maria-leon-es-madre-de-un-cabeza-rapada-en-el-trailer-de-el-hijo-zurdo-la-nueva-miniserie-del-cocreador-de-la-peste-para-movistar-plus-1.jpg\"><\/noscript> <\/div><\/div>\n<\/div>\n<blockquote><p>Lola es zurda. Su hijo Lorenzo tambi\u00e9n. Tenemos la man\u00eda de decir que nuestros hijos tienen que parecerse a alguien. Como si quisi\u00e9ramos negar el descomunal acto de libertad que es nacer. Impidi\u00e9ndoles que rompan el cord\u00f3n. \u00bfA qui\u00e9n se parece el hijo zurdo que pega a los hijos de otras madres?<\/p><\/blockquote>\n<p>En Espinof | <a href=\"https:\/\/www.espinof.com\/listas\/mejores-series-2023\">Las mejores series de 2023<\/a><\/p>\n<p><!-- BREAK 5 --> <\/p>\n","protected":false},"excerpt":{"rendered":"<p>Probablemente uno de los proyectos m\u00e1s notorios de Movistar Plus para este 2023 es &#8216;El hijo zurdo&#8217;, la nueva miniserie de Rafael Cobos (cocreador de &#8216;La peste&#8216;) y que se estrena el 27 de abril en la plataforma tras competir en la secci\u00f3n de formato corto del Festival Canneseries. De esta manera, ya tenemos un [&hellip;]<\/p>\n","protected":false},"author":1,"featured_media":57790,"comment_status":"open","ping_status":"closed","sticky":false,"template":"","format":"standard","meta":[],"categories":[10],"tags":[],"_links":{"self":[{"href":"http:\/\/hoycordobaweb.com\/index.php\/wp-json\/wp\/v2\/posts\/57789"}],"collection":[{"href":"http:\/\/hoycordobaweb.com\/index.php\/wp-json\/wp\/v2\/posts"}],"about":[{"href":"http:\/\/hoycordobaweb.com\/index.php\/wp-json\/wp\/v2\/types\/post"}],"author":[{"embeddable":true,"href":"http:\/\/hoycordobaweb.com\/index.php\/wp-json\/wp\/v2\/users\/1"}],"replies":[{"embeddable":true,"href":"http:\/\/hoycordobaweb.com\/index.php\/wp-json\/wp\/v2\/comments?post=57789"}],"version-history":[{"count":0,"href":"http:\/\/hoycordobaweb.com\/index.php\/wp-json\/wp\/v2\/posts\/57789\/revisions"}],"wp:featuredmedia":[{"embeddable":true,"href":"http:\/\/hoycordobaweb.com\/index.php\/wp-json\/wp\/v2\/media\/57790"}],"wp:attachment":[{"href":"http:\/\/hoycordobaweb.com\/index.php\/wp-json\/wp\/v2\/media?parent=57789"}],"wp:term":[{"taxonomy":"category","embeddable":true,"href":"http:\/\/hoycordobaweb.com\/index.php\/wp-json\/wp\/v2\/categories?post=57789"},{"taxonomy":"post_tag","embeddable":true,"href":"http:\/\/hoycordobaweb.com\/index.php\/wp-json\/wp\/v2\/tags?post=57789"}],"curies":[{"name":"wp","href":"https:\/\/api.w.org\/{rel}","templated":true}]}}